{"id":580086,"date":"2025-12-05T15:00:44","date_gmt":"2025-12-05T15:00:44","guid":{"rendered":"https:\/\/www.europesays.com\/fr\/580086\/"},"modified":"2025-12-05T15:00:44","modified_gmt":"2025-12-05T15:00:44","slug":"reunion-publique-lundi-soir-sur-la-laicite-avec-le-candidat-pierre-edouard-cardinal","status":"publish","type":"post","link":"https:\/\/www.europesays.com\/fr\/580086\/","title":{"rendered":"r\u00e9union publique lundi soir sur la la\u00efcit\u00e9 avec le candidat Pierre-\u00c9douard Cardinal"},"content":{"rendered":"<p>\u00c0 l\u2019occasion du 120e anniversaire de la loi du 9\u00a0d\u00e9cembre 1905 portant sur la s\u00e9paration des \u00c9glises et de l\u2019\u00c9tat, Pierre-\u00c9douard Cardinal et l\u2019\u00e9quipe de \u201cGrenoble, <a href=\"https:\/\/www.ledauphine.com\/elections\/2025\/11\/14\/isere-municipales-2026-a-grenoble-quelle-est-cette-liste-menee-par-pierre-edouard-cardinal-candidat-surprise\" target=\"_blank\" rel=\"noopener\"> la belle ambition\u00a0!\u201d<\/a> , en lice pour les \u00e9lections municipales de mars\u00a02026, organisent une soir\u00e9e d\u2019\u00e9changes, ouverte au public, le lundi 8\u00a0d\u00e9cembre \u00e0 18\u00a0heures, au local de campagne situ\u00e9 16 rue de Sault. L\u2019invitation dit\u00a0: \u201cCet \u00e9v\u00e9nement proposera un regard crois\u00e9 d\u2019une juriste et d\u2019un historien pour \u00e9clairer les enjeux contemporains de la la\u00efcit\u00e9, rappeler les principes fondateurs de la loi de 1905 et discuter de la mani\u00e8re dont les collectivit\u00e9s peuvent, \u00e0 leur \u00e9chelle, garantir ce cadre essentiel \u00e0 la coh\u00e9sion r\u00e9publicaine. \u00c0 un moment o\u00f9 la la\u00efcit\u00e9 fait l\u2019objet de d\u00e9bats, d\u2019incompr\u00e9hensions et parfois d\u2019instrumentalisations, \u201cGrenoble, la belle ambition\u00a0!\u201d souhaite offrir un espace de p\u00e9dagogie, de r\u00e9flexion et de dialogue.\u201d<\/p>\n","protected":false},"excerpt":{"rendered":"\u00c0 l\u2019occasion du 120e anniversaire de la loi du 9\u00a0d\u00e9cembre 1905 portant sur la s\u00e9paration des \u00c9glises et&hellip;\n","protected":false},"author":2,"featured_media":580087,"comment_status":"","ping_status":"","sticky":false,"template":"","format":"standard","meta":{"footnotes":""},"categories":[9566],"tags":[1111,11,2430,112,4188,1777,674,1795,1011,27,2731,2732,108,12,316,25],"class_list":{"0":"post-580086","1":"post","2":"type-post","3":"status-publish","4":"format-standard","5":"has-post-thumbnail","7":"category-grenoble","8":"tag-actu","9":"tag-actualites","10":"tag-auvergne-rhone-alpes","11":"tag-edition-grenoble-agglomeration","12":"tag-elections-municipales","13":"tag-eu","14":"tag-europe","15":"tag-fil-web","16":"tag-fr","17":"tag-france","18":"tag-grenoble","19":"tag-grenoble-bassin","20":"tag-isere","21":"tag-news","22":"tag-politique","23":"tag-republique-francaise"},"share_on_mastodon":{"url":"https:\/\/pubeurope.com\/@fr\/115667561468664465","error":""},"_links":{"self":[{"href":"https:\/\/www.europesays.com\/fr\/wp-json\/wp\/v2\/posts\/580086","targetHints":{"allow":["GET"]}}],"collection":[{"href":"https:\/\/www.europesays.com\/fr\/wp-json\/wp\/v2\/posts"}],"about":[{"href":"https:\/\/www.europesays.com\/fr\/wp-json\/wp\/v2\/types\/post"}],"author":[{"embeddable":true,"href":"https:\/\/www.europesays.com\/fr\/wp-json\/wp\/v2\/users\/2"}],"replies":[{"embeddable":true,"href":"https:\/\/www.europesays.com\/fr\/wp-json\/wp\/v2\/comments?post=580086"}],"version-history":[{"count":0,"href":"https:\/\/www.europesays.com\/fr\/wp-json\/wp\/v2\/posts\/580086\/revisions"}],"wp:featuredmedia":[{"embeddable":true,"href":"https:\/\/www.europesays.com\/fr\/wp-json\/wp\/v2\/media\/580087"}],"wp:attachment":[{"href":"https:\/\/www.europesays.com\/fr\/wp-json\/wp\/v2\/media?parent=580086"}],"wp:term":[{"taxonomy":"category","embeddable":true,"href":"https:\/\/www.europesays.com\/fr\/wp-json\/wp\/v2\/categories?post=580086"},{"taxonomy":"post_tag","embeddable":true,"href":"https:\/\/www.europesays.com\/fr\/wp-json\/wp\/v2\/tags?post=580086"}],"curies":[{"name":"wp","href":"https:\/\/api.w.org\/{rel}","templated":true}]}}