{"id":580088,"date":"2025-12-05T15:02:12","date_gmt":"2025-12-05T15:02:12","guid":{"rendered":"https:\/\/www.europesays.com\/fr\/580088\/"},"modified":"2025-12-05T15:02:12","modified_gmt":"2025-12-05T15:02:12","slug":"pres-de-rennes-le-groupe-kertrucks-en-passe-detre-repris-a-100-par-emil-frey-france","status":"publish","type":"post","link":"https:\/\/www.europesays.com\/fr\/580088\/","title":{"rendered":"Pr\u00e8s de Rennes, le groupe Kertrucks en passe d\u2019\u00eatre repris \u00e0 100\u00a0% par Emil Frey France"},"content":{"rendered":"<p>Le groupe breton Kertrucks, sp\u00e9cialiste dans la distribution de v\u00e9hicules industriels et utilitaires, va basculer plus rapidement que pr\u00e9vu dans le giron du poids lourd de la distribution automobile Emil Frey France.<\/p>\n<p>En mars 2023, cette filiale du groupe suisse Emil Frey avait annonc\u00e9 son intention de prendre 35 % du capital de Kertrucks, dont le si\u00e8ge est install\u00e9 \u00e0 Chartres-de-Bretagne (35), au sud de Rennes (1 100 salari\u00e9s et 408 M\u20ac de chiffre d\u2019affaires). L\u2019op\u00e9ration pr\u00e9voyait une mont\u00e9e progressive au capital dans le but d&rsquo;atteindre les 100 % d\u2019ici cinq ans, soit 2028.<\/p>\n<p>Sauf que depuis cette annonce, Emil Frey France a encha\u00een\u00e9 trois acquisitions sur un autre march\u00e9 destin\u00e9 aux professionnels, le machinisme agricole : <a href=\"https:\/\/www.letelegramme.fr\/economie\/agri-agro\/materiel-agricole-emil-frey-reprend-le-groupe-breton-bretagri-6520589.php\" target=\"_blank\" rel=\"noopener\">Bretagri<\/a> et Gabagri, en Bretagne, en 2024, et Douillet, en Mayenne, en f\u00e9vrier dernier.<\/p>\n<p>Pour rationaliser le tout, le groupe a d\u00e9cid\u00e9 de rassembler ces trois entreprises ainsi que Kertrucks au sein d\u2019une branche d\u00e9di\u00e9e. Une annonce faite dans un communiqu\u00e9 diffus\u00e9 le 2 d\u00e9cembre, o\u00f9 Emil Frey France indique \u00e9galement que \u00ab pour mener \u00e0 bien ce projet ambitieux et sous r\u00e9serve des autorisations administratives \u00bb, il va acc\u00e9l\u00e9rer sa mont\u00e9e au capital de Kertrucks pour d\u00e9tenir l\u2019ensemble de l\u2019entreprise \u00ab au premier semestre 2026 \u00bb. Soit avec deux ans d\u2019avance sur le plan initial.<\/p>\n<p>Les patrons de Kertrucks restent<\/p>\n<p>La nouvelle branche sera pilot\u00e9e, \u00e0 compter du 1er f\u00e9vrier, par Christophe Deshayes, actuellement \u00e0 la t\u00eate des activit\u00e9s europ\u00e9ennes de Renault Trucks.<\/p>\n<p><img decoding=\"async\" src=\"https:\/\/www.europesays.com\/fr\/wp-content\/uploads\/2025\/12\/6932c688341da960f00e84d5.1.jpeg\" width=\"480\" height=\"300\" class=\"web_golden_m\" loading=\"lazy\" alt=\"Christophe Deshayes, futur patron de la branche v\u00e9hicules industriels et machinisme agricole d\u2019Emil Frey France.\"\/>Christophe Deshayes, futur patron de la branche v\u00e9hicules industriels et machinisme agricole d\u2019Emil Frey France. (Photo fournie par Emil Frey France)<\/p>\n<p>Emil Frey France pr\u00e9cise que les fondateurs et dirigeant de Kertrucks, Patrick Ronsin et Jean-Fran\u00e7ois Auger, resteront \u00ab pleinement engag\u00e9s dans [le] nouvel ensemble, o\u00f9 ils mettront \u00e0 profit leur expertise reconnue et contribueront activement \u00e0 son d\u00e9veloppement \u00bb. \u00c9ric G\u00e9rard conserve quant \u00e0 lui \u00e0 la t\u00eate des activit\u00e9s agricoles. La nouvelle branche comptera 1 600 salari\u00e9s pour un chiffre d\u2019affaires consolid\u00e9 de 680 M\u20ac. Gr\u00e2ce \u00e0 des synergies et au d\u00e9veloppement des op\u00e9rations, elle esp\u00e8re rapidement monter \u00e0 800 M\u20ac et s\u2019imposer comme \u00ab un acteur de r\u00e9f\u00e9rence \u00bb.<\/p>\n","protected":false},"excerpt":{"rendered":"Le groupe breton Kertrucks, sp\u00e9cialiste dans la distribution de v\u00e9hicules industriels et utilitaires, va basculer plus rapidement que&hellip;\n","protected":false},"author":2,"featured_media":580089,"comment_status":"","ping_status":"","sticky":false,"template":"","format":"standard","meta":{"footnotes":""},"categories":[2821],"tags":[1111,11,829,33,257,1777,674,1011,27,848,12,584,25],"class_list":{"0":"post-580088","1":"post","2":"type-post","3":"status-publish","4":"format-standard","5":"has-post-thumbnail","7":"category-rennes","8":"tag-actu","9":"tag-actualites","10":"tag-bretagne","11":"tag-economie","12":"tag-entreprise","13":"tag-eu","14":"tag-europe","15":"tag-fr","16":"tag-france","17":"tag-ille-et-vilaine","18":"tag-news","19":"tag-rennes","20":"tag-republique-francaise"},"share_on_mastodon":{"url":"https:\/\/pubeurope.com\/@fr\/115667570409107268","error":""},"_links":{"self":[{"href":"https:\/\/www.europesays.com\/fr\/wp-json\/wp\/v2\/posts\/580088","targetHints":{"allow":["GET"]}}],"collection":[{"href":"https:\/\/www.europesays.com\/fr\/wp-json\/wp\/v2\/posts"}],"about":[{"href":"https:\/\/www.europesays.com\/fr\/wp-json\/wp\/v2\/types\/post"}],"author":[{"embeddable":true,"href":"https:\/\/www.europesays.com\/fr\/wp-json\/wp\/v2\/users\/2"}],"replies":[{"embeddable":true,"href":"https:\/\/www.europesays.com\/fr\/wp-json\/wp\/v2\/comments?post=580088"}],"version-history":[{"count":0,"href":"https:\/\/www.europesays.com\/fr\/wp-json\/wp\/v2\/posts\/580088\/revisions"}],"wp:featuredmedia":[{"embeddable":true,"href":"https:\/\/www.europesays.com\/fr\/wp-json\/wp\/v2\/media\/580089"}],"wp:attachment":[{"href":"https:\/\/www.europesays.com\/fr\/wp-json\/wp\/v2\/media?parent=580088"}],"wp:term":[{"taxonomy":"category","embeddable":true,"href":"https:\/\/www.europesays.com\/fr\/wp-json\/wp\/v2\/categories?post=580088"},{"taxonomy":"post_tag","embeddable":true,"href":"https:\/\/www.europesays.com\/fr\/wp-json\/wp\/v2\/tags?post=580088"}],"curies":[{"name":"wp","href":"https:\/\/api.w.org\/{rel}","templated":true}]}}