{"id":580090,"date":"2025-12-05T15:03:10","date_gmt":"2025-12-05T15:03:10","guid":{"rendered":"https:\/\/www.europesays.com\/fr\/580090\/"},"modified":"2025-12-05T15:03:10","modified_gmt":"2025-12-05T15:03:10","slug":"marches-de-noel-fete-foraine-trans-musicales-que-faire-a-rennes-ce-week-end-voici-nos-idees-de-sorties","status":"publish","type":"post","link":"https:\/\/www.europesays.com\/fr\/580090\/","title":{"rendered":"March\u00e9s de No\u00ebl, f\u00eate foraine, Trans Musicales&#8230; Que faire \u00e0 Rennes ce week-end ? Voici nos id\u00e9es de sorties"},"content":{"rendered":"<p>                    Par<br \/>\n        <strong><br \/>\n            <a href=\"https:\/\/actu.fr\/auteur\/redaction-rennes\" title=\"Consulter tous les articles de R\u00e9daction Rennes\" target=\"_blank\" rel=\"noopener\">R\u00e9daction Rennes<\/a><br \/>\n                    <\/strong><\/p>\n<p>        Publi\u00e9 le<\/p>\n<p>            5 d\u00e9c. 2025 \u00e0 15h53        <\/p>\n<p>En ce premier week-end de d\u00e9cembre, les f\u00eates de fin d\u2019ann\u00e9e sont dans toutes les t\u00eates. Et <strong>les march\u00e9s <\/strong>de <a href=\"https:\/\/actu.fr\/tag\/noel-a-rennes\" target=\"_blank\" rel=\"noopener\">No\u00ebl<\/a> ont ouvert leurs portes \u00e0 Rennes. L\u2019occasion d\u2019aller y faire un tour. Mais ce seront<strong> loin d\u2019\u00eatre les seules activit\u00e9s<\/strong> propos\u00e9es ces samedi\u00a06 et dimanche 7\u00a0d\u00e9cembre 2025. Alors, suivez le guide d\u2019<a href=\"https:\/\/actu.fr\/rennes\/\" target=\"_blank\" rel=\"noopener\">actu Rennes<\/a> pour vous divertir ces prochains jours.<\/p>\n<p>Tout ce que vous pouvez faire autour de la f\u00e9erie de No\u00ebl<\/p>\n<p class=\" wall-content\">Il est ouvert depuis d\u00e9j\u00e0 deux semaines, le <a href=\"https:\/\/actu.fr\/bretagne\/rennes_35238\/le-marche-de-noel-s-installe-sur-le-mail-francois-mitterrand-date-horaires-ce-qu-il-faut-retenir_63445545.html\" target=\"_blank\" rel=\"noopener\">march\u00e9 de No\u00ebl, sur le mail Fran\u00e7ois-Mitterrand,<\/a> vous accueille avec ses diff\u00e9rents stands et sa grande roue, de 10h \u00e0 22h vendredi et samedi, et jusqu\u2019\u00e0 20h30 dimanche.<\/p>\n<p class=\" wall-content\">Du c\u00f4t\u00e9 des autres march\u00e9s, vous pouvez vous rendre \u00e0 celui des <strong>cr\u00e9ateurs et artisans d\u2019art locaux,<\/strong> place Hoche, o\u00f9 pr\u00e8s de 50\u00a0exposants sont install\u00e9s. Il est ouvert de 10h \u00e0 19h chaque jour.<\/p>\n<p class=\" wall-content\">Entre-temps, vous pourrez faire une pause au<strong> village de No\u00ebl, de 12h \u00e0 21h, sur la place du Parlement,<\/strong> o\u00f9 le grand sapin de No\u00ebl est install\u00e9. Sur la place Saint-Germain, une nouvelle sc\u00e9nographie de No\u00ebl est mise en place.<\/p>\n<p class=\" wall-content\">Entre tous ces lieux, des illuminations, compos\u00e9es de 1\u2009000 d\u00e9cors et 10\u00a0km de guirlandes, d\u00e9corent les rues de Rennes, en particulier dans le centre-ville.<\/p>\n<p>La cit\u00e9-ateliers Pierre-Louail ouvre ses portes<\/p>\n<p class=\" wall-content\">Dans le cadre de la programmation hivernale de la Ville, la Cit\u00e9-ateliers Pierre Louail, au <strong>15, boulevard Franklin-Roosevelt,<\/strong> entre les quartiers Sud-Gare et Le Blosne, ouvre ce week-end.<\/p>\n<p class=\" wall-content\">Artisans et artisanes d\u2019art et leur quinzaine d\u2019invit\u00e9s et d\u2019invit\u00e9es vous proposeront de nombreuses cr\u00e9ations (c\u00e9ramique, cr\u00e9ation textile, bijoux, luminaires, accessoires, illustrations, bois, vannerie, verre\u2026)<strong>, samedi, de 10h \u00e0 19h, et dimanche, de 10h \u00e0 18h<\/strong>. Restauration et buvette sur place.<\/p>\n<p>Votre r\u00e9gion, votre actu !<\/p>\n<p>Recevez chaque jour les infos qui comptent pour vous.<\/p>\n<p>\t<a href=\"https:\/\/actu.fr\/newsletter\" class=\"ac-btn ac-btn--corner ac-btn--medium ac-btn--blue800\" target=\"_blank\" rel=\"noopener\">S&rsquo;incrire<\/a><br \/>\nFoire d\u2019hiver<\/p>\n<p class=\" wall-content\">L\u2019odeur des chichis, les lumi\u00e8res \u00e9tincelantes, les cris ou \u00e9clats de rires\u2026 \u00c0 Rennes, la Foire d\u2019hiver avec sa <a href=\"https:\/\/actu.fr\/tag\/fete-foraine\" target=\"_blank\" rel=\"noopener\">f\u00eate foraine<\/a>\u00a0fait son\u00a0<strong>grand retour<\/strong>\u00a0comme chaque fin d\u2019ann\u00e9e sur l\u2019<strong>esplanade Charles-de-Gaulle<\/strong>. Voici tout ce que vous devez savoir sur\u00a0l\u2019\u00e9v\u00e9nement gr\u00e2ce \u00e0 notre article ci-dessous.<\/p>\n<p>Trans Musicales<\/p>\n<p class=\" wall-content\">Jusqu\u2019\u00e0 dimanche au petit matin, le <strong>festival Trans Musicales 2025<\/strong> offre la possibilit\u00e9 au public de<strong> faire un tour du monde de la musique actuelle<\/strong>, et de d\u00e9couvrir de nombreux artistes qui deviendront s\u00fbrement des t\u00eates d\u2019affiche. <strong>\u00c0 l\u2019image de Stromae,<\/strong> en 2009, accueilli alors qu\u2019il venait juste de sortir son premier titre iconique Alors on danse.<\/p>\n<p class=\" wall-content\">Retrouvez <a href=\"https:\/\/actu.fr\/bretagne\/rennes_35238\/trans-musicales-2025-a-rennes-manu-le-malin-odoneila-la-nina-la-programmation-de-la-47e-edition_63169650.html\" target=\"_blank\" rel=\"noopener\">notre article d\u00e9di\u00e9 \u00e0 l\u2019\u00e9v\u00e9nement ici<\/a>.<\/p>\n<p>Bars en Trans<\/p>\n<p class=\" wall-content\">En parall\u00e8le des Trans Musicales, la 31\u1d49 \u00e9dition du festival Bars en Trans d\u00e9di\u00e9 aux groupes explore les horizons musicaux de la nouvelle sc\u00e8ne fran\u00e7aise. Il accueille 97 groupes et se d\u00e9roule jusqu\u2019\u00e0 samedi dans 12 lieux du centre-ville de la capitale bretonne.<\/p>\n<p class=\" wall-content\"><a href=\"https:\/\/actu.fr\/bretagne\/rennes_35238\/festival-bars-en-trans-2025-97-groupes-12-lieux-3-jours-voici-tout-ce-que-vous-devez-savoir_63524513.html\" target=\"_blank\" rel=\"noopener\">Plus d\u2019infos dans notre article d\u00e9di\u00e9<\/a>.<\/p>\n<p>\u00ab\u2009Les p\u00e2tes, c\u2019est la vie\u2009!\u2009\u00bb<\/p>\n<p class=\" wall-content\">Apr\u00e8s vous \u00eatre d\u00e9foul\u00e9s devant les nombreuses sc\u00e8nes musicales, que diriez-vous de d\u00e9guster un bon plat de p\u00e2tes au <strong>restaurant Origines, \u00e0 l\u2019H\u00f4tel-Dieu ?<\/strong>\u00a0L\u2019\u00e9quipe a d\u00e9cid\u00e9 de proposer un <strong>week-end durant lequel le menu est uniquement consacr\u00e9 aux p\u00e2tes<\/strong> sous toutes ses formes et \u00e0 toutes les sauces\u2009: ravioles, gyoza, agnolotti, tagliatelle, nouilles\u2026<\/p>\n<p>    <a href=\"https:\/\/www.facebook.com\/plugins\/post.php?href=https%3A%2F%2Fwww.facebook.com%2FOriginesRennes%2Fposts%2Fpfbid02uS5wTAbT9XB9KtrscmvwFLzJSpqCGSkdnCcsKBCciwuqgSHs3gYB5GwPsLhv18hLl&amp;show_text=true&amp;width=350\" title=\"Ouvrie le lien\" target=\"_blank\" rel=\"noopener\">Cliquez ici pour visualiser le contenu<\/a><\/p>\n<p class=\" wall-content\">Qui dit p\u00e2tes, dit <strong>farine<\/strong>\u2026 Alors sachez qu\u2019ici, elle est <strong>fournie par l\u2019artisan meunier Le Moulin de Champcors, \u00e0 Bruz,<\/strong> sp\u00e9cialis\u00e9 dans la fabrication de farines issues de l\u2019agriculture raisonn\u00e9e et bio.<\/p>\n<p class=\" wall-content\"><a href=\"https:\/\/origines-rennes.fr\/?fbclid=IwY2xjawOflbdleHRuA2FlbQIxMABicmlkETFDUldTU0tGY0FJWlI1SUF5c3J0YwZhcHBfaWQQMjIyMDM5MTc4ODIwMDg5MgABHowsroeeIoPV9FzIYe7-dyKWWczrde3tN-kv5tQGCNTrMQ2waZx8AItVG4B0_aem_BakGATyJY-uyYq0XQ5CSYA\" target=\"_blank\" rel=\"noopener\">R\u00e9servation conseill\u00e9e<\/a>.<\/p>\n<p>March\u00e9 de producteurs locaux<\/p>\n<p class=\" wall-content\">Dimanche 7\u00a0d\u00e9cembre, un march\u00e9 avec une quinzaine de producteurs locaux se tiendra \u00e0 <strong>l\u2019\u00e9comus\u00e9e de la Bintinais<\/strong>. Des saveurs incomparables \u00e0 tester pour garnir vos tables des f\u00eates.<\/p>\n<p class=\" wall-content\">Les visiteurs y trouveront <strong>des saveurs uniques\u2009<\/strong>: Coucou de Rennes et sa chair au go\u00fbt<br \/>de noisette, beurre de la Froment de L\u00e9on pl\u00e9biscit\u00e9 par le chef Roellinger, l\u00e9gumes de<br \/>saison\u2026 De quoi commencer \u00e0 imaginer les tables de fin d\u2019ann\u00e9e, tout en trouvant des<br \/>id\u00e9es de cadeaux\u2009: confitures et miels, plants de nos p\u00e9pini\u00e9ristes, v\u00eatements en laine de<br \/>mouton d\u2019Ouessant pour affronter l\u2019hiver, etc.<\/p>\n<p class=\" wall-content\"><a href=\"https:\/\/www.instagram.com\/p\/DRunrS_DyFx\/embed\" title=\"Ouvrir le lien sur Instagram\" target=\"_blank\" rel=\"noopener\">Visualiser le contenu sur Instagram<\/a><\/p>\n<p class=\" wall-content\">Pour les plus impatients, il sera<strong> possible de d\u00e9guster<\/strong> les achats sur place, dans une atmosph\u00e8re chaleureuse et conviviale.<\/p>\n<p class=\" wall-content\">Sp\u00e9cificit\u00e9s de cette \u00e9dition 2025\u2009: une <strong>s\u00e9ance de cin\u00e9ma unique consacr\u00e9e au pain.<\/strong><br \/>Laissez-vous guider par les odeurs de pain frais et <strong>d\u00e9couvrez les gestes de fabrication du <\/strong><strong>pain<\/strong> par un artisan (Ferme de la Pianchette).<\/p>\n<p class=\" wall-content\">Des<strong> animations autour du \u00ab\u2009conte de la poule Coucou\u2009\u00bb<\/strong> sont pr\u00e9vues \u00e0 14h30, 15h30 et 16h.<\/p>\n<p>De 14h \u00e0 18h. Entr\u00e9e gratuite.<\/p>\n<p>\u201cChristmas Gospel\u201d<\/p>\n<p class=\" wall-content\"><strong>L\u2019\u00e9glise Saint-Augustin<\/strong>, entre les quartiers Maurepas, Jeanne-d\u2019Arc et Beaulieu, va r\u00e9sonner aux sons du Gospel \u00e0 l\u2019approche de No\u00ebl, <strong>dimanche 7\u00a0d\u00e9cembre, \u00e0 15h30 et 18h<\/strong> (le cr\u00e9neau de 15h30 est d\u00e9j\u00e0 complet). Un concert de 70\u00a0voix \u2013 trois chorales dirig\u00e9es par la chanteuse et cheffe de ch\u0153ur Sony Pin\u00e7on \u2013 r\u00e9unies autour des plus beaux chants Negro Spiritual et Gospel Songs de No\u00ebl.<\/p>\n<p>    <a href=\"https:\/\/www.facebook.com\/plugins\/video.php?height=476&amp;href=https%3A%2F%2Fwww.facebook.com%2Freel%2F1251407596825606%2F&amp;show_text=true&amp;width=350&amp;t=0\" title=\"Ouvrie le lien\" target=\"_blank\" rel=\"noopener\">Cliquez ici pour visualiser le contenu<\/a><\/p>\n<p class=\" wall-content\">Les chorales Song of Freedom, SunnySide Gospel et Gospel Friends seront accompagn\u00e9es par le pianiste Edouard Leys.<\/p>\n<p>Tarifs\u2009: plein, 15\u00a0euros\u2009; enfant de 4 \u00e0 12\u00a0ans, 8\u00a0euros. <a href=\"https:\/\/l.facebook.com\/l.php?u=https%3A%2F%2Fmy.weezevent.com%2Fchristmas-gospel-2025%3Ffbclid%3DIwZXh0bgNhZW0CMTAAYnJpZBExQ1JXU1NLRmNBSVpSNUlBeXNydGMGYXBwX2lkEDIyMjAzOTE3ODgyMDA4OTIAAR6nxTkx2YX_EYNCD11qoDQw7dk7NhMqbu_nmhxFSVsgQCAVoIyARdXPj4TDTw_aem__vnpOJatMmHLzvbi6_p7XA&amp;h=AT0DlzdJw4iVnX9I4o-zcWBLM-j7ofo0iFbFyzutiBRqUxr6gulRKdPMEBsQohaYzVx08Qr_cLsbu5NWESaM5jenJSGFHVdOGI_3a7qBBfjT4xMI4Ltl4Oi2e8SgkcDxbLJIA9h98e95gGXS&amp;__tn__=q&amp;c%5B0%5D=AT2QqgX5BgcqczUb_S53Do0PCHzwluhxK3h2WIiPMTBwi56kqOK_D--pOhhEwghoFdAYAYafSaidMgiimzdQHS-otmz_635j6ggN971ENSRWRitEU4cjcU2ay8HvGVohRrsoo0V6mm3Zt6MOYfbKW1xYbXmQjHFk7gU\" target=\"_blank\" rel=\"noopener\">Billetterie en ligne<\/a>. 10, rue Mirabeau.<\/p>\n<p class=\" wall-content\">Personnalisez votre actualit\u00e9 en ajoutant vos villes et m\u00e9dias en favori avec <a href=\"https:\/\/moncompte.actu.fr\" title=\"D\u00e9couvez Mon Actu\" rel=\"nofollow noopener\" data-trk=\"{&quot;cta&quot;:{&quot;action&quot;:&quot;https:\\\/\\\/moncompte.actu.fr&quot;,&quot;category&quot;:&quot;mon compte&quot;,&quot;from&quot;:&quot;article footer&quot;,&quot;name&quot;:&quot;Mon actu&quot;,&quot;type&quot;:&quot;cta&quot;}}\" target=\"_blank\">Mon Actu<\/a>.<\/p>\n<p>                    <script async src=\"\/\/www.instagram.com\/embed.js\"><\/script><\/p>\n","protected":false},"excerpt":{"rendered":"Par R\u00e9daction Rennes Publi\u00e9 le 5 d\u00e9c. 2025 \u00e0 15h53 En ce premier week-end de d\u00e9cembre, les f\u00eates&hellip;\n","protected":false},"author":2,"featured_media":580091,"comment_status":"","ping_status":"","sticky":false,"template":"","format":"standard","meta":{"footnotes":""},"categories":[2821],"tags":[1111,11,1063,829,1697,1777,674,1011,27,1652,12,57084,584,25],"class_list":{"0":"post-580090","1":"post","2":"type-post","3":"status-publish","4":"format-standard","5":"has-post-thumbnail","7":"category-rennes","8":"tag-actu","9":"tag-actualites","10":"tag-animations","11":"tag-bretagne","12":"tag-concert","13":"tag-eu","14":"tag-europe","15":"tag-fr","16":"tag-france","17":"tag-loisirs-culture","18":"tag-news","19":"tag-noel-a-rennes","20":"tag-rennes","21":"tag-republique-francaise"},"share_on_mastodon":{"url":"https:\/\/pubeurope.com\/@fr\/115667573429893154","error":""},"_links":{"self":[{"href":"https:\/\/www.europesays.com\/fr\/wp-json\/wp\/v2\/posts\/580090","targetHints":{"allow":["GET"]}}],"collection":[{"href":"https:\/\/www.europesays.com\/fr\/wp-json\/wp\/v2\/posts"}],"about":[{"href":"https:\/\/www.europesays.com\/fr\/wp-json\/wp\/v2\/types\/post"}],"author":[{"embeddable":true,"href":"https:\/\/www.europesays.com\/fr\/wp-json\/wp\/v2\/users\/2"}],"replies":[{"embeddable":true,"href":"https:\/\/www.europesays.com\/fr\/wp-json\/wp\/v2\/comments?post=580090"}],"version-history":[{"count":0,"href":"https:\/\/www.europesays.com\/fr\/wp-json\/wp\/v2\/posts\/580090\/revisions"}],"wp:featuredmedia":[{"embeddable":true,"href":"https:\/\/www.europesays.com\/fr\/wp-json\/wp\/v2\/media\/580091"}],"wp:attachment":[{"href":"https:\/\/www.europesays.com\/fr\/wp-json\/wp\/v2\/media?parent=580090"}],"wp:term":[{"taxonomy":"category","embeddable":true,"href":"https:\/\/www.europesays.com\/fr\/wp-json\/wp\/v2\/categories?post=580090"},{"taxonomy":"post_tag","embeddable":true,"href":"https:\/\/www.europesays.com\/fr\/wp-json\/wp\/v2\/tags?post=580090"}],"curies":[{"name":"wp","href":"https:\/\/api.w.org\/{rel}","templated":true}]}}