{"id":580094,"date":"2025-12-05T15:05:20","date_gmt":"2025-12-05T15:05:20","guid":{"rendered":"https:\/\/www.europesays.com\/fr\/580094\/"},"modified":"2025-12-05T15:05:20","modified_gmt":"2025-12-05T15:05:20","slug":"strasbourg-lextension-du-tram-ouest-deja-saturee-je-dois-souvent-laisser-passer-un-tram-avant-de-monter","status":"publish","type":"post","link":"https:\/\/www.europesays.com\/fr\/580094\/","title":{"rendered":"Strasbourg. L&rsquo;extension du tram ouest d\u00e9j\u00e0 satur\u00e9e ? \u00ab\u00a0Je dois souvent laisser passer un tram avant de monter\u00a0\u00bb"},"content":{"rendered":"<p>                    Par<br \/>\n        <strong><br \/>\n            <a href=\"https:\/\/actu.fr\/auteur\/thomas-blanc\" title=\"Consulter tous les articles de Thomas Blanc\" target=\"_blank\" rel=\"noopener\">Thomas Blanc<\/a><br \/>\n                    <\/strong><\/p>\n<p>        Publi\u00e9 le<\/p>\n<p>            5 d\u00e9c. 2025 \u00e0 15h13        <\/p>\n<p>L\u2019extension vers Wolfisheim<strong> de la ligne F du tram<\/strong> de <a href=\"https:\/\/actu.fr\/strasbourg\/\" target=\"_blank\" rel=\"noopener\">Strasbourg<\/a>, aussi appel\u00e9e <a href=\"https:\/\/actu.fr\/grand-est\/strasbourg_67482\/strasbourg-les-premiers-passagers-du-tram-ouest-deja-conquis-je-n-en-pouvais-plus-d-attendre-son-arrivee_63442512.html\" target=\"_blank\" rel=\"noopener\">tram ouest<\/a>, est en fonctionnement depuis <a href=\"https:\/\/actu.fr\/grand-est\/strasbourg_67482\/inauguration-du-tram-ouest-a-strasbourg-revivez-en-images-cette-matinee-inaugurale_63442235.html\" target=\"_blank\" rel=\"noopener\">le 15\u00a0novembre dernier<\/a>. Elle relie la station Comtes au P+R Henri Rendu \u00e0 l\u2019entr\u00e9e de Wolfisheim via\u00a0<strong>huit nouvelles stations<\/strong> \u00e0 Koenigshoffen, au Hohberg et \u00e0 Eckbolsheim. Les passagers de ce nouveau tron\u00e7on <strong>\u00e9tant nombreux<\/strong>, les habitudes de <a href=\"https:\/\/actu.fr\/tag\/transport\" target=\"_blank\" rel=\"noopener\">transport<\/a> ont \u00e9t\u00e9 modifi\u00e9es et cela ne fait pas que des heureux.<\/p>\n<p>\u00ab\u2009C\u2019est plus difficile pour nous de monter\u2009\u00bb<\/p>\n<p class=\" wall-content\">Il suffit de passer le matin aux alentours de 8h30 pr\u00e8s de la station Comtes, au d\u00e9but de la route des Romains, pour s\u2019en apercevoir : la fr\u00e9quentation de la ligne F <strong>a bien chang\u00e9<\/strong>. Avec son extension, l\u2019<a href=\"https:\/\/actu.fr\/tag\/eurometropole-de-strasbourg\" target=\"_blank\" rel=\"noopener\">Eurom\u00e9tropole de Strasbourg<\/a>\u00a0annon\u00e7ait une augmentation de la fr\u00e9quentation de 35\u2009% avec pr\u00e8s de <strong>39\u2009500 voyageurs par jour<\/strong> et ils se font d\u00e9j\u00e0 sentir.<\/p>\n<p class=\" wall-content\">Interrog\u00e9e sur le quai tr\u00e8s charg\u00e9 de la station Comtes, ancien terminus de la ligne, Carole, qui se rend dans le centre-ville pour prendre son poste de vendeuse, t\u00e9moigne\u2009: \u00ab\u2009Je dois r\u00e9guli\u00e8rement <strong>laisser passer un tram<\/strong> avant de pouvoir monter et plus le temps passe, plus c\u2019est fr\u00e9quent.\u2009\u00bb<\/p>\n<p class=\" wall-content\">\u00ab\u2009On est facilement <strong>une cinquantaine<\/strong> de personnes \u00e0 attendre le tram \u00e0 cet arr\u00eat \u00e0 certains moments. Quand le tram arrive d\u00e9j\u00e0 plein, c\u2019est <strong>plus difficile<\/strong> pour nous de monter\u2009\u00bb, confirme Tarik, 37\u00a0ans.<\/p>\n<p>Des tramways trop courts\u2009?<\/p>\n<p class=\" wall-content\">Sur <strong>les r\u00e9seaux sociaux<\/strong>, une usag\u00e8re se plaignant des nouvelles conditions de transport sur la ligne F c\u00f4t\u00e9 ouest \u00e9crit\u2009qu\u2019il n\u2019y a, selon elle, pas assez de rames et que celles qui circulent sont trop courtes.<\/p>\n<p>    <a href=\"https:\/\/www.facebook.com\/plugins\/post.php?href=https%3A%2F%2Fwww.facebook.com%2Fanissa.sanysa%2Fposts%2Fpfbid02C4QqeiAUFBu36wV3vAzk9DQo3d3miuqkMV46qvyRYSUyxyyWCSyjL13yjYHhvFMnl&amp;show_text=true&amp;width=350\" title=\"Ouvrie le lien\" target=\"_blank\" rel=\"noopener\">Cliquez ici pour visualiser le contenu<\/a><\/p>\n<p>Votre r\u00e9gion, votre actu !<\/p>\n<p>Recevez chaque jour les infos qui comptent pour vous.<\/p>\n<p>\t<a href=\"https:\/\/actu.fr\/newsletter\" class=\"ac-btn ac-btn--corner ac-btn--medium ac-btn--blue800\" target=\"_blank\" rel=\"noopener\">S&rsquo;incrire<\/a><\/p>\n<p class=\" wall-content\">Contact\u00e9e, la <a href=\"https:\/\/actu.fr\/tag\/compagnie-des-transports-strasbourgeois-cts\" target=\"_blank\" rel=\"noopener\">Compagnie des transports strasbourgeois (CTS)<\/a> explique que cette situation est due au succ\u00e8s du nouveau tron\u00e7on et aussi \u00e0 la <strong>grande fr\u00e9quentation du P+R<\/strong> de Wolfisheim depuis sa mise en service.<\/p>\n<p class=\" wall-content\">Concernant le mat\u00e9riel roulant, \u00ab\u2009les rames <a href=\"https:\/\/actu.fr\/grand-est\/strasbourg_67482\/strasbourg-la-cts-presente-ses-nouveaux-trams-decouvrez-leurs-specificites_62771159.html\" target=\"_blank\" rel=\"noopener\">Citadis 3<\/a> [d\u2019une capacit\u00e9 de 290 places, NDLR] que nous commen\u00e7ons \u00e0 recevoir et mettre en service <strong>remplaceront \u00e0 terme l\u2019ensemble des Eurotrams<\/strong>\u2009\u00bb, rassure la CTS. Elle ajoute que \u00ab\u2009bien que notre offre ait pour autant d\u00e9j\u00e0 \u00e9t\u00e9 renforc\u00e9e sur cette ligne, nous suivons attentivement l\u2019\u00e9volution de cette fr\u00e9quentation et restons mobilis\u00e9s pour am\u00e9liorer le service\u2009\u00bb.<\/p>\n<p class=\" wall-content\">Personnalisez votre actualit\u00e9 en ajoutant vos villes et m\u00e9dias en favori avec <a href=\"https:\/\/moncompte.actu.fr\" title=\"D\u00e9couvez Mon Actu\" rel=\"nofollow noopener\" data-trk=\"{&quot;cta&quot;:{&quot;action&quot;:&quot;https:\\\/\\\/moncompte.actu.fr&quot;,&quot;category&quot;:&quot;mon compte&quot;,&quot;from&quot;:&quot;article footer&quot;,&quot;name&quot;:&quot;Mon actu&quot;,&quot;type&quot;:&quot;cta&quot;}}\" target=\"_blank\">Mon Actu<\/a>.<\/p>\n","protected":false},"excerpt":{"rendered":"Par Thomas Blanc Publi\u00e9 le 5 d\u00e9c. 2025 \u00e0 15h13 L\u2019extension vers Wolfisheim de la ligne F du&hellip;\n","protected":false},"author":2,"featured_media":580095,"comment_status":"","ping_status":"","sticky":false,"template":"","format":"standard","meta":{"footnotes":""},"categories":[2820],"tags":[1111,11,7344,1777,674,1011,27,775,12,25,104,640,16227,2803],"class_list":{"0":"post-580094","1":"post","2":"type-post","3":"status-publish","4":"format-standard","5":"has-post-thumbnail","7":"category-strasbourg","8":"tag-actu","9":"tag-actualites","10":"tag-compagnie-des-transports-strasbourgeois-cts","11":"tag-eu","12":"tag-europe","13":"tag-fr","14":"tag-france","15":"tag-grand-est","16":"tag-news","17":"tag-republique-francaise","18":"tag-societe","19":"tag-strasbourg","20":"tag-tram-ouest-strasbourg","21":"tag-transport"},"share_on_mastodon":{"url":"https:\/\/pubeurope.com\/@fr\/115667581429866289","error":""},"_links":{"self":[{"href":"https:\/\/www.europesays.com\/fr\/wp-json\/wp\/v2\/posts\/580094","targetHints":{"allow":["GET"]}}],"collection":[{"href":"https:\/\/www.europesays.com\/fr\/wp-json\/wp\/v2\/posts"}],"about":[{"href":"https:\/\/www.europesays.com\/fr\/wp-json\/wp\/v2\/types\/post"}],"author":[{"embeddable":true,"href":"https:\/\/www.europesays.com\/fr\/wp-json\/wp\/v2\/users\/2"}],"replies":[{"embeddable":true,"href":"https:\/\/www.europesays.com\/fr\/wp-json\/wp\/v2\/comments?post=580094"}],"version-history":[{"count":0,"href":"https:\/\/www.europesays.com\/fr\/wp-json\/wp\/v2\/posts\/580094\/revisions"}],"wp:featuredmedia":[{"embeddable":true,"href":"https:\/\/www.europesays.com\/fr\/wp-json\/wp\/v2\/media\/580095"}],"wp:attachment":[{"href":"https:\/\/www.europesays.com\/fr\/wp-json\/wp\/v2\/media?parent=580094"}],"wp:term":[{"taxonomy":"category","embeddable":true,"href":"https:\/\/www.europesays.com\/fr\/wp-json\/wp\/v2\/categories?post=580094"},{"taxonomy":"post_tag","embeddable":true,"href":"https:\/\/www.europesays.com\/fr\/wp-json\/wp\/v2\/tags?post=580094"}],"curies":[{"name":"wp","href":"https:\/\/api.w.org\/{rel}","templated":true}]}}