{"id":580098,"date":"2025-12-05T15:07:15","date_gmt":"2025-12-05T15:07:15","guid":{"rendered":"https:\/\/www.europesays.com\/fr\/580098\/"},"modified":"2025-12-05T15:07:15","modified_gmt":"2025-12-05T15:07:15","slug":"deux-commerces-lies-au-trafic-de-stupefiants-fermes-a-nice-sur-decision-du-prefet","status":"publish","type":"post","link":"https:\/\/www.europesays.com\/fr\/580098\/","title":{"rendered":"Deux commerces, li\u00e9s au trafic de stup\u00e9fiants, ferm\u00e9s \u00e0 Nice sur d\u00e9cision du pr\u00e9fet"},"content":{"rendered":"<p>\u00c0 la suite de deux contr\u00f4les, lors desquels plusieurs kilos de drogues ont \u00e9t\u00e9 retrouv\u00e9s, le pr\u00e9fet des Alpes-Maritimes a prononc\u00e9 la fermeture administrative temporaire d&rsquo;une pizzeria et d&rsquo;un commerce de d\u00e9tail.<\/p>\n<p>Deux commerces situ\u00e9s \u00e0 Nice ont \u00e9t\u00e9 <a href=\"https:\/\/www.bfmtv.com\/normandie\/rouen-une-fermeture-administrative-d-un-mois-pour-la-boite-de-nuit-le-so-club_AV-202501020277.html\" title=\"Rouen: une fermeture administrative d&#039;un mois pour la bo\u00eete de nuit le &quot;So Club&quot;\" class=\"internal_link\" target=\"_blank\" rel=\"noopener\">ferm\u00e9s administrativement de fa\u00e7on temporaire<\/a> par le pr\u00e9fet Laurent Hottiaux, a appris BFM Nice C\u00f4te d&rsquo;Azur de la part de la pr\u00e9fecture ce vendredi 5 d\u00e9cembre.<\/p>\n<p>Le premier, une pizzeria, a fait l&rsquo;objet d&rsquo;un contr\u00f4le qui a r\u00e9v\u00e9l\u00e9 la pr\u00e9sence de 3kg de stup\u00e9fiants sur place. Les policiers ont \u00e9galement constat\u00e9 \u00ab\u00a0l&rsquo;absence de denr\u00e9es alimentaires et un \u00e9tat de d\u00e9labrement g\u00e9n\u00e9ral de l\u2019\u00e9tablissement\u00a0\u00bb.<\/p>\n<p>Aucune \u00ab\u00a0activit\u00e9 r\u00e9elle\u00a0\u00bb de la pizzeria n&rsquo;a pu \u00eatre prouv\u00e9e. Le lieu a \u00e9t\u00e9 ferm\u00e9 pour une dur\u00e9e de trois mois par la pr\u00e9fecture.<\/p>\n<p>118kg d&rsquo;herbe de cannabis trouv\u00e9s dans un commerce<\/p>\n<p>Au sein de l&rsquo;autre magasin, un commerce de d\u00e9tail, \u00ab\u00a0un contr\u00f4le de la police nationale a permis de constater la pr\u00e9sence de 118 kg d\u2019herbe de cannabis\u00a0\u00bb. Une fermeture administrative de six mois a \u00e9t\u00e9 prononc\u00e9e, soit la dur\u00e9e maximale possible.<\/p>\n<p>\u00ab\u00a0D&rsquo;autres fermetures administratives de commerces seront prochainement prononc\u00e9es\u00a0\u00bb, indique le pr\u00e9fet des Alpes-Maritimes dans le communiqu\u00e9.<\/p>\n<p>Partager <\/p>\n","protected":false},"excerpt":{"rendered":"\u00c0 la suite de deux contr\u00f4les, lors desquels plusieurs kilos de drogues ont \u00e9t\u00e9 retrouv\u00e9s, le pr\u00e9fet des&hellip;\n","protected":false},"author":2,"featured_media":580099,"comment_status":"","ping_status":"","sticky":false,"template":"","format":"standard","meta":{"footnotes":""},"categories":[2819],"tags":[1111,11,1777,674,1011,27,12,2401,882,25],"class_list":{"0":"post-580098","1":"post","2":"type-post","3":"status-publish","4":"format-standard","5":"has-post-thumbnail","7":"category-nice","8":"tag-actu","9":"tag-actualites","10":"tag-eu","11":"tag-europe","12":"tag-fr","13":"tag-france","14":"tag-news","15":"tag-nice","16":"tag-provence-alpes-cote-dazur","17":"tag-republique-francaise"},"share_on_mastodon":{"url":"https:\/\/pubeurope.com\/@fr\/115667589400883489","error":""},"_links":{"self":[{"href":"https:\/\/www.europesays.com\/fr\/wp-json\/wp\/v2\/posts\/580098","targetHints":{"allow":["GET"]}}],"collection":[{"href":"https:\/\/www.europesays.com\/fr\/wp-json\/wp\/v2\/posts"}],"about":[{"href":"https:\/\/www.europesays.com\/fr\/wp-json\/wp\/v2\/types\/post"}],"author":[{"embeddable":true,"href":"https:\/\/www.europesays.com\/fr\/wp-json\/wp\/v2\/users\/2"}],"replies":[{"embeddable":true,"href":"https:\/\/www.europesays.com\/fr\/wp-json\/wp\/v2\/comments?post=580098"}],"version-history":[{"count":0,"href":"https:\/\/www.europesays.com\/fr\/wp-json\/wp\/v2\/posts\/580098\/revisions"}],"wp:featuredmedia":[{"embeddable":true,"href":"https:\/\/www.europesays.com\/fr\/wp-json\/wp\/v2\/media\/580099"}],"wp:attachment":[{"href":"https:\/\/www.europesays.com\/fr\/wp-json\/wp\/v2\/media?parent=580098"}],"wp:term":[{"taxonomy":"category","embeddable":true,"href":"https:\/\/www.europesays.com\/fr\/wp-json\/wp\/v2\/categories?post=580098"},{"taxonomy":"post_tag","embeddable":true,"href":"https:\/\/www.europesays.com\/fr\/wp-json\/wp\/v2\/tags?post=580098"}],"curies":[{"name":"wp","href":"https:\/\/api.w.org\/{rel}","templated":true}]}}