{"id":580112,"date":"2025-12-05T15:15:24","date_gmt":"2025-12-05T15:15:24","guid":{"rendered":"https:\/\/www.europesays.com\/fr\/580112\/"},"modified":"2025-12-05T15:15:24","modified_gmt":"2025-12-05T15:15:24","slug":"pourquoi-cette-affiche-de-la-15e-journee-est-diffusee-sur-bein-sports-et-pas-sur-ligue-1","status":"publish","type":"post","link":"https:\/\/www.europesays.com\/fr\/580112\/","title":{"rendered":"pourquoi cette affiche de la 15e journ\u00e9e est diffus\u00e9e sur beIN Sports et pas sur Ligue 1+"},"content":{"rendered":"<p>La subtilit\u00e9 n\u2019aura pas \u00e9chapp\u00e9 aux plus fid\u00e8les habitu\u00e9s des programmes t\u00e9l\u00e9. Pour les t\u00eates en l\u2019air ou ceux qui attendent le dernier moment avant d\u2019allumer leur t\u00e9l\u00e9, il n\u2019est pas encore trop tard pour \u00e9viter un coup de chaud inutile\u00a0: faites bien attention car <a href=\"https:\/\/www.laprovence.com\/article\/om\/1249412405757914\/om-de-lille-a-saint-gilles-les-olympiens-lancent-leur-conquete-du-nord\" target=\"_blank\" rel=\"noopener\">l\u2019affiche de ce vendredi soir entre Lille et l\u2019OM<\/a> ne sera pas retransmise sur le diffuseur habituel de cette tranche horaire.<\/p>\n<p>Alors, la cha\u00eene a demand\u00e9 que ce duel soit avanc\u00e9 au vendredi soir. Dans le contrat qui la lie \u00e0 la Ligue, il est stipul\u00e9 qu\u2019elle dispose de six jokers par saison pour demander un changement de case horaire. Avec ce Lille-OM, elle l\u2019utilise pour la deuxi\u00e8me fois depuis le d\u00e9but du championnat.<\/p>\n<p>Elle y avait d\u00e9j\u00e0 eu recours lors du match entre Lille et Lyon, disput\u00e9 le dimanche 28\u00a0septembre plut\u00f4t que la veille. Et le prochain sera brandi \u00e0 l\u2019occasion d\u2019un autre galop des Dogues, cette fois \u00e0 Paris. Il est avanc\u00e9 au vendredi 16\u00a0janvier.<\/p>\n","protected":false},"excerpt":{"rendered":"La subtilit\u00e9 n\u2019aura pas \u00e9chapp\u00e9 aux plus fid\u00e8les habitu\u00e9s des programmes t\u00e9l\u00e9. Pour les t\u00eates en l\u2019air ou&hellip;\n","protected":false},"author":2,"featured_media":580113,"comment_status":"","ping_status":"","sticky":false,"template":"","format":"standard","meta":{"footnotes":""},"categories":[2815],"tags":[16883,17,1111,11,2084,3477,932,1777,674,1011,27,811,3465,1307,16979,12,149,7555,25],"class_list":{"0":"post-580112","1":"post","2":"type-post","3":"status-publish","4":"format-standard","5":"has-post-thumbnail","7":"category-lille","8":"tag-15e","9":"tag-17","10":"tag-actu","11":"tag-actualites","12":"tag-affiche","13":"tag-cette","14":"tag-est","15":"tag-eu","16":"tag-europe","17":"tag-fr","18":"tag-france","19":"tag-hauts-de-france","20":"tag-journee","21":"tag-lille","22":"tag-lille-om","23":"tag-news","24":"tag-om","25":"tag-pourquoi","26":"tag-republique-francaise"},"share_on_mastodon":{"url":"https:\/\/pubeurope.com\/@fr\/115667620726075392","error":""},"_links":{"self":[{"href":"https:\/\/www.europesays.com\/fr\/wp-json\/wp\/v2\/posts\/580112","targetHints":{"allow":["GET"]}}],"collection":[{"href":"https:\/\/www.europesays.com\/fr\/wp-json\/wp\/v2\/posts"}],"about":[{"href":"https:\/\/www.europesays.com\/fr\/wp-json\/wp\/v2\/types\/post"}],"author":[{"embeddable":true,"href":"https:\/\/www.europesays.com\/fr\/wp-json\/wp\/v2\/users\/2"}],"replies":[{"embeddable":true,"href":"https:\/\/www.europesays.com\/fr\/wp-json\/wp\/v2\/comments?post=580112"}],"version-history":[{"count":0,"href":"https:\/\/www.europesays.com\/fr\/wp-json\/wp\/v2\/posts\/580112\/revisions"}],"wp:featuredmedia":[{"embeddable":true,"href":"https:\/\/www.europesays.com\/fr\/wp-json\/wp\/v2\/media\/580113"}],"wp:attachment":[{"href":"https:\/\/www.europesays.com\/fr\/wp-json\/wp\/v2\/media?parent=580112"}],"wp:term":[{"taxonomy":"category","embeddable":true,"href":"https:\/\/www.europesays.com\/fr\/wp-json\/wp\/v2\/categories?post=580112"},{"taxonomy":"post_tag","embeddable":true,"href":"https:\/\/www.europesays.com\/fr\/wp-json\/wp\/v2\/tags?post=580112"}],"curies":[{"name":"wp","href":"https:\/\/api.w.org\/{rel}","templated":true}]}}