{"id":580114,"date":"2025-12-05T15:16:13","date_gmt":"2025-12-05T15:16:13","guid":{"rendered":"https:\/\/www.europesays.com\/fr\/580114\/"},"modified":"2025-12-05T15:16:13","modified_gmt":"2025-12-05T15:16:13","slug":"marseille-bus-devies-circulation-et-stationnement-interdits-ce-quartier-boucle","status":"publish","type":"post","link":"https:\/\/www.europesays.com\/fr\/580114\/","title":{"rendered":"Marseille. Bus d\u00e9vi\u00e9s, circulation et stationnement interdits : ce quartier boucl\u00e9"},"content":{"rendered":"<p>                    Par<br \/>\n        <strong><br \/>\n            <a href=\"https:\/\/actu.fr\/auteur\/fabien-binacchi\" title=\"Consulter tous les articles de Fabien Binacchi\" target=\"_blank\" rel=\"noopener\">Fabien Binacchi<\/a><br \/>\n                    <\/strong><\/p>\n<p>        Publi\u00e9 le<\/p>\n<p>            5 d\u00e9c. 2025 \u00e0 15h39        <\/p>\n<p>C\u2019est un \u00e9v\u00e9nement pour <a href=\"https:\/\/actu.fr\/tag\/notre-dame-de-la-garde\" target=\"_blank\" rel=\"noopener\">la basilique Notre-Dame de la Garde\u2009<\/a>: les <a href=\"https:\/\/actu.fr\/tag\/travaux\" target=\"_blank\" rel=\"noopener\">travaux<\/a> de restauration de la \u00ab\u2009Bonne M\u00e8re\u2009\u00bb, enti\u00e8rement redor\u00e9e, sont achev\u00e9s. Une <a href=\"https:\/\/actu.fr\/provence-alpes-cote-d-azur\/marseille_13055\/marseille-ce-dj-tres-connu-s-installe-a-la-bonne-mere-pour-un-spectacle-xxl-voici-quand_63513190.html\" target=\"_blank\" rel=\"noopener\">journ\u00e9e de c\u00e9l\u00e9bration<\/a> est programm\u00e9e pour l\u2019occasion ce dimanche 7\u00a0d\u00e9cembre 2025. Avec des temps religieux et un spectacle g\u00e9ant en sons et lumi\u00e8res. Mais, attention, <strong>pour assurer la s\u00e9curit\u00e9 et le bon d\u00e9roulement de ces manifestations,<\/strong> des restrictions de circulation sont mises en place dans le 7e arrondissement de <a href=\"https:\/\/actu.fr\/marseille\/\" target=\"_blank\" rel=\"noopener\">Marseille.<\/a><\/p>\n<p>Une succession de manifestations<\/p>\n<p class=\" wall-content\">Apr\u00e8s une messe (15h30), une procession (17h) et la b\u00e9n\u00e9diction de <a href=\"https:\/\/actu.fr\/provence-alpes-cote-d-azur\/marseille_13055\/video-a-marseille-la-bonne-mere-retrouve-sa-dorure-un-travail-meticuleux_63114863.html\" target=\"_blank\" rel=\"noopener\">la statue de la Vierge \u00e0 l\u2019enfant redor\u00e9e<\/a> (18h) par le cardinal Jean-Marc Aveline (sans public), <strong>le DJ Micha\u00ebl Canitrot<\/strong> donnera le coup d\u2019envoi d\u2019un show XXL et visible de nombreux endroits dans la ville.<\/p>\n<p class=\" wall-content\">Tout \u00e7a, ce dimanche 7\u00a0d\u00e9cembre, pour marquer le coup. Celui de la fin d\u2019un minutieux chantier entam\u00e9 au printemps dernier. \u00c0 cette occasion, l\u2019acc\u00e8s au sanctuaire sera interdit au public et \u00ab\u2009pour assurer la s\u00e9curit\u00e9 et les meilleures conditions d\u2019accueil, <strong>un dispositif de circulation et de stationnement sera mis en place<\/strong> dans le p\u00e9rim\u00e8tre\u2009\u00bb, fait savoir la Ville de Marseille.<\/p>\n<p>La ligne 60 chamboul\u00e9e<\/p>\n<p class=\" wall-content\">Ce qui impacte notamment le r\u00e9seau de <a href=\"https:\/\/actu.fr\/tag\/rtm\" target=\"_blank\" rel=\"noopener\">la RTM<\/a>. <strong>La ligne 60<\/strong>, qui dessert la basilique, est chamboul\u00e9e. Le terminus habituel \u00ab\u2009Notre Dame de la Garde\u2009\u00bb est d\u00e9plac\u00e9 au Roucas Blanc ce dimanche d\u00e8s 13h30 et jusqu\u2019\u00e0 la fin du service, pr\u00e9vient la r\u00e9gie.<\/p>\n<p class=\" wall-content\"><strong>Douze arr\u00eats ne sont pas desservis\u2009:<\/strong><\/p>\n<ul class=\" wall-content\">\n<li>4 arr\u00eats en direction de Notre-Dame de la Garde\u2009: Fort du Sanctuaire Notre-Dame, Ascenseur, Escalier Notre-Dame, Notre-Dame de la Garde,<\/li>\n<li>Et 8 vers Mucem Saint-Jean\u2009: Notre-Dame de la Garde, Escalier Notre-Dame, Place Colonel Edon, Oratoire Gazzino, Mont\u00e9e de l\u2019Oratoire, Jardin de la Colonne, Lices Chaix, Place Joseph \u00c9tienne.<\/li>\n<\/ul>\n<p>De nombreuses routes ferm\u00e9es aux voitures<\/p>\n<p class=\" wall-content\">La circulation des v\u00e9hicules sera proscrite <strong>du samedi 6\u00a0d\u00e9cembre de 20h au dimanche 7\u00a0d\u00e9cembre 2025 \u00e0 22h<\/strong> sur la rue plateau Cherchell, entre la rue Fort du Sanctuaire et le fond de l\u2019impasse. Les d\u00e9viations correspondantes seront mises en place en conformit\u00e9 avec le Code de la route, pr\u00e9cise la municipalit\u00e9.<\/p>\n<p>    <img   decoding=\"async\" loading=\"lazy\" src=\"https:\/\/www.europesays.com\/fr\/wp-content\/uploads\/2025\/12\/plan-devoilement-notre-dame-de-la-garde-def-page-00012-960x640.jpg\" alt=\"Plan marseille Bonne m\u00e8re 7 d\u00e9cembre 2025\" width=\"960\" height=\"640\"\/><br \/>\n    En plus d\u2019une zone interdite au public, sur toute l\u2019emprise du sanctuaire, les voies d\u2019acc\u00e8s \u00e0 la basilique sont ferm\u00e9es \u00e0 la circulation. (\u00a9Ville de Marseille)<\/p>\n<p>Votre r\u00e9gion, votre actu !<\/p>\n<p>Recevez chaque jour les infos qui comptent pour vous.<\/p>\n<p>\t<a href=\"https:\/\/actu.fr\/newsletter\" class=\"ac-btn ac-btn--corner ac-btn--medium ac-btn--blue800\" target=\"_blank\" rel=\"noopener\">S&rsquo;incrire<\/a><\/p>\n<p class=\" wall-content\">Il sera \u00e9galement impossible de rouler sur ces axes\u2009:<\/p>\n<p class=\" wall-content\"><strong>Dimanche 7\u00a0d\u00e9cembre 2025 de 14h \u00e0 18h\u2009:<\/strong><\/p>\n<ul class=\" wall-content\">\n<li>Rue Sainte, entre les rues Commandant Lamy et d\u2019Endoume,<\/li>\n<li>Rue Neuve Sainte-Catherine, entre les rues Sainte et d\u2019Endoume,<\/li>\n<li>Traverse Saint-Victore, entre les rues de l\u2019Abbaye et Sainte,<\/li>\n<li>Rue de l\u2019Abbaye entre les rues Commandant Lamy et d\u2019Endoume.<\/li>\n<\/ul>\n<p class=\" wall-content\"><strong>Dimanche 7\u00a0d\u00e9cembre 2025 de 14h \u00e0 22h\u2009:<\/strong><\/p>\n<ul class=\" wall-content\">\n<li>Rue des lices, entre la rue d\u2019Endoume et Abb\u00e9 d\u2019Assy,<\/li>\n<li>Rue Chaix, entre les rues Vauvenargues et des Lices,<\/li>\n<li>Rue Vauvenargues, entre la rue Abb\u00e9 d\u2019Assy et la place du Colonel Edon,<\/li>\n<li>Rue Abb\u00e9 d\u2019Assy entre la mont\u00e9e de l\u2019oratoire et la rue des Lices,<\/li>\n<li>Mont\u00e9e de l\u2019oratoire entre la place du Colonel Edon et la rue Abb\u00e9 d\u2019Assy,<\/li>\n<li>Rue des Oblats, entre le boulevard Andr\u00e9 Aune et la mont\u00e9e de l\u2019oratoire.<\/li>\n<\/ul>\n<p class=\" wall-content\"><strong>Dimanche 7\u00a0d\u00e9cembre 2025 de 14h \u00e0 22h (hors acc\u00e8s riverains)\u2009:<\/strong><\/p>\n<ul class=\" wall-content\">\n<li>Place du Colonel Edon, entre le n\u00b08 et la mont\u00e9e de l\u2019oratoire,<\/li>\n<li>Place Santa Maria (en totalit\u00e9)<\/li>\n<li>Mont\u00e9e de l\u2019oratoire, entre la place du Colonel Edon et la mont\u00e9e \u00c9mile Maslin dite \u00ab\u2009mont\u00e9e de la Bonne-M\u00e8re\u2009\u00bb.<\/li>\n<li>Mont\u00e9e \u00c9mile Maslin dite \u00ab\u2009mont\u00e9e de la Bonne-M\u00e8re\u2009\u00bb, entre la mont\u00e9e de l\u2019oratoire et la Basilique Notre-Dame.<\/li>\n<li>Rue Fort du Sanctuaire, entre la rue Bourdon et la place du Colonel Edon,<\/li>\n<li>Rue de la Basilique \u00ab\u2009dite mont\u00e9e de la Bonne-M\u00e8re\u2009\u00bb, entre rue Fort du Sanctuaire et mont\u00e9e de l\u2019oratoire.<\/li>\n<\/ul>\n<p>Le stationnement sera \u00e9galement interdit comme suit<\/p>\n<p class=\" wall-content\"><strong>Du samedi 6\u00a0d\u00e9cembre de 20h au dimanche 7\u00a0d\u00e9cembre 2025 \u00e0 18h\u2009:<\/strong><\/p>\n<ul class=\" wall-content\">\n<li>Rue Sainte, des deux c\u00f4t\u00e9s, entre les rues d\u2019Endoume et du Commandant Lamy,<\/li>\n<li>Rue Neuve Sainte-Catherine, c\u00f4t\u00e9 pair, entre les rues d\u2019Endoume et Sainte,<\/li>\n<li>Rue de l\u2019Abbaye, des deux c\u00f4t\u00e9s, entre les rues du Commandant Lamy et d\u2019Endoume.<\/li>\n<\/ul>\n<p class=\" wall-content\"><strong>Du samedi 6\u00a0d\u00e9cembre de 20h au dimanche 7\u00a0d\u00e9cembre 2025 \u00e0 20h\u2009:<\/strong><\/p>\n<p class=\" wall-content\">Parking place Saint-Victor \u00e0 la hauteur de la rue Sainte-Catherine (en totalit\u00e9).<\/p>\n<p class=\" wall-content\"><strong>Du samedi 6\u00a0d\u00e9cembre de 20h au dimanche 7\u00a0d\u00e9cembre 2025 \u00e0 22h\u2009:<\/strong><\/p>\n<ul class=\" wall-content\">\n<li>Place Joseph \u00c9tienne, pour les deux-roues,<\/li>\n<li>Rue des lices, des deux c\u00f4t\u00e9s entre les rues d\u2019Endoume et Abb\u00e9 D\u2019Assy,<\/li>\n<li>Rue Vauvenargues, des deux c\u00f4t\u00e9s entre la rue Abb\u00e9 D\u2019Assy et la place du Colonel Edon,<\/li>\n<li>Place du Colonel Edon (en totalit\u00e9),<\/li>\n<li>Place Santa Maria (en totalit\u00e9),<\/li>\n<li>Mont\u00e9e de l\u2019oratoire des deux c\u00f4t\u00e9s entre la place du Colonel Edon et la rue de la basilique dite \u00ab\u2009mont\u00e9e de la Bonne-M\u00e8re\u2009\u00bb,<\/li>\n<li>Mont\u00e9e de l\u2019oratoire des deux c\u00f4t\u00e9s entre la place du Colonel Edon et la rue Abb\u00e9 d\u2019Assy,<\/li>\n<li>Rue Abb\u00e9 d\u2019Assy des deux c\u00f4t\u00e9s entre la mont\u00e9e de l\u2019Oratoire et la rue des Lices,<\/li>\n<li>Rue plateau Cherchell.<\/li>\n<\/ul>\n<p class=\" wall-content\">Personnalisez votre actualit\u00e9 en ajoutant vos villes et m\u00e9dias en favori avec <a href=\"https:\/\/moncompte.actu.fr\" title=\"D\u00e9couvez Mon Actu\" rel=\"nofollow noopener\" data-trk=\"{&quot;cta&quot;:{&quot;action&quot;:&quot;https:\\\/\\\/moncompte.actu.fr&quot;,&quot;category&quot;:&quot;mon compte&quot;,&quot;from&quot;:&quot;article footer&quot;,&quot;name&quot;:&quot;Mon actu&quot;,&quot;type&quot;:&quot;cta&quot;}}\" target=\"_blank\">Mon Actu<\/a>.<\/p>\n","protected":false},"excerpt":{"rendered":"Par Fabien Binacchi Publi\u00e9 le 5 d\u00e9c. 2025 \u00e0 15h39 C\u2019est un \u00e9v\u00e9nement pour la basilique Notre-Dame de&hellip;\n","protected":false},"author":2,"featured_media":580115,"comment_status":"","ping_status":"","sticky":false,"template":"","format":"standard","meta":{"footnotes":""},"categories":[2814],"tags":[1111,11,3542,1777,674,1011,27,884,12,1177,882,25,104,6173],"class_list":{"0":"post-580114","1":"post","2":"type-post","3":"status-publish","4":"format-standard","5":"has-post-thumbnail","7":"category-marseille","8":"tag-actu","9":"tag-actualites","10":"tag-circulation","11":"tag-eu","12":"tag-europe","13":"tag-fr","14":"tag-france","15":"tag-marseille","16":"tag-news","17":"tag-notre-dame-de-la-garde","18":"tag-provence-alpes-cote-dazur","19":"tag-republique-francaise","20":"tag-societe","21":"tag-stationnement"},"share_on_mastodon":{"url":"https:\/\/pubeurope.com\/@fr\/115667625891713818","error":""},"_links":{"self":[{"href":"https:\/\/www.europesays.com\/fr\/wp-json\/wp\/v2\/posts\/580114","targetHints":{"allow":["GET"]}}],"collection":[{"href":"https:\/\/www.europesays.com\/fr\/wp-json\/wp\/v2\/posts"}],"about":[{"href":"https:\/\/www.europesays.com\/fr\/wp-json\/wp\/v2\/types\/post"}],"author":[{"embeddable":true,"href":"https:\/\/www.europesays.com\/fr\/wp-json\/wp\/v2\/users\/2"}],"replies":[{"embeddable":true,"href":"https:\/\/www.europesays.com\/fr\/wp-json\/wp\/v2\/comments?post=580114"}],"version-history":[{"count":0,"href":"https:\/\/www.europesays.com\/fr\/wp-json\/wp\/v2\/posts\/580114\/revisions"}],"wp:featuredmedia":[{"embeddable":true,"href":"https:\/\/www.europesays.com\/fr\/wp-json\/wp\/v2\/media\/580115"}],"wp:attachment":[{"href":"https:\/\/www.europesays.com\/fr\/wp-json\/wp\/v2\/media?parent=580114"}],"wp:term":[{"taxonomy":"category","embeddable":true,"href":"https:\/\/www.europesays.com\/fr\/wp-json\/wp\/v2\/categories?post=580114"},{"taxonomy":"post_tag","embeddable":true,"href":"https:\/\/www.europesays.com\/fr\/wp-json\/wp\/v2\/tags?post=580114"}],"curies":[{"name":"wp","href":"https:\/\/api.w.org\/{rel}","templated":true}]}}