{"id":580116,"date":"2025-12-05T15:17:20","date_gmt":"2025-12-05T15:17:20","guid":{"rendered":"https:\/\/www.europesays.com\/fr\/580116\/"},"modified":"2025-12-05T15:17:20","modified_gmt":"2025-12-05T15:17:20","slug":"le-parking-relais-de-la-blancarde-rouvre-totalement-ce-samedi-apres-lincendie","status":"publish","type":"post","link":"https:\/\/www.europesays.com\/fr\/580116\/","title":{"rendered":"le parking relais de La Blancarde rouvre totalement ce samedi apr\u00e8s l&rsquo;incendie"},"content":{"rendered":"<p>Bonne nouvelle pour les usagers de la RTM. Suite \u00e0 l&rsquo;incendie d&rsquo;avril dernier, le parking relais de La Blancarde rouvre ses derniers niveaux ce samedi 6 d\u00e9cembre. Horaires, tarifs, connexions : tout ce qu&rsquo;il faut savoir.<\/p>\n<p data-path-to-node=\"4\">C&rsquo;est la fin des gal\u00e8res de stationnement pour les usagers du p\u00f4le multimodal de La Blancarde. La M\u00e9tropole Aix-Marseille-Provence annonce la r\u00e9ouverture compl\u00e8te du parking relais [P+R] pour ce samedi 6 d\u00e9cembre 2025. Apr\u00e8s des mois de travaux suite \u00e0 un incendie, l&rsquo;\u00e9quipement retrouve enfin sa capacit\u00e9 maximale.<\/p>\n<p data-path-to-node=\"5\">\u00a0<\/p>\n<p data-path-to-node=\"5\"><strong>Les niveaux -4 et -5 de nouveau accessibles<\/strong><\/p>\n<p data-path-to-node=\"6\">Le parking avait \u00e9t\u00e9 partiellement amput\u00e9 de sa capacit\u00e9 suite \u00e0 un incendie survenu en avril 2025. Si une premi\u00e8re phase de r\u00e9ouverture avait permis de r\u00e9cup\u00e9rer 100 places en octobre dernier, il manquait encore une partie de l&rsquo;infrastructure. Les travaux de remise en \u00e9tat et de s\u00e9curisation des niveaux -4 et -5 \u00e9tant termin\u00e9s, ce sont les <strong>100 derni\u00e8res places<\/strong> qui sont rendues aux automobilistes d\u00e8s ce samedi.<\/p>\n<p data-path-to-node=\"7\">Cette r\u00e9ouverture marque le retour \u00e0 la normale pour ce n\u0153ud strat\u00e9gique des transports marseillais, qui permet de connecter directement la voiture au <strong>TER, au m\u00e9tro, aux tramways T1 et T2, ainsi qu&rsquo;aux lignes de bus<\/strong>.<\/p>\n<p data-path-to-node=\"8\">\u00a0<\/p>\n<p data-path-to-node=\"8\"><strong>Combien \u00e7a co\u00fbte et comment \u00e7a marche ?<\/strong><\/p>\n<p data-path-to-node=\"9\">Pour rappel, ce parking relais est con\u00e7u pour inciter \u00e0 laisser sa voiture en p\u00e9riph\u00e9rie afin de d\u00e9sengorger le centre-ville. Voici les conditions d&rsquo;acc\u00e8s rappel\u00e9es par la M\u00e9tropole :<\/p>\n<ul data-path-to-node=\"10\">\n<li>\n<p data-path-to-node=\"10,0,0\"><strong>Horaires :<\/strong> l&rsquo;entr\u00e9e se fait de <strong>6h30 \u00e0 20h, 7 jours sur 7<\/strong> (la sortie est possible 24h\/24). Le stationnement est limit\u00e9 \u00e0 une journ\u00e9e.<\/p>\n<\/li>\n<li>\n<p data-path-to-node=\"10,1,0\"><strong>Pour les abonn\u00e9s :<\/strong> l&rsquo;acc\u00e8s est <strong>inclus<\/strong> dans les abonnements PASS XL, PASS M\u00e9tropole, PASS Int\u00e9gral et cartes Libre Circulation (sur pr\u00e9sentation de la carte de transport et validation d&rsquo;un trajet aller-retour).<\/p>\n<\/li>\n<li>\n<p data-path-to-node=\"10,2,0\"><strong>Pour les occasionnels :<\/strong> le tarif est de <strong>2,20 \u20ac la journ\u00e9e<\/strong>. Ce prix comprend le stationnement et l&rsquo;aller-retour en transport en commun (paiement possible par carte bancaire sans contact).<\/p>\n<\/li>\n<\/ul>\n<p data-path-to-node=\"11\">La M\u00e9tropole g\u00e8re aujourd&rsquo;hui 33 parkings relais (dont 15 \u00e0 Marseille), offrant pr\u00e8s de 10 000 places sur le territoire.<\/p>\n","protected":false},"excerpt":{"rendered":"Bonne nouvelle pour les usagers de la RTM. Suite \u00e0 l&rsquo;incendie d&rsquo;avril dernier, le parking relais de La&hellip;\n","protected":false},"author":2,"featured_media":580117,"comment_status":"","ping_status":"","sticky":false,"template":"","format":"standard","meta":{"footnotes":""},"categories":[2814],"tags":[1111,11,1777,674,1011,27,884,2800,12,16025,882,25],"class_list":{"0":"post-580116","1":"post","2":"type-post","3":"status-publish","4":"format-standard","5":"has-post-thumbnail","7":"category-marseille","8":"tag-actu","9":"tag-actualites","10":"tag-eu","11":"tag-europe","12":"tag-fr","13":"tag-france","14":"tag-marseille","15":"tag-metropole","16":"tag-news","17":"tag-parking","18":"tag-provence-alpes-cote-dazur","19":"tag-republique-francaise"},"share_on_mastodon":{"url":"https:\/\/pubeurope.com\/@fr\/115667628524408929","error":""},"_links":{"self":[{"href":"https:\/\/www.europesays.com\/fr\/wp-json\/wp\/v2\/posts\/580116","targetHints":{"allow":["GET"]}}],"collection":[{"href":"https:\/\/www.europesays.com\/fr\/wp-json\/wp\/v2\/posts"}],"about":[{"href":"https:\/\/www.europesays.com\/fr\/wp-json\/wp\/v2\/types\/post"}],"author":[{"embeddable":true,"href":"https:\/\/www.europesays.com\/fr\/wp-json\/wp\/v2\/users\/2"}],"replies":[{"embeddable":true,"href":"https:\/\/www.europesays.com\/fr\/wp-json\/wp\/v2\/comments?post=580116"}],"version-history":[{"count":0,"href":"https:\/\/www.europesays.com\/fr\/wp-json\/wp\/v2\/posts\/580116\/revisions"}],"wp:featuredmedia":[{"embeddable":true,"href":"https:\/\/www.europesays.com\/fr\/wp-json\/wp\/v2\/media\/580117"}],"wp:attachment":[{"href":"https:\/\/www.europesays.com\/fr\/wp-json\/wp\/v2\/media?parent=580116"}],"wp:term":[{"taxonomy":"category","embeddable":true,"href":"https:\/\/www.europesays.com\/fr\/wp-json\/wp\/v2\/categories?post=580116"},{"taxonomy":"post_tag","embeddable":true,"href":"https:\/\/www.europesays.com\/fr\/wp-json\/wp\/v2\/tags?post=580116"}],"curies":[{"name":"wp","href":"https:\/\/api.w.org\/{rel}","templated":true}]}}