{"id":580118,"date":"2025-12-05T15:18:14","date_gmt":"2025-12-05T15:18:14","guid":{"rendered":"https:\/\/www.europesays.com\/fr\/580118\/"},"modified":"2025-12-05T15:18:14","modified_gmt":"2025-12-05T15:18:14","slug":"pres-de-lyon-ce-site-amazon-encercle-par-surprise-par-la-police-ce-quil-sest-passe","status":"publish","type":"post","link":"https:\/\/www.europesays.com\/fr\/580118\/","title":{"rendered":"Pr\u00e8s de Lyon. Ce site Amazon encercl\u00e9 par surprise par la police : ce qu&rsquo;il s&rsquo;est pass\u00e9"},"content":{"rendered":"<p>                    Par<br \/>\n        <strong><br \/>\n            <a href=\"https:\/\/actu.fr\/auteur\/julien-damboise\" title=\"Consulter tous les articles de Julien Damboise\" target=\"_blank\" rel=\"noopener\">Julien Damboise<\/a><br \/>\n                    <\/strong><\/p>\n<p>        Publi\u00e9 le<\/p>\n<p>            5 d\u00e9c. 2025 \u00e0 14h33<br \/>\n        ; mis \u00e0 jour le 5 d\u00e9c. 2025 \u00e0 14h35    <\/p>\n<p>Les <strong>routes qui m\u00e8nent au d\u00e9p\u00f4t<\/strong> de l\u2019entreprise am\u00e9ricaine <a href=\"https:\/\/actu.fr\/tag\/amazon\" target=\"_blank\" rel=\"noopener\">Amazon<\/a>, \u00e0 Saint-Priest, pr\u00e8s de <a href=\"https:\/\/actu.fr\/lyon\/\" target=\"_blank\" rel=\"noopener\">Lyon<\/a>, ont \u00e9t\u00e9 particuli\u00e8rement scrut\u00e9es par la police il y a quelques jours. C\u2019\u00e9tait lors d\u2019un <strong>important contr\u00f4le coordonn\u00e9<\/strong>, avec \u00e0 la cl\u00e9 de nombreuses immobilisations de livreurs et des verbalisations.<\/p>\n<p>    <a href=\"https:\/\/www.google.com\/maps\/embed?pb=!1m18!1m12!1m3!1d1706.7225939724387!2d4.909024922129907!3d45.710480199868314!2m3!1f0!2f0!3f0!3m2!1i1024!2i768!4f13.1!3m3!1m2!1s0x47f4c36b1239a5db%3A0x36af5aadb77aa4c9!2sDAR1%20Amazon!5e1!3m2!1sfr!2sfr!4v1764934518036!5m2!1sfr!2sfr\" title=\"Ouvrie le lien\" target=\"_blank\" rel=\"noopener\">Cliquez ici pour visualiser le contenu<\/a><\/p>\n<p>Les livreurs cibl\u00e9s<\/p>\n<p class=\" wall-content\">Sur cette op\u00e9ration, qui s\u2019est d\u00e9roul\u00e9e ce mardi 2 d\u00e9cembre de 9 h \u00e0 midi, ce sont les livreurs de colis qui ont \u00e9t\u00e9 cibl\u00e9s.<\/p>\n<p class=\" wall-content\">Pour d\u00e9busquer le plus de mauvais conducteurs qui sortaient de l\u2019entrep\u00f4t, <strong>trois points de contr\u00f4les<\/strong> ont \u00e9t\u00e9 mis en place par les policiers. Deux aux abords imm\u00e9diats du site qui tourne \u00e0 plein r\u00e9gime avant <a href=\"https:\/\/actu.fr\/tag\/noel\" target=\"_blank\" rel=\"noopener\">No\u00ebl<\/a>, et un dernier plus cach\u00e9 sur une rue adjacente.<\/p>\n<p class=\" wall-content\">Au total, <strong>70 v\u00e9hicules<\/strong> ont ainsi \u00e9t\u00e9 stopp\u00e9s lors de ce dispositif coordonn\u00e9 avec d\u2019autres services. Il s\u2019agissait de transporteurs \u00ab\u00a0du dernier kilom\u00e8tre\u00a0\u00bb, avec des camionnettes ou des fourgons.<\/p>\n<p>L\u2019inspection du travail sanctionne<\/p>\n<p class=\" wall-content\">Parmi les probl\u00e8mes relev\u00e9s, ceux propres \u00e0 la profession selon nos informations, et notamment des<strong> licences communautaires<\/strong> non valables, sorte de s\u00e9same pour avoir le droit d\u2019effectuer du transport routier.<\/p>\n<p class=\" wall-content\">En seulement trois heures, <strong>14 livreurs<\/strong> ont ainsi termin\u00e9 avec une immobilisation imm\u00e9diate, en lien avec des agents de l\u2019Inspection du travail qui \u00e9taient \u00e9galement d\u00e9ploy\u00e9s.<\/p>\n<p>Votre r\u00e9gion, votre actu !<\/p>\n<p>Recevez chaque jour les infos qui comptent pour vous.<\/p>\n<p>\t<a href=\"https:\/\/actu.fr\/newsletter\" class=\"ac-btn ac-btn--corner ac-btn--medium ac-btn--blue800\" target=\"_blank\" rel=\"noopener\">S&rsquo;incrire<\/a><\/p>\n<p class=\" wall-content\">Un total de <strong>quatre verbalisations<\/strong> ont aussi \u00e9t\u00e9 dress\u00e9es lors de ce contr\u00f4le.<\/p>\n<p class=\" wall-content\">Personnalisez votre actualit\u00e9 en ajoutant vos villes et m\u00e9dias en favori avec <a href=\"https:\/\/moncompte.actu.fr\" title=\"D\u00e9couvez Mon Actu\" rel=\"nofollow noopener\" data-trk=\"{&quot;cta&quot;:{&quot;action&quot;:&quot;https:\\\/\\\/moncompte.actu.fr&quot;,&quot;category&quot;:&quot;mon compte&quot;,&quot;from&quot;:&quot;article footer&quot;,&quot;name&quot;:&quot;Mon actu&quot;,&quot;type&quot;:&quot;cta&quot;}}\" target=\"_blank\">Mon Actu<\/a>.<\/p>\n","protected":false},"excerpt":{"rendered":"Par Julien Damboise Publi\u00e9 le 5 d\u00e9c. 2025 \u00e0 14h33 ; mis \u00e0 jour le 5 d\u00e9c. 2025&hellip;\n","protected":false},"author":2,"featured_media":580119,"comment_status":"","ping_status":"","sticky":false,"template":"","format":"standard","meta":{"footnotes":""},"categories":[1889],"tags":[1111,11,4239,2430,215,1777,674,1011,27,2428,12,1072,25,104],"class_list":{"0":"post-580118","1":"post","2":"type-post","3":"status-publish","4":"format-standard","5":"has-post-thumbnail","7":"category-lyon","8":"tag-actu","9":"tag-actualites","10":"tag-amazon","11":"tag-auvergne-rhone-alpes","12":"tag-commerce","13":"tag-eu","14":"tag-europe","15":"tag-fr","16":"tag-france","17":"tag-lyon","18":"tag-news","19":"tag-police","20":"tag-republique-francaise","21":"tag-societe"},"share_on_mastodon":{"url":"https:\/\/pubeurope.com\/@fr\/115667632477522270","error":""},"_links":{"self":[{"href":"https:\/\/www.europesays.com\/fr\/wp-json\/wp\/v2\/posts\/580118","targetHints":{"allow":["GET"]}}],"collection":[{"href":"https:\/\/www.europesays.com\/fr\/wp-json\/wp\/v2\/posts"}],"about":[{"href":"https:\/\/www.europesays.com\/fr\/wp-json\/wp\/v2\/types\/post"}],"author":[{"embeddable":true,"href":"https:\/\/www.europesays.com\/fr\/wp-json\/wp\/v2\/users\/2"}],"replies":[{"embeddable":true,"href":"https:\/\/www.europesays.com\/fr\/wp-json\/wp\/v2\/comments?post=580118"}],"version-history":[{"count":0,"href":"https:\/\/www.europesays.com\/fr\/wp-json\/wp\/v2\/posts\/580118\/revisions"}],"wp:featuredmedia":[{"embeddable":true,"href":"https:\/\/www.europesays.com\/fr\/wp-json\/wp\/v2\/media\/580119"}],"wp:attachment":[{"href":"https:\/\/www.europesays.com\/fr\/wp-json\/wp\/v2\/media?parent=580118"}],"wp:term":[{"taxonomy":"category","embeddable":true,"href":"https:\/\/www.europesays.com\/fr\/wp-json\/wp\/v2\/categories?post=580118"},{"taxonomy":"post_tag","embeddable":true,"href":"https:\/\/www.europesays.com\/fr\/wp-json\/wp\/v2\/tags?post=580118"}],"curies":[{"name":"wp","href":"https:\/\/api.w.org\/{rel}","templated":true}]}}