{"id":580132,"date":"2025-12-05T15:26:12","date_gmt":"2025-12-05T15:26:12","guid":{"rendered":"https:\/\/www.europesays.com\/fr\/580132\/"},"modified":"2025-12-05T15:26:12","modified_gmt":"2025-12-05T15:26:12","slug":"un-gratte-ciel-en-tchetchenie-endommage-par-une-possible-attaque-de-drone-en-russie","status":"publish","type":"post","link":"https:\/\/www.europesays.com\/fr\/580132\/","title":{"rendered":"Un gratte-ciel en Tch\u00e9tch\u00e9nie endommag\u00e9 par une possible attaque de drone en Russie"},"content":{"rendered":"<p>Des m\u00e9dias d&rsquo;Etat russes ont affirm\u00e9 vendredi qu&rsquo;un gratte-ciel de Grozny, la capitale de la Tch\u00e9tch\u00e9nie, avait \u00e9t\u00e9 endommag\u00e9 par une possible attaque de drone ukrainien, ce que les autorit\u00e9s n&rsquo;ont pour l&rsquo;heure pas confirm\u00e9. Depuis le d\u00e9but de <a href=\"https:\/\/www.laprovence.com\/article\/france-monde\/1377320748992914\/negociations-sur-lukraine-zelensky-recu-par-macron-trump-fait-part-de-son-optimisme\" target=\"_blank\" rel=\"noopener\">l&rsquo;offensive du Kremlin contre l&rsquo;Ukraine<\/a>, en f\u00e9vrier 2022, la Tch\u00e9tch\u00e9nie, comme d&rsquo;autres r\u00e9gions russes situ\u00e9es \u00e0 des centaines de kilom\u00e8tres du front ukrainien, a \u00e9t\u00e9 touch\u00e9e \u00e0 plusieurs reprises par des frappes de drones.<\/p>\n<p>Vendredi matin, le m\u00e9dia Vesti, rattach\u00e9 au principal groupe d&rsquo;audiovisuel public russe, a rapport\u00e9 sur Telegram que le complexe \u00ab\u00a0Grozny-City\u00a0\u00bb, comprenant plusieurs grands immeubles, avait \u00ab\u00a0vraisemblablement subi une attaque de drones ukrainiens\u00a0\u00bb, sans pr\u00e9ciser s&rsquo;il y avait des victimes. Vesti a publi\u00e9 une vid\u00e9o montrant une imposante tour de verre dont les vitres ont \u00e9t\u00e9 d\u00e9truites sur plusieurs \u00e9tages et d&rsquo;o\u00f9 s&rsquo;\u00e9chappent une fum\u00e9e noire et des flammes.\u00a0<\/p>\n<p>Sur Telegram, l&rsquo;agence de l&rsquo;aviation civile russe a annonc\u00e9 vendredi matin avoir introduit pendant environ trois heures des restrictions concernant les d\u00e9parts et arriv\u00e9es \u00e0 l&rsquo;a\u00e9roport de Grozny \u00ab\u00a0afin d&rsquo;assurer la s\u00e9curit\u00e9 des vols\u00a0\u00bb, une mesure fr\u00e9quente lors d&rsquo;attaques de drones. Les autorit\u00e9s locales n&rsquo;ont pas comment\u00e9 cet incident. Une source s\u00e9curitaire anonyme cit\u00e9e par le m\u00e9dia public russe RT a affirm\u00e9 qu&rsquo;il s&rsquo;agissait d&rsquo;une attaque de drone ukrainien.<\/p>\n<p>Pour sa part, l&rsquo;Ukraine n&rsquo;a pas comment\u00e9 cet incident, ni revendiqu\u00e9 vendredi d&rsquo;attaque contre la Tch\u00e9tch\u00e9nie. En riposte aux bombardements russes massifs qui endeuillent et ravagent son territoire, l&rsquo;arm\u00e9e ukrainienne m\u00e8ne r\u00e9guli\u00e8rement des frappes de drones en Russie, en ciblant principalement les infrastructures militaires et \u00e9nerg\u00e9tiques.<\/p>\n","protected":false},"excerpt":{"rendered":"Des m\u00e9dias d&rsquo;Etat russes ont affirm\u00e9 vendredi qu&rsquo;un gratte-ciel de Grozny, la capitale de la Tch\u00e9tch\u00e9nie, avait \u00e9t\u00e9&hellip;\n","protected":false},"author":2,"featured_media":580133,"comment_status":"","ping_status":"","sticky":false,"template":"","format":"standard","meta":{"footnotes":""},"categories":[1591],"tags":[17,11,834,69396,1887,329,7922,12,5912,2037,1885,1886,132,69395,96],"class_list":{"0":"post-580132","1":"post","2":"type-post","3":"status-publish","4":"format-standard","5":"has-post-thumbnail","7":"category-russie","8":"tag-17","9":"tag-actualites","10":"tag-attaque","11":"tag-endommage","12":"tag-federation-de-russie","13":"tag-france-monde","14":"tag-gratte-ciel","15":"tag-news","16":"tag-par","17":"tag-possible","18":"tag-russia","19":"tag-russian-federation","20":"tag-russie","21":"tag-tchetchenie","22":"tag-une"},"share_on_mastodon":{"url":"https:\/\/pubeurope.com\/@fr\/115667663901133765","error":""},"_links":{"self":[{"href":"https:\/\/www.europesays.com\/fr\/wp-json\/wp\/v2\/posts\/580132","targetHints":{"allow":["GET"]}}],"collection":[{"href":"https:\/\/www.europesays.com\/fr\/wp-json\/wp\/v2\/posts"}],"about":[{"href":"https:\/\/www.europesays.com\/fr\/wp-json\/wp\/v2\/types\/post"}],"author":[{"embeddable":true,"href":"https:\/\/www.europesays.com\/fr\/wp-json\/wp\/v2\/users\/2"}],"replies":[{"embeddable":true,"href":"https:\/\/www.europesays.com\/fr\/wp-json\/wp\/v2\/comments?post=580132"}],"version-history":[{"count":0,"href":"https:\/\/www.europesays.com\/fr\/wp-json\/wp\/v2\/posts\/580132\/revisions"}],"wp:featuredmedia":[{"embeddable":true,"href":"https:\/\/www.europesays.com\/fr\/wp-json\/wp\/v2\/media\/580133"}],"wp:attachment":[{"href":"https:\/\/www.europesays.com\/fr\/wp-json\/wp\/v2\/media?parent=580132"}],"wp:term":[{"taxonomy":"category","embeddable":true,"href":"https:\/\/www.europesays.com\/fr\/wp-json\/wp\/v2\/categories?post=580132"},{"taxonomy":"post_tag","embeddable":true,"href":"https:\/\/www.europesays.com\/fr\/wp-json\/wp\/v2\/tags?post=580132"}],"curies":[{"name":"wp","href":"https:\/\/api.w.org\/{rel}","templated":true}]}}