{"id":580136,"date":"2025-12-05T15:28:17","date_gmt":"2025-12-05T15:28:17","guid":{"rendered":"https:\/\/www.europesays.com\/fr\/580136\/"},"modified":"2025-12-05T15:28:17","modified_gmt":"2025-12-05T15:28:17","slug":"linflation-a-continue-de-saccelerer-en-septembre-aux-etats-unis","status":"publish","type":"post","link":"https:\/\/www.europesays.com\/fr\/580136\/","title":{"rendered":"L&rsquo;inflation a continu\u00e9 de s&rsquo;acc\u00e9l\u00e9rer en septembre aux \u00c9tats-Unis"},"content":{"rendered":"<p style=\"margin-top:5px\">Washington (awp\/afp) &#8211; L&rsquo;inflation a continu\u00e9 de s&rsquo;acc\u00e9l\u00e9rer aux Etats-Unis en septembre, selon un rapport publi\u00e9 vendredi avec retard en raison de la longue paralysie budg\u00e9taire, alors que le co\u00fbt de la vie est au coeur du d\u00e9bat public.<\/p>\n<p>A +2,8% sur un contre +2,7% en ao\u00fbt, l&rsquo;inflation s&rsquo;\u00e9loigne encore de la cible de la R\u00e9serve f\u00e9d\u00e9rale am\u00e9ricaine (Fed), qui est de 2%.<\/p>\n<p>L&rsquo;inflation sous-jacente (hors prix volatils de l&rsquo;\u00e9nergie et de l&rsquo;alimentation) a toutefois l\u00e9g\u00e8rement ralenti \u00e0 +2,8% en glissement annuel, contre +2,9% le mois pr\u00e9c\u00e9dent, selon le communiqu\u00e9 du minist\u00e8re du Commerce.<\/p>\n<p>afp\/cw<\/p>\n","protected":false},"excerpt":{"rendered":"Washington (awp\/afp) &#8211; L&rsquo;inflation a continu\u00e9 de s&rsquo;acc\u00e9l\u00e9rer aux Etats-Unis en septembre, selon un rapport publi\u00e9 vendredi avec&hellip;\n","protected":false},"author":2,"featured_media":412201,"comment_status":"","ping_status":"","sticky":false,"template":"","format":"standard","meta":{"footnotes":""},"categories":[1589],"tags":[11,340,73,1866,12,1864,1865,1863,308],"class_list":{"0":"post-580136","1":"post","2":"type-post","3":"status-publish","4":"format-standard","5":"has-post-thumbnail","7":"category-etats-unis","8":"tag-actualites","9":"tag-bourse","10":"tag-etats-unis","11":"tag-etats-unis-damerique","12":"tag-news","13":"tag-united-states","14":"tag-united-states-of-america","15":"tag-us","16":"tag-usa"},"share_on_mastodon":{"url":"https:\/\/pubeurope.com\/@fr\/115667671798516905","error":""},"_links":{"self":[{"href":"https:\/\/www.europesays.com\/fr\/wp-json\/wp\/v2\/posts\/580136","targetHints":{"allow":["GET"]}}],"collection":[{"href":"https:\/\/www.europesays.com\/fr\/wp-json\/wp\/v2\/posts"}],"about":[{"href":"https:\/\/www.europesays.com\/fr\/wp-json\/wp\/v2\/types\/post"}],"author":[{"embeddable":true,"href":"https:\/\/www.europesays.com\/fr\/wp-json\/wp\/v2\/users\/2"}],"replies":[{"embeddable":true,"href":"https:\/\/www.europesays.com\/fr\/wp-json\/wp\/v2\/comments?post=580136"}],"version-history":[{"count":0,"href":"https:\/\/www.europesays.com\/fr\/wp-json\/wp\/v2\/posts\/580136\/revisions"}],"wp:featuredmedia":[{"embeddable":true,"href":"https:\/\/www.europesays.com\/fr\/wp-json\/wp\/v2\/media\/412201"}],"wp:attachment":[{"href":"https:\/\/www.europesays.com\/fr\/wp-json\/wp\/v2\/media?parent=580136"}],"wp:term":[{"taxonomy":"category","embeddable":true,"href":"https:\/\/www.europesays.com\/fr\/wp-json\/wp\/v2\/categories?post=580136"},{"taxonomy":"post_tag","embeddable":true,"href":"https:\/\/www.europesays.com\/fr\/wp-json\/wp\/v2\/tags?post=580136"}],"curies":[{"name":"wp","href":"https:\/\/api.w.org\/{rel}","templated":true}]}}