{"id":580139,"date":"2025-12-05T15:30:15","date_gmt":"2025-12-05T15:30:15","guid":{"rendered":"https:\/\/www.europesays.com\/fr\/580139\/"},"modified":"2025-12-05T15:30:15","modified_gmt":"2025-12-05T15:30:15","slug":"politique-en-allemagne-une-reforme-des-retraites-adoptee-malgre-quelques-elus-rebelles","status":"publish","type":"post","link":"https:\/\/www.europesays.com\/fr\/580139\/","title":{"rendered":"Politique. En Allemagne, une r\u00e9forme des retraites adopt\u00e9e malgr\u00e9 quelques \u00e9lus rebelles"},"content":{"rendered":"\n<p>\u201cLes rebelles de la retraite.\u201d Voil\u00e0 comment les journaux allemands surnomment depuis des semaines les membres de la section jeune de l\u2019Union chr\u00e9tienne d\u00e9mocrate (CDU) et de l\u2019Union chr\u00e9tienne sociale (CSU) oppos\u00e9s \u00e0 la r\u00e9forme des retraites propos\u00e9e par le chancelier conservateur <a href=\"https:\/\/www.courrierinternational.com\/sujet\/friedrich-merz\" rel=\"nofollow noopener\" target=\"_blank\">Friedrich Merz<\/a>. \u201cIls sont jeunes, s\u2019expriment avec aisance, n\u2019ont pas peur des micros ni des cam\u00e9ras\u201d, <a class=\"ithalc\" data-ithal=\"lien_externe\" data-ithalc=\"[nav_article]\" target=\"_blank\" href=\"https:\/\/www.spiegel.de\/politik\/deutschland\/rente-junge-union-soll-widerstand-gegen-rentenpaket-aufgeben-a-297fad23-a491-4931-a7ef-a15c5a2a5d89\" rel=\"nofollow noopener\">explique le journal de centre gauche <strong>Der Spiegel<\/strong><\/a><strong>.<\/strong> Mais surtout,<strong> <\/strong>\u201ccomme d\u2019autres rebelles allemands avant eux, notamment la g\u00e9n\u00e9ration de Mai\u00a01968, ils se r\u00e9voltent contre leurs a\u00een\u00e9s\u00a0: rien de nouveau sous le soleil\u201d.<\/p>\n<p>Ces dissidents estiment que le compromis n\u00e9goci\u00e9 entre leur parti et les sociaux-d\u00e9mocrates pour maintenir le niveau des retraites au moins jusqu\u2019\u00e0 2031\u00a0n\u2019est pas tenable financi\u00e8rement. Dans un pays vieillissant, le texte adopt\u00e9 ce vendredi 5\u00a0d\u00e9cembre permet notamment de compl\u00e9ter les cotisations des actifs gr\u00e2ce au budget f\u00e9d\u00e9ral \u2013\u00a0une mesure jug\u00e9e injuste pour les jeunes g\u00e9n\u00e9rations, qui devront \u00e0 l\u2019avenir rembourser les dettes contract\u00e9es \u00e0 cet effet. \u201cIl n\u2019est plus question d\u2019\u00e9quit\u00e9 interg\u00e9n\u00e9rationnelle\u201d, <a class=\"ithalc\" data-ithal=\"lien_externe\" data-ithalc=\"[nav_article]\" target=\"_blank\" href=\"https:\/\/www.cicero.de\/innenpolitik\/rente-streit-boomer-brodkorb-system\" rel=\"nofollow noopener\">commente <strong>Cicero<\/strong><\/a><strong>,<\/strong> ouvertement favorable aux rebelles. Pour le titre conservateur, \u201cil est temps que les boomeurs assument le co\u00fbt de leur manque de f\u00e9condit\u00e9\u201d.<\/p>\n<p> \u201cUn endettement sans  <\/p>\n","protected":false},"excerpt":{"rendered":"\u201cLes rebelles de la retraite.\u201d Voil\u00e0 comment les journaux allemands surnomment depuis des semaines les membres de la&hellip;\n","protected":false},"author":2,"featured_media":580140,"comment_status":"","ping_status":"","sticky":false,"template":"","format":"standard","meta":{"footnotes":""},"categories":[1587],"tags":[11,672,1804,1805,1803,1777,674,1801,12,316,1802,9910],"class_list":{"0":"post-580139","1":"post","2":"type-post","3":"status-publish","4":"format-standard","5":"has-post-thumbnail","7":"category-allemagne","8":"tag-actualites","9":"tag-allemagne","10":"tag-bundesrepublik-deutschland","11":"tag-de","12":"tag-deutschland","13":"tag-eu","14":"tag-europe","15":"tag-germany","16":"tag-news","17":"tag-politique","18":"tag-republique-federale-dallemagne","19":"tag-retraites"},"share_on_mastodon":{"url":"https:\/\/pubeurope.com\/@fr\/115667679469870968","error":""},"_links":{"self":[{"href":"https:\/\/www.europesays.com\/fr\/wp-json\/wp\/v2\/posts\/580139","targetHints":{"allow":["GET"]}}],"collection":[{"href":"https:\/\/www.europesays.com\/fr\/wp-json\/wp\/v2\/posts"}],"about":[{"href":"https:\/\/www.europesays.com\/fr\/wp-json\/wp\/v2\/types\/post"}],"author":[{"embeddable":true,"href":"https:\/\/www.europesays.com\/fr\/wp-json\/wp\/v2\/users\/2"}],"replies":[{"embeddable":true,"href":"https:\/\/www.europesays.com\/fr\/wp-json\/wp\/v2\/comments?post=580139"}],"version-history":[{"count":0,"href":"https:\/\/www.europesays.com\/fr\/wp-json\/wp\/v2\/posts\/580139\/revisions"}],"wp:featuredmedia":[{"embeddable":true,"href":"https:\/\/www.europesays.com\/fr\/wp-json\/wp\/v2\/media\/580140"}],"wp:attachment":[{"href":"https:\/\/www.europesays.com\/fr\/wp-json\/wp\/v2\/media?parent=580139"}],"wp:term":[{"taxonomy":"category","embeddable":true,"href":"https:\/\/www.europesays.com\/fr\/wp-json\/wp\/v2\/categories?post=580139"},{"taxonomy":"post_tag","embeddable":true,"href":"https:\/\/www.europesays.com\/fr\/wp-json\/wp\/v2\/tags?post=580139"}],"curies":[{"name":"wp","href":"https:\/\/api.w.org\/{rel}","templated":true}]}}