{"id":580143,"date":"2025-12-05T15:34:15","date_gmt":"2025-12-05T15:34:15","guid":{"rendered":"https:\/\/www.europesays.com\/fr\/580143\/"},"modified":"2025-12-05T15:34:15","modified_gmt":"2025-12-05T15:34:15","slug":"accords-suisse-ue-le-conseil-federal-annonce-des-retouches-apres-la-consultation","status":"publish","type":"post","link":"https:\/\/www.europesays.com\/fr\/580143\/","title":{"rendered":"Accords Suisse-UE: le Conseil f\u00e9d\u00e9ral annonce des retouches apr\u00e8s la consultation"},"content":{"rendered":"<p>Les cantons et partenaires sociaux joueront un plus grand r\u00f4le dans la mise en \u0153uvre de la clause de sauvegarde \u00e0 l&rsquo;interne. Le Conseil f\u00e9d\u00e9ral a proc\u00e9d\u00e9 vendredi \u00e0 cette adaptation ainsi qu&rsquo;\u00e0 d&rsquo;autres apr\u00e8s la consultation sur le paquet d&rsquo;accords avec l&rsquo;UE.<\/p>\n<p>La consultation, qui s&rsquo;est termin\u00e9e le 31 octobre, a montr\u00e9 qu&rsquo;une large majorit\u00e9 se d\u00e9gage en faveur du paquet Suisse-UE, a salu\u00e9 le gouvernement dans un communiqu\u00e9. Toutefois, plusieurs clarifications et am\u00e9liorations ont \u00e9t\u00e9 demand\u00e9es. Le Conseil f\u00e9d\u00e9ral a donc d\u00e9cid\u00e9 de revoir certains points. Il devrait adopter son message \u00e0 l&rsquo;intention du Parlement en mars.<\/p>\n<p>Protection des salaires<\/p>\n<p>Un des \u00e9l\u00e9ments est une participation accrue des cantons et des partenaires sociaux concernant la clause de sauvegarde en mati\u00e8re d&rsquo;immigration. Un autre concerne la protection des salaires: le camp bourgeois rejette une mesure visant une meilleure protection du partenariat social au niveau de l&rsquo;entreprise, une demande des syndicats.<\/p>\n<p><strong class=\"inline-title\">&gt;&gt; Relire\u00a0: <\/strong><a href=\"https:\/\/www.rts.ch\/info\/suisse\/2025\/article\/accords-suisse-ue-soutien-des-partis-mais-exigences-d-ajustements-29045495.html\" data-item-id=\"richtext_link\" target=\"_blank\" rel=\"noopener\">A l&rsquo;exception de l&rsquo;UDC, les partis soutiennent les accords Suisse-UE, mais demandent des ajustements <\/a><\/p>\n<p>Le Conseil f\u00e9d\u00e9ral tient \u00e0 cette disposition, \u00ab\u00a0indispensable\u00a0\u00bb pour maintenir l&rsquo;\u00e9quilibre du paquet de mesures visant \u00e0 garantir la protection des salaires. Les discussions avec les partenaires sociaux doivent se poursuivre, en vue d&rsquo;un \u00e9ventuel compromis.<\/p>\n<p class=\"sources\">ats\/asch<\/p>\n","protected":false},"excerpt":{"rendered":"Les cantons et partenaires sociaux joueront un plus grand r\u00f4le dans la mise en \u0153uvre de la clause&hellip;\n","protected":false},"author":2,"featured_media":580144,"comment_status":"","ping_status":"","sticky":false,"template":"","format":"standard","meta":{"footnotes":""},"categories":[1586],"tags":[46825,11,16947,1777,674,1779,1011,27,418,1061,12,1050,62478,316,4144,4846,25,14099,104,3067,1778,364],"class_list":{"0":"post-580143","1":"post","2":"type-post","3":"status-publish","4":"format-standard","5":"has-post-thumbnail","7":"category-europe","8":"tag-accord-pacte-convention","9":"tag-actualites","10":"tag-conseil-federal-suisse","11":"tag-eu","12":"tag-europe","13":"tag-european-union","14":"tag-fr","15":"tag-france","16":"tag-gouvernement","17":"tag-immigration","18":"tag-news","19":"tag-parlement","20":"tag-partenaires-sociaux","21":"tag-politique","22":"tag-politique-du-gouvernement","23":"tag-protection","24":"tag-republique-francaise","25":"tag-salaire","26":"tag-societe","27":"tag-suisse","28":"tag-ue","29":"tag-union-europeenne"},"share_on_mastodon":{"url":"https:\/\/pubeurope.com\/@fr\/115667695443903033","error":""},"_links":{"self":[{"href":"https:\/\/www.europesays.com\/fr\/wp-json\/wp\/v2\/posts\/580143","targetHints":{"allow":["GET"]}}],"collection":[{"href":"https:\/\/www.europesays.com\/fr\/wp-json\/wp\/v2\/posts"}],"about":[{"href":"https:\/\/www.europesays.com\/fr\/wp-json\/wp\/v2\/types\/post"}],"author":[{"embeddable":true,"href":"https:\/\/www.europesays.com\/fr\/wp-json\/wp\/v2\/users\/2"}],"replies":[{"embeddable":true,"href":"https:\/\/www.europesays.com\/fr\/wp-json\/wp\/v2\/comments?post=580143"}],"version-history":[{"count":0,"href":"https:\/\/www.europesays.com\/fr\/wp-json\/wp\/v2\/posts\/580143\/revisions"}],"wp:featuredmedia":[{"embeddable":true,"href":"https:\/\/www.europesays.com\/fr\/wp-json\/wp\/v2\/media\/580144"}],"wp:attachment":[{"href":"https:\/\/www.europesays.com\/fr\/wp-json\/wp\/v2\/media?parent=580143"}],"wp:term":[{"taxonomy":"category","embeddable":true,"href":"https:\/\/www.europesays.com\/fr\/wp-json\/wp\/v2\/categories?post=580143"},{"taxonomy":"post_tag","embeddable":true,"href":"https:\/\/www.europesays.com\/fr\/wp-json\/wp\/v2\/tags?post=580143"}],"curies":[{"name":"wp","href":"https:\/\/api.w.org\/{rel}","templated":true}]}}