{"id":580161,"date":"2025-12-05T15:47:11","date_gmt":"2025-12-05T15:47:11","guid":{"rendered":"https:\/\/www.europesays.com\/fr\/580161\/"},"modified":"2025-12-05T15:47:11","modified_gmt":"2025-12-05T15:47:11","slug":"alizee-fond-en-larmes-dans-telematin","status":"publish","type":"post","link":"https:\/\/www.europesays.com\/fr\/580161\/","title":{"rendered":"Aliz\u00e9e fond en larmes dans \u00abT\u00e9l\u00e9matin\u00bb"},"content":{"rendered":"<p>    Aliz\u00e9e dans \u00abT\u00e9l\u00e9matin\u00bb vendredi 5 d\u00e9cembre 2025.<br \/>\n                Capture d&rsquo;\u00e9cran \/ France 2<\/p>\n<p>\n    <strong>VID\u00c9O <\/strong>&#8211; Vendredi matin, la chanteuse de Moi, Lolita&#8230; n\u2019a pas pu retenir ses larmes en visionnant des images de l\u2019\u00e9cole de danse de son enfance.<\/p>\n<p class=\"fig-paragraph\">S\u00e9quence \u00e9motion dans \u00abT\u00e9l\u00e9matin\u00bb. Ce vendredi, les pr\u00e9sentateurs du week-end\u00a0<a href=\"http:\/\/tvmag.lefigaro.fr\/programme-tv\/actu-tele\/telematin-melanie-taravant-succede-a-maya-lauque-et-damien-thevenot-le-week-end-20250708\" target=\"_blank\" data-fig-type=\"Article\" rel=\"noopener\" data-gtm-custom-categorie=\"navigation\" data-gtm-custom-action=\"crossclick\" data-gtm-custom-label=\"Contextuel\" data-gtm-event=\"customEventSPE\" data-fig-domain=\"TVMAG\">M\u00e9lanie Taravant et Samuel Olliver<\/a>\u00a0recevaient Aliz\u00e9e, en promotion pour sa tourn\u00e9e fran\u00e7aise \u00e0 venir qui c\u00e9l\u00e8bre ses 25 ans de carri\u00e8re. Au cours de ce passage, le chroniqueur Beno\u00eet Lagane a retrac\u00e9 le parcours de l\u2019artiste \u00e0 travers des archives t\u00e9l\u00e9vis\u00e9es. L\u2019une d\u2019entre elles a particuli\u00e8rement \u00e9mu l\u2019artiste de 41 ans.<\/p>\n<p class=\"fig-paragraph\">C\u2019est en d\u00e9couvrant des images datant de 2001 sur l\u2019\u00e9cole de danse de son enfance, en Corse, qu\u2019Aliz\u00e9e a vacill\u00e9. On y d\u00e9couvre son ancienne professeure Monique Mufraggi intervenir dans un sujet du Journal de France T\u00e9l\u00e9visions. Elle est en plein cours de danse avec une dizaine de petites filles. \u00abCette image-l\u00e0 me donne vraiment beaucoup d\u2019\u00e9motion parce que ma prof de danse \u00e9tait mon idole absolue, commente, \u00e9mue, la chanteuse. Je voulais \u00eatre comme elle, m\u2019habiller comme elle et passer du temps avec elle. Je suis tr\u00e8s contente de revoir ces images car, vraiment, cette salle de danse&#8230;\u00bb, poursuit-elle avant de s\u2019interrompre, gagn\u00e9e par l\u2019\u00e9motion. \u00abVraiment cette salle de dans, je suis tr\u00e8s \u00e9mue, j\u2019y ai pass\u00e9 beaucoup de temps\u00bb.<\/p>\n<p>                                                                <a class=\"fig-a11y-skip\" href=\"#fig-a11y-skip-main-inarticle\" data-module=\"a11y-skip\" data-context=\"was @visible\"><br \/>\n    Passer la publicit\u00e9<br \/>\n<\/a>            <\/p>\n<p class=\"fig-paragraph\">Avec son mari\u00a0<a href=\"https:\/\/tvmag.lefigaro.fr\/programme-tv\/alizee-et-gregoire-lyonnet-se-sont-dit-oui-_532ce782-37bf-11e6-b499-847c40cbc690\" target=\"_blank\" data-fig-type=\"Article\" rel=\"noopener\" data-gtm-custom-categorie=\"navigation\" data-gtm-custom-action=\"crossclick\" data-gtm-custom-label=\"Contextuel\" data-gtm-event=\"customEventSPE\" data-fig-domain=\"TVMAG\">Gr\u00e9goire Lyonnet<\/a>, rencontr\u00e9 dans l\u2019\u00e9mission \u00abDanse avec les stars\u00bb, Aliz\u00e9e a ouvert sa propre \u00e9cole de danse \u00e0 Ajaccio en 2017. De quoi donner des id\u00e9es au chroniqueur qui a r\u00e9serv\u00e9 une autre surprise \u00e0 l\u2019interpr\u00e8te du tube Moi, Lolita&#8230;\u00a0: un message de ses \u00e9l\u00e8ves. Dans une courte vid\u00e9o, quinze fillettes s\u2019adressent \u00e0 l\u2019ex-prot\u00e9g\u00e9e de\u00a0<a href=\"http:\/\/www.lefigaro.fr\/vox\/societe\/aurelie-jean-mylene-farmer-a-raison-l-humain-est-complementaire-a-l-ia-20250918\" target=\"_blank\" data-fig-type=\"Article\" rel=\"noopener\" data-gtm-custom-categorie=\"navigation\" data-gtm-custom-action=\"crossclick\" data-gtm-custom-label=\"Contextuel\" data-gtm-event=\"customEventSPE\" data-fig-domain=\"LEFIGARO\">Myl\u00e8ne Farmer<\/a>. \u00abOn voulait te dire qu\u2019on t\u2019aime, tu es la meilleure de toutes les profs de danse, on est tr\u00e8s contentes d\u2019apprendre la danse avec toi et on voulait surtout te dire, toutes ensemble, merci Aliz\u00e9e\u00a0!\u00bb, crient-elles \u00e0 l\u2019unisson. Il n\u2019en fallait pas plus pour \u00e9mouvoir un peu plus l\u2019invit\u00e9e de la matinale de France 2 qui, face \u00e0 cette s\u00e9quence, se voit offrir un mouchoir pour essuyer ses larmes.<\/p>\n<p class=\"fig-paragraph\">\u00abWouah, merci\u00a0!\u00bb, r\u00e9agit-elle, tout en essayant de contenir son \u00e9motion. Mais la quadrag\u00e9naire a bien du mal \u00e0 reprendre le fil de l\u2019interview. \u00abOh la la, excusez-moi&#8230; Voir ces \u00e9l\u00e8ves passer du temps comme moi \u00e0 l\u2019\u00e9poque&#8230; Voil\u00e0, d\u00e9sol\u00e9e\u00bb, ajoute-t-elle avant de s\u2019\u00e9pancher sur ses ann\u00e9es d\u2019apprentissage, aid\u00e9e par la pr\u00e9sentatrice. \u00abQuand j\u2019\u00e9tais petite, c\u2019\u00e9tait dur \u00e0 l\u2019\u00e9cole, confie-t-elle \u00e0 M\u00e9lanie Taravant. Et la danse m\u2019a vraiment permis de grandir et faire des choses cool\u00bb. \u00abEst-ce qu\u2019on pourrait apporter un petit verre d\u2019eau pour Aliz\u00e9e\u00a0?\u00bb, demande ensuite Samuel Ollivier pour d\u00e9tendre l\u2019atmosph\u00e8re. \u00abVous allez pouvoir retrouver votre souffle et votre esprit\u00bb, promet-il.<\/p>\n","protected":false},"excerpt":{"rendered":"Aliz\u00e9e dans \u00abT\u00e9l\u00e9matin\u00bb vendredi 5 d\u00e9cembre 2025. Capture d&rsquo;\u00e9cran \/ France 2 VID\u00c9O &#8211; Vendredi matin, la chanteuse&hellip;\n","protected":false},"author":2,"featured_media":580162,"comment_status":"","ping_status":"","sticky":false,"template":"","format":"standard","meta":{"footnotes":""},"categories":[1359],"tags":[58,59,1011,27,594,13995,973],"class_list":{"0":"post-580161","1":"post","2":"type-post","3":"status-publish","4":"format-standard","5":"has-post-thumbnail","7":"category-people","8":"tag-divertissement","9":"tag-entertainment","10":"tag-fr","11":"tag-france","12":"tag-france-2","13":"tag-mylene-farmer","14":"tag-people"},"share_on_mastodon":{"url":"https:\/\/pubeurope.com\/@fr\/115667746435147269","error":""},"_links":{"self":[{"href":"https:\/\/www.europesays.com\/fr\/wp-json\/wp\/v2\/posts\/580161","targetHints":{"allow":["GET"]}}],"collection":[{"href":"https:\/\/www.europesays.com\/fr\/wp-json\/wp\/v2\/posts"}],"about":[{"href":"https:\/\/www.europesays.com\/fr\/wp-json\/wp\/v2\/types\/post"}],"author":[{"embeddable":true,"href":"https:\/\/www.europesays.com\/fr\/wp-json\/wp\/v2\/users\/2"}],"replies":[{"embeddable":true,"href":"https:\/\/www.europesays.com\/fr\/wp-json\/wp\/v2\/comments?post=580161"}],"version-history":[{"count":0,"href":"https:\/\/www.europesays.com\/fr\/wp-json\/wp\/v2\/posts\/580161\/revisions"}],"wp:featuredmedia":[{"embeddable":true,"href":"https:\/\/www.europesays.com\/fr\/wp-json\/wp\/v2\/media\/580162"}],"wp:attachment":[{"href":"https:\/\/www.europesays.com\/fr\/wp-json\/wp\/v2\/media?parent=580161"}],"wp:term":[{"taxonomy":"category","embeddable":true,"href":"https:\/\/www.europesays.com\/fr\/wp-json\/wp\/v2\/categories?post=580161"},{"taxonomy":"post_tag","embeddable":true,"href":"https:\/\/www.europesays.com\/fr\/wp-json\/wp\/v2\/tags?post=580161"}],"curies":[{"name":"wp","href":"https:\/\/api.w.org\/{rel}","templated":true}]}}