{"id":580175,"date":"2025-12-05T15:55:12","date_gmt":"2025-12-05T15:55:12","guid":{"rendered":"https:\/\/www.europesays.com\/fr\/580175\/"},"modified":"2025-12-05T15:55:12","modified_gmt":"2025-12-05T15:55:12","slug":"brigitte-bardot-affaiblie-levacuation-de-ses-animaux-de-la-garrigue-en-son-absence-declenche-une-vive-polemique-son-mari-sort-du-silence","status":"publish","type":"post","link":"https:\/\/www.europesays.com\/fr\/580175\/","title":{"rendered":"Brigitte Bardot affaiblie : l\u2019\u00e9vacuation de ses animaux de la Garrigue en son absence d\u00e9clenche une vive pol\u00e9mique, son mari sort du silence"},"content":{"rendered":"<p>\u00c0 Saint-Tropez, <strong>la Garrigue<\/strong>, propri\u00e9t\u00e9 embl\u00e9matique de Brigitte Bardot, a longtemps \u00e9t\u00e9 d\u00e9crite comme un havre de paix pour les animaux sauv\u00e9s par l\u2019ic\u00f4ne fran\u00e7aise. Un lieu intime, pr\u00e9serv\u00e9, o\u00f9 ch\u00e8vres, chiens, oies, poules et m\u00eame un \u00e2ne d\u2019une trentaine d\u2019ann\u00e9es vivaient sous la protection vigilante de l\u2019actrice devenue figure incontournable de la cause animale. Mais \u00e0 mesure que l\u2019\u00e9tat de sant\u00e9 de la star de 91 ans inqui\u00e8te ses proches, les tensions autour de la gestion de la propri\u00e9t\u00e9 et des animaux s\u2019intensifient.<\/p>\n<p>Selon <strong>Paris Match<\/strong>, la Fondation Brigitte Bardot aurait r\u00e9cemment proc\u00e9d\u00e9 \u00e0 l\u2019\u00e9vacuation d\u2019une partie des animaux, une d\u00e9cision qui a cr\u00e9\u00e9 incompr\u00e9hension et accusations crois\u00e9es entre le personnel sur place et <a href=\"https:\/\/www.public.fr\/robe-de-mariee-bijoux-precieux-argenterie-meubles-la-surprenante-raison-pour-laquelle-brigitte-bardot-a-vendu-tous-ses-biens\" target=\"_blank\" rel=\"noopener\">Bernard d\u2019Ormale, l\u2019\u00e9poux de Brigitte Bardot<\/a>.<\/p>\n<p>L\u2019\u00e9tat de sant\u00e9 fragile de Brigitte Bardot inqui\u00e8te <\/p>\n<p>Hospitalis\u00e9e une premi\u00e8re fois fin septembre, puis de retour \u00e0 Toulon \u00e0 la mi-novembre pour des examens post-op\u00e9ratoires, Brigitte Bardot est rentr\u00e9e \u00e0 sa r\u00e9sidence de <strong>La Madrague le 1er d\u00e9cembre<\/strong>, affaiblie par ces derni\u00e8res semaines \u00e9prouvantes.<\/p>\n<p>Ce climat d\u2019inqui\u00e9tude autour de sa sant\u00e9 aurait contribu\u00e9 \u00e0 acc\u00e9l\u00e9rer certaines d\u00e9cisions concernant la gestion des animaux de la Garrigue. Une p\u00e9riode de vuln\u00e9rabilit\u00e9 qui a \u00e9galement favoris\u00e9 les malentendus et les tensions internes.<\/p>\n<p>L\u2019\u00e9vacuation des animaux : une op\u00e9ration men\u00e9e pendant son hospitalisation<\/p>\n<p>Les <strong>22 et 23 novembre<\/strong>, alors que <a href=\"https:\/\/www.public.fr\/brigitte-bardot-sa-sante-inquiete-jusquaux-etats-unis\" target=\"_blank\" rel=\"noopener\">Brigitte Bardot \u00e9tait encore hospitalis\u00e9e<\/a>, la fondation qui porte son nom a proc\u00e9d\u00e9 \u00e0 l\u2019\u00e9vacuation d\u2019une quarantaine d\u2019animaux vivant \u00e0 la Garrigue : ch\u00e8vres, oies, canards, poules, chiens, et Bonhomme, l\u2019\u00e2ne embl\u00e9matique de la propri\u00e9t\u00e9.<\/p>\n<p>Une intervention encadr\u00e9e par des vigiles, ce qui a particuli\u00e8rement surpris <strong>\u00c9ric Gousset<\/strong>, le gardien des lieux. Interrog\u00e9 par Nice-Matin, il raconte avoir assist\u00e9, impuissant, \u00e0 ce qu\u2019il d\u00e9crit comme un <strong>vide soudain<\/strong> de la propri\u00e9t\u00e9 : \u00ab\u00a0La fondation m\u2019enl\u00e8ve mes animaux \u00e0 mon insu. Je ne comprends pas ce qu\u2019il se passe\u00a0\u00bb. <\/p>\n<p>Ce t\u00e9moignage a rapidement suscit\u00e9 l\u2019\u00e9motion autour du domaine et aliment\u00e9 l\u2019id\u00e9e d\u2019une op\u00e9ration h\u00e2tive, voire brutale.<\/p>\n<p>Bernard d\u2019Ormale : le mari de Brigitte Bardot contre-attaque<\/p>\n<p>Face \u00e0 ces accusations, <strong>Bernard d\u2019Ormale<\/strong>, l\u2019\u00e9poux de Brigitte Bardot, a d\u00e9cid\u00e9 de sortir de son silence. Tr\u00e8s remont\u00e9, il d\u00e9nonce des propos mensongers et des \u00ab\u00a0all\u00e9gations absurdes\u00a0\u00bb : \u00ab\u00a0Monsieur Gousset dit n\u2019importe quoi !\u00a0\u00bb. <\/p>\n<p>Selon lui, la Fondation n\u2019aurait fait qu\u2019agir sur la base de <strong>rapports v\u00e9t\u00e9rinaires<\/strong> faisant \u00e9tat de manquements s\u00e9rieux dans l\u2019entretien des animaux : \u00ab\u00a0Il maltraite les animaux, un comble \u00e0 la Garrigue ! Les b\u00eates sont mal nourries, vivent dans la salet\u00e9. Ce type est un cingl\u00e9 ! Des plaintes vont suivre\u00a0\u00bb. <\/p>\n<p>Des d\u00e9clarations extr\u00eamement dures, qui ont imm\u00e9diatement relanc\u00e9 le d\u00e9bat sur les v\u00e9ritables conditions de vie des animaux \u00e0 la Garrigue, d\u00e9bat dans lequel chaque camp rejette fermement les accusations de l\u2019autre.<\/p>\n<p>\n          Hits &amp; People en continu\n        <\/p>\n<p>\n          Public Radio\n        <\/p>\n<p>      Mentionn\u00e9s dans cet article<\/p>\n<p>      Sur le m\u00eame sujet<\/p>\n","protected":false},"excerpt":{"rendered":"\u00c0 Saint-Tropez, la Garrigue, propri\u00e9t\u00e9 embl\u00e9matique de Brigitte Bardot, a longtemps \u00e9t\u00e9 d\u00e9crite comme un havre de paix&hellip;\n","protected":false},"author":2,"featured_media":580176,"comment_status":"","ping_status":"","sticky":false,"template":"","format":"standard","meta":{"footnotes":""},"categories":[8],"tags":[1867,20224,58,59,1011,27,71],"class_list":{"0":"post-580175","1":"post","2":"type-post","3":"status-publish","4":"format-standard","5":"has-post-thumbnail","7":"category-divertissement","8":"tag-animaux","9":"tag-brigitte-bardot","10":"tag-divertissement","11":"tag-entertainment","12":"tag-fr","13":"tag-france","14":"tag-sante"},"share_on_mastodon":{"url":"https:\/\/pubeurope.com\/@fr\/115667778116594290","error":""},"_links":{"self":[{"href":"https:\/\/www.europesays.com\/fr\/wp-json\/wp\/v2\/posts\/580175","targetHints":{"allow":["GET"]}}],"collection":[{"href":"https:\/\/www.europesays.com\/fr\/wp-json\/wp\/v2\/posts"}],"about":[{"href":"https:\/\/www.europesays.com\/fr\/wp-json\/wp\/v2\/types\/post"}],"author":[{"embeddable":true,"href":"https:\/\/www.europesays.com\/fr\/wp-json\/wp\/v2\/users\/2"}],"replies":[{"embeddable":true,"href":"https:\/\/www.europesays.com\/fr\/wp-json\/wp\/v2\/comments?post=580175"}],"version-history":[{"count":0,"href":"https:\/\/www.europesays.com\/fr\/wp-json\/wp\/v2\/posts\/580175\/revisions"}],"wp:featuredmedia":[{"embeddable":true,"href":"https:\/\/www.europesays.com\/fr\/wp-json\/wp\/v2\/media\/580176"}],"wp:attachment":[{"href":"https:\/\/www.europesays.com\/fr\/wp-json\/wp\/v2\/media?parent=580175"}],"wp:term":[{"taxonomy":"category","embeddable":true,"href":"https:\/\/www.europesays.com\/fr\/wp-json\/wp\/v2\/categories?post=580175"},{"taxonomy":"post_tag","embeddable":true,"href":"https:\/\/www.europesays.com\/fr\/wp-json\/wp\/v2\/tags?post=580175"}],"curies":[{"name":"wp","href":"https:\/\/api.w.org\/{rel}","templated":true}]}}