{"id":580177,"date":"2025-12-05T15:56:17","date_gmt":"2025-12-05T15:56:17","guid":{"rendered":"https:\/\/www.europesays.com\/fr\/580177\/"},"modified":"2025-12-05T15:56:17","modified_gmt":"2025-12-05T15:56:17","slug":"boulanger-liquide-son-stock-de-lapple-watch-se-2022-une-montre-connectee-encore-tres-recommandable-a-prix-mini","status":"publish","type":"post","link":"https:\/\/www.europesays.com\/fr\/580177\/","title":{"rendered":"Boulanger liquide son stock de l\u2019Apple Watch SE (2022), une montre connect\u00e9e encore tr\u00e8s recommandable \u00e0 prix mini"},"content":{"rendered":"<p>L\u2019Apple Watch SE 3 est d\u00e9sormais la nouvelle montre connect\u00e9e abordable de la marque \u00e0 la Pomme. La Watch SE 2 reste tout de m\u00eame int\u00e9ressante, surtout maintenant que cette derni\u00e8re chute \u00e0 179 euros. <\/p>\n<p><a target=\"_blank\" href=\"https:\/\/images.frandroid.com\/wp-content\/uploads\/2025\/10\/apple-watch-se-2022.jpg\" class=\"article-content__figure\" rel=\"noopener\"><img fetchpriority=\"high\" decoding=\"async\" loading=\"eager\" width=\"1200\" height=\"800\" src=\"https:\/\/www.europesays.com\/fr\/wp-content\/uploads\/2025\/12\/apple-watch-se-2022.jpg\" alt=\"\" class=\"wp-image-2899743 wp-image wp-image\"  \/><\/a>Apple Watch SE 2022 \/\/ Source : frandroid.com<\/p>\n<p>Dans le catalogue de montres connect\u00e9es d\u2019Apple, on trouve la Watch SE, une s\u00e9rie qui propose l\u2019essentiel : suivi sant\u00e9, activit\u00e9, sommeil, d\u00e9tection d\u2019accident\u2026\u00a0Certes, elle s\u2019accompagne de quelques concessions, elle offre une exp\u00e9rience quasi compl\u00e8te. Et si <a href=\"https:\/\/www.frandroid.com\/produits\/montres-bracelet-connectes\/apple\/2788657-apple-watch-se-3\" target=\"_blank\" rel=\"noopener\">une nouvelle version de sa montre abordable<\/a> est d\u00e9sormais disponible, la version 2022 a encore de bons restes. D\u2019autant plus qu\u2019aujourd\u2019hui, <a href=\"https:\/\/shop.frandroid.com\/lswedj8b\" target=\"_blank\" rel=\"noreferrer noopener affiliate nofollow\" data-gtm=\"{&quot;event&quot;:&quot;afficlic&quot;,&quot;nom_marchand&quot;:&quot;boulanger&quot;,&quot;nom_produit&quot;:&quot;inconnu&quot;,&quot;categorie_produit&quot;:&quot;inconnu&quot;,&quot;module_produit&quot;:&quot;editolink&quot;,&quot;position_marchand&quot;:0,&quot;texte&quot;:&quot;elle-coute-moins-de-180-euros-chez-boulanger&quot;,&quot;offer_url&quot;:&quot;https:\/\/shop.frandroid.com\/lswedj8b&quot;,&quot;zone&quot;:&quot;contenu-page&quot;}\">elle co\u00fbte moins de 180 euros chez Boulanger.<\/a><\/p>\n<p>Pourquoi choisir l\u2019Apple Watch SE (2022) ?<\/p>\n<ul class=\"wp-block-list\">\n<li>Pour les deux jours complets d\u2019autonomie<\/li>\n<li>Pour son excellent suivi de la fr\u00e9quence cardiaque<\/li>\n<li>Et pour son bon suivi GPS<\/li>\n<\/ul>\n<p>Lanc\u00e9 \u00e0 \u00e0 249 euros, puis r\u00e9duit \u00e0 209 euros, l\u2019Apple Watch SE (2022) se trouve actuellement <a href=\"https:\/\/shop.frandroid.com\/lswedj8b\" target=\"_blank\" rel=\"noreferrer noopener affiliate nofollow\" data-gtm=\"{&quot;event&quot;:&quot;afficlic&quot;,&quot;nom_marchand&quot;:&quot;boulanger&quot;,&quot;nom_produit&quot;:&quot;inconnu&quot;,&quot;categorie_produit&quot;:&quot;inconnu&quot;,&quot;module_produit&quot;:&quot;editolink&quot;,&quot;position_marchand&quot;:0,&quot;texte&quot;:&quot;en-promotion-a-179-euros-sur-le-site-boulanger&quot;,&quot;offer_url&quot;:&quot;https:\/\/shop.frandroid.com\/lswedj8b&quot;,&quot;zone&quot;:&quot;contenu-page&quot;}\">en promotion \u00e0 179 euros sur le site Boulanger.<\/a><\/p>\n<p>Si, par la suite, l\u2019offre mentionn\u00e9e dans cet article n\u2019est plus disponible, merci de jeter un coup d\u2019\u0153il ci-dessous afin de d\u00e9nicher d\u2019autres offres concernant l\u2019Apple Watch SE (2022). Le tableau s\u2019actualise automatiquement. <\/p>\n<p>                <img decoding=\"async\" width=\"1200\" height=\"446\" loading=\"lazy\" alt=\"Affiliates_1325x492_Frandroid-Watch\" title=\"Affiliates_1325x492_Frandroid-Watch\" class=\"is-radiusless placeholder-default wp-image\" src=\"https:\/\/www.europesays.com\/fr\/wp-content\/uploads\/2025\/12\/affiliates-1325x492-frandroid-watch-1200x446.jpg\" \/>            <\/p>\n<p>\n                    L\u2019Apple Watch Ultra est \u00e0 prix cass\u00e9                <\/p>\n<p class=\"has-text-weight-medium is-size-6 is-line-height-normal\">\n                    Et si pendant le Black Friday, vous profitiez du reconditionn\u00e9 pour faire encore plus d\u2019\u00e9conomies ? Chez Back Market, l\u2019Apple Watch Ultra co\u00fbte moins de 375 euros avec le code KDO2025, valable sur toutes les montres connect\u00e9es.                <\/p>\n<p>Un design toujours dans l\u2019air du temps<\/p>\n<p><a href=\"https:\/\/www.frandroid.com\/produits\/montres-bracelet-connectes\/apple\/1460844-apple-watch-se-2022\" target=\"_blank\" rel=\"noopener\">L\u2019Apple Watch SE (2022)<\/a> a beau dat\u00e9 d\u2019il y a trois ans, elle n\u2019a rien \u00e0 envier esth\u00e9tiquement au nouveau mod\u00e8le. Elle poss\u00e8de le m\u00eame format carr\u00e9 embl\u00e9matique de la marque, avec ses bords arrondis, avec bien s\u00fbr, la Digital Crown permettant de naviguer dans l\u2019interface. Et si ce mod\u00e8le est entour\u00e9 de bordures bien visibles, le nouveau n\u2019apporte pas de correction de ce c\u00f4t\u00e9-l\u00e0. <\/p>\n<p>Une fois \u00e0 votre poignet, elle est agr\u00e9able \u00e0 porter et laisse d\u00e9couvrir une belle dalle OLED LTPO bien lumineuse, y compris en plein soleil gr\u00e2ce \u00e0 sa luminosit\u00e9 capable d\u2019atteindre les 1000\u00a0cd\/m\u00b2. De quoi lire confortablement les informations affich\u00e9es dessus. On regrettera toutefois l\u2019absence du mode Always-on, qui est d\u00e9sormais disponible que la Watch SE 3. <\/p>\n<p>Un suivi qui va \u00e0 l\u2019essentiel <\/p>\n<p>M\u00eame si Apple a fait des progr\u00e8s et a enrichi son nouveau mod\u00e8le d\u2019un nouveau capteur de temp\u00e9rature, la version 2022 propose un suivi des activit\u00e9s sportives tr\u00e8s complet comme la marche, la course \u00e0 pied, la musculation ou encore la natation (la montre est \u00e9tanche jusqu\u2019\u00e0 50 m), que vous pouvez ensuite retrouver directement sur votre\u00a0iPhone. <\/p>\n<p>Son GPS s\u2019est montr\u00e9 tr\u00e8s bon lors de notre test. Vous allez donc avoir un suivi pr\u00e9cis de votre entra\u00eenement. Le suivi de\u00a0<a href=\"https:\/\/www.frandroid.com\/produits-android\/accessoires-objets-connectes\/montres-connectees-2\/786255_rythme-cardiaque-vo2max-spo2-ecg-comment-les-montres-connectees-prennent-soin-de-votre-coeur\" target=\"_blank\" rel=\"noopener\">la fr\u00e9quence cardiaque<\/a>\u00a0nous a aussi impressionn\u00e9s, et n\u2019est pas loin d\u2019\u00eatre aussi pr\u00e9cis qu\u2019<a href=\"https:\/\/www.frandroid.com\/produits-android\/accessoires-objets-connectes\/montres-connectees-2\/2012074_montre-de-sport-ceinture-cardio-brassard-comment-mesurer-precisement-votre-frequence-cardiaque-durant-le-sport\" target=\"_blank\" rel=\"noopener\">une ceinture cardiaque.<\/a> Niveau sant\u00e9, elle donne acc\u00e8s au suivi du rythme cardiaque, \u00e0 la d\u00e9tection de chute ou encore au suivi du sommeil et des cycles menstruels. <\/p>\n<p>Priv\u00e9e des capteurs tels que l\u2019oxym\u00e8tre et l\u2019ECG, la SE 2e gen se rattrape en proposant une belle autonomie. Durant notre test, elle a pu tenir deux jours cons\u00e9cutifs sans aucun probl\u00e8me, voir plus. Parfait donc pour tenir la nuit et mesurer son sommeil, et encha\u00eener la journ\u00e9e suivante.<\/p>\n<p>Obtenez plus de d\u00e9tails dans <a href=\"https:\/\/www.frandroid.com\/marques\/apple\/1485162_test-de-lapple-watch-se-2022-tout-ce-quil-faut-au-juste-prix\" target=\"_blank\" rel=\"noopener\">notre test de l\u2019Apple Watch SE (2022)<\/a>, et si la derni\u00e8re version vous fait de l\u2019\u0153il, n\u2019h\u00e9sitez pas \u00e0 consulter <a href=\"https:\/\/www.frandroid.com\/marques\/apple\/2803255_test-de-lapple-watch-se-3-la-montre-la-plus-accessible-dapple-est-aussi-la-plus-interessante\" target=\"_blank\" rel=\"noopener\">notre test sur l\u2019Apple Watch SE 3.<\/a> <\/p>\n<p>Si vous souhaitez d\u00e9couvrir d\u2019autres r\u00e9f\u00e9rences pour les comparer avec l\u2019Apple Watch SE, nous vous invitons d\u00e8s maintenant \u00e0 consulter\u00a0<a href=\"https:\/\/www.frandroid.com\/produits-android\/accessoires-objets-connectes\/montres-connectees-2\/321259_7-suggestions-de-montres-connectees-en-2018\" target=\"_blank\" rel=\"noopener\">notre guide des meilleures montres connect\u00e9es du moment<\/a>.<\/p>\n","protected":false},"excerpt":{"rendered":"L\u2019Apple Watch SE 3 est d\u00e9sormais la nouvelle montre connect\u00e9e abordable de la marque \u00e0 la Pomme. La&hellip;\n","protected":false},"author":2,"featured_media":580178,"comment_status":"","ping_status":"","sticky":false,"template":"","format":"standard","meta":{"footnotes":""},"categories":[7],"tags":[69404,3042,1011,27,43,40,41,39,42,44],"class_list":{"0":"post-580177","1":"post","2":"type-post","3":"status-publish","4":"format-standard","5":"has-post-thumbnail","7":"category-sciences-et-technologies","8":"tag-apple-watch-se-2022","9":"tag-bons-plans-boulanger","10":"tag-fr","11":"tag-france","12":"tag-science","13":"tag-science-and-technology","14":"tag-sciences","15":"tag-sciences-et-technologies","16":"tag-technologies","17":"tag-technology"},"share_on_mastodon":{"url":"https:\/\/pubeurope.com\/@fr\/115667782743642882","error":""},"_links":{"self":[{"href":"https:\/\/www.europesays.com\/fr\/wp-json\/wp\/v2\/posts\/580177","targetHints":{"allow":["GET"]}}],"collection":[{"href":"https:\/\/www.europesays.com\/fr\/wp-json\/wp\/v2\/posts"}],"about":[{"href":"https:\/\/www.europesays.com\/fr\/wp-json\/wp\/v2\/types\/post"}],"author":[{"embeddable":true,"href":"https:\/\/www.europesays.com\/fr\/wp-json\/wp\/v2\/users\/2"}],"replies":[{"embeddable":true,"href":"https:\/\/www.europesays.com\/fr\/wp-json\/wp\/v2\/comments?post=580177"}],"version-history":[{"count":0,"href":"https:\/\/www.europesays.com\/fr\/wp-json\/wp\/v2\/posts\/580177\/revisions"}],"wp:featuredmedia":[{"embeddable":true,"href":"https:\/\/www.europesays.com\/fr\/wp-json\/wp\/v2\/media\/580178"}],"wp:attachment":[{"href":"https:\/\/www.europesays.com\/fr\/wp-json\/wp\/v2\/media?parent=580177"}],"wp:term":[{"taxonomy":"category","embeddable":true,"href":"https:\/\/www.europesays.com\/fr\/wp-json\/wp\/v2\/categories?post=580177"},{"taxonomy":"post_tag","embeddable":true,"href":"https:\/\/www.europesays.com\/fr\/wp-json\/wp\/v2\/tags?post=580177"}],"curies":[{"name":"wp","href":"https:\/\/api.w.org\/{rel}","templated":true}]}}