{"id":580195,"date":"2025-12-05T16:06:09","date_gmt":"2025-12-05T16:06:09","guid":{"rendered":"https:\/\/www.europesays.com\/fr\/580195\/"},"modified":"2025-12-05T16:06:09","modified_gmt":"2025-12-05T16:06:09","slug":"champions-cup-ollivon-ne-peut-pas-jouer-avec-toulon-mignoni-en-colere","status":"publish","type":"post","link":"https:\/\/www.europesays.com\/fr\/580195\/","title":{"rendered":"Champions Cup. Ollivon ne peut pas jouer avec Toulon, Mignoni en col\u00e8re"},"content":{"rendered":"<p>                    Par<br \/>\n        <strong><br \/>\n            <a href=\"https:\/\/actu.fr\/auteur\/emilie-dudonfournier\" title=\"Consulter tous les articles de Emilie Dudon-Fournier\" target=\"_blank\" rel=\"noopener\">Emilie Dudon-Fournier<\/a><br \/>\n                    <\/strong><\/p>\n<p>        Publi\u00e9 le<\/p>\n<p>            5 d\u00e9c. 2025 \u00e0 16h30        <\/p>\n<p><strong>Sorti sur commotion<\/strong> contre l\u2019Australie le 22 novembre dernier (48-33), le 3e ligne international de <a href=\"https:\/\/actu.fr\/tag\/rct-rugby-club-toulonnais\" target=\"_blank\" rel=\"noopener\">Toulon<\/a> <strong>Charles Ollivon<\/strong> n\u2019avait pas \u00e9t\u00e9 align\u00e9 avec son club depuis. Il avait donc manqu\u00e9 la victoire contre Montauban samedi dernier (54-28) mais \u00e9tait apte pour la premi\u00e8re journ\u00e9e du Champions Cup ce week-end. Enfin, c\u2019est ce que tout le monde pensait au RCT selon <strong>le protocole de retour \u00e0 la comp\u00e9tition<\/strong> suivi par le joueur\u2026<\/p>\n<p class=\" wall-content\">Sauf que le capitaine toulonnais, qui avait \u00e9t\u00e9 pr\u00e9vu et annonc\u00e9 comme titulaire pour le match contre Edimbourg dimanche, a \u00e9t\u00e9<strong> interdit de jouer par une commission m\u00e9dicale<\/strong> externe apr\u00e8s avoir \u00e9t\u00e9 examin\u00e9 \u00e0 distance par un neurologue ind\u00e9pendant. \u00ab\u00a0On l\u2019a sorti de l\u2019\u00e9quipe\u00a0\u00bb, a souffl\u00e9 Pierre Mignoni.<\/p>\n<p>Ollivon : \u00ab\u00a0Je suis pr\u00eat \u00e0 jouer\u00a0\u00bb<\/p>\n<p class=\" wall-content\">Une d\u00e9cision qui a mis <strong>en col\u00e8re<\/strong> le manager varois<strong>,<\/strong> ainsi qu\u2019il ne s\u2019en est pas cach\u00e9 lors de la conf\u00e9rence de presse d\u2019avant-match : \u00ab\u00a0Il s\u2019est entra\u00een\u00e9 normalement. Charles a dit lui-m\u00eame : \u2018Je suis pr\u00eat \u00e0 jouer&rsquo;\u00a0\u00bb, a d\u00e9clar\u00e9 Mignoni. \u00ab\u00a0Apr\u00e8s, il y a un m\u00e9decin ext\u00e9rieur doit aussi valider la reprise du joueur. Charles a fait un entretien en visio. Cette personne-l\u00e0 a dit non. Il a ses raisons, il a certainement raison. Mais nous, <strong>nous estimons qu\u2019il \u00e9tait apte \u00e0 jouer<\/strong>.\u00a0\u00bb<\/p>\n<p>Une d\u00e9cision \u00ab\u00a0politique\u00a0\u00bb selon Pierre Mignoni<\/p>\n<p class=\" wall-content\">Selon l\u2019ancien demi de m\u00eal\u00e9e international, il s\u2019agit d\u2019une d\u00e9cision \u00ab\u00a0politique\u00a0\u00bb, m\u00eame s\u2019il a rappel\u00e9 que les \u00ab\u00a0commotions sont un vrai sujet. Il est hors de question de faire jouer quelqu\u2019un qui n\u2019est pas \u00e0 100%. Mais \u00e0 un moment donn\u00e9 c\u2019est comme pour les prot\u00e8ge-dents connect\u00e9s. Parfois \u00e7a marche et parfois \u00e7a ne marche pas. On est donc dans la politique, on se couvre\u00a0\u00bb.<\/p>\n<blockquote class=\"ac-article-quote wall-content\">\n<p>\u00ab\u00a0On est l\u00e0 pour prot\u00e9ger les joueurs, en premier, et, en second, pour performer. \u00c7a s\u2019appelle de la haute performance, c\u2019est-\u00e0-dire gagner, avec des joueurs qui sont en capacit\u00e9 de jouer.\u00a0\u00bb<\/p>\n<p>    <strong>Pierre Mignoni<\/strong><br \/>\n        Manager de Toulon    <\/p><\/blockquote>\n<p class=\" wall-content\">Une chose est certaine : la d\u00e9cision du neurologue ind\u00e9pendant prive Toulon de son capitaine pour cette premi\u00e8re journ\u00e9e de Champions Cup. <strong>Le RCT devra composer sans <a href=\"https:\/\/actu.fr\/tag\/charles-ollivon\" target=\"_blank\" rel=\"noopener\">Charles Ollivon<\/a>,<\/strong> en attendant un feu vert m\u00e9dical qui, cette fois, fera consensus entre toutes les parties.<\/p>\n<p class=\" wall-content\">.\u00a0<\/p>\n<p>Votre r\u00e9gion, votre actu !<\/p>\n<p>Recevez chaque jour les infos qui comptent pour vous.<\/p>\n<p>\t<a href=\"https:\/\/actu.fr\/newsletter\" class=\"ac-btn ac-btn--corner ac-btn--medium ac-btn--blue800\" target=\"_blank\" rel=\"noopener\">S&rsquo;incrire<\/a><\/p>\n<p class=\" wall-content\"><strong>avec AFP<\/strong><\/p>\n<p class=\" wall-content\">Personnalisez votre actualit\u00e9 en ajoutant vos villes et m\u00e9dias en favori avec <a href=\"https:\/\/moncompte.actu.fr\" title=\"D\u00e9couvez Mon Actu\" rel=\"nofollow noopener\" data-trk=\"{&quot;cta&quot;:{&quot;action&quot;:&quot;https:\\\/\\\/moncompte.actu.fr&quot;,&quot;category&quot;:&quot;mon compte&quot;,&quot;from&quot;:&quot;article footer&quot;,&quot;name&quot;:&quot;Mon actu&quot;,&quot;type&quot;:&quot;cta&quot;}}\" target=\"_blank\">Mon Actu<\/a>.<\/p>\n","protected":false},"excerpt":{"rendered":"Par Emilie Dudon-Fournier Publi\u00e9 le 5 d\u00e9c. 2025 \u00e0 16h30 Sorti sur commotion contre l\u2019Australie le 22 novembre&hellip;\n","protected":false},"author":2,"featured_media":580196,"comment_status":"","ping_status":"","sticky":false,"template":"","format":"standard","meta":{"footnotes":""},"categories":[9619],"tags":[1111,11,41986,1089,1777,674,1011,27,12,882,6717,25,479,60,2310],"class_list":{"0":"post-580195","1":"post","2":"type-post","3":"status-publish","4":"format-standard","5":"has-post-thumbnail","7":"category-toulon","8":"tag-actu","9":"tag-actualites","10":"tag-charles-ollivon","11":"tag-coupe-deurope","12":"tag-eu","13":"tag-europe","14":"tag-fr","15":"tag-france","16":"tag-news","17":"tag-provence-alpes-cote-dazur","18":"tag-rct-rugby-club-toulonnais","19":"tag-republique-francaise","20":"tag-rugby","21":"tag-sports","22":"tag-toulon"},"share_on_mastodon":{"url":"https:\/\/pubeurope.com\/@fr\/115667821308756017","error":""},"_links":{"self":[{"href":"https:\/\/www.europesays.com\/fr\/wp-json\/wp\/v2\/posts\/580195","targetHints":{"allow":["GET"]}}],"collection":[{"href":"https:\/\/www.europesays.com\/fr\/wp-json\/wp\/v2\/posts"}],"about":[{"href":"https:\/\/www.europesays.com\/fr\/wp-json\/wp\/v2\/types\/post"}],"author":[{"embeddable":true,"href":"https:\/\/www.europesays.com\/fr\/wp-json\/wp\/v2\/users\/2"}],"replies":[{"embeddable":true,"href":"https:\/\/www.europesays.com\/fr\/wp-json\/wp\/v2\/comments?post=580195"}],"version-history":[{"count":0,"href":"https:\/\/www.europesays.com\/fr\/wp-json\/wp\/v2\/posts\/580195\/revisions"}],"wp:featuredmedia":[{"embeddable":true,"href":"https:\/\/www.europesays.com\/fr\/wp-json\/wp\/v2\/media\/580196"}],"wp:attachment":[{"href":"https:\/\/www.europesays.com\/fr\/wp-json\/wp\/v2\/media?parent=580195"}],"wp:term":[{"taxonomy":"category","embeddable":true,"href":"https:\/\/www.europesays.com\/fr\/wp-json\/wp\/v2\/categories?post=580195"},{"taxonomy":"post_tag","embeddable":true,"href":"https:\/\/www.europesays.com\/fr\/wp-json\/wp\/v2\/tags?post=580195"}],"curies":[{"name":"wp","href":"https:\/\/api.w.org\/{rel}","templated":true}]}}