{"id":580209,"date":"2025-12-05T16:14:11","date_gmt":"2025-12-05T16:14:11","guid":{"rendered":"https:\/\/www.europesays.com\/fr\/580209\/"},"modified":"2025-12-05T16:14:11","modified_gmt":"2025-12-05T16:14:11","slug":"des-ados-au-parcours-chaotique-invites-vip-aux-trans-musicales","status":"publish","type":"post","link":"https:\/\/www.europesays.com\/fr\/580209\/","title":{"rendered":"des ados au parcours chaotique invit\u00e9s VIP aux Trans Musicales"},"content":{"rendered":"<p>                    Par<br \/>\n        <strong><br \/>\n            <a href=\"https:\/\/actu.fr\/auteur\/raphael-lardeur\" title=\"Consulter tous les articles de Rapha\u00ebl Lardeur\" target=\"_blank\" rel=\"noopener\">Rapha\u00ebl Lardeur<\/a><br \/>\n                    <\/strong><\/p>\n<p>        Publi\u00e9 le<\/p>\n<p>            5 d\u00e9c. 2025 \u00e0 16h55        <\/p>\n<p>Assister aux balances d\u2019un concert, r\u00e9aliser des interviews, se glisser dans les coulisses du <a href=\"https:\/\/actu.fr\/tag\/festival-trans-musicales\" target=\"_blank\" rel=\"noopener\">festival des Trans Musicales de 2025<\/a>\u2026 Le jeudi 4 d\u00e9cembre 2025, cinq adolescents \u00e0 l\u2019enfance caboss\u00e9e, de 13 \u00e0 17 ans, ont profit\u00e9 d\u2019une journ\u00e9e taill\u00e9e sur mesure.<\/p>\n<p>    <a href=\"https:\/\/playerbeta.octopus.saooti.com\/miniplayer\/default\/2121716?distributorId=6cc88bd2-a01b-4bf0-9bc4-949dec682133&amp;color=30A1EF&amp;theme=ffffff&amp;wave=false\" title=\"Ouvrie le lien\" target=\"_blank\" rel=\"noopener\">Cliquez ici pour visualiser le contenu<\/a><\/p>\n<p class=\" wall-content\">Dans ce nouvel \u00e9pisode du podcast <strong>\u00ab\u00a0Les gens du coin\u00a0\u00bb<\/strong>, <a href=\"https:\/\/actu.fr\/\" target=\"_blank\" rel=\"noopener\">actu.fr<\/a> donne la parole \u00e0 cette jeunesse des foyers, des familles d\u2019accueil, des placements, mais aussi \u00e0 cette jeunesse combative.<\/p>\n<p>Oublier leur r\u00e9alit\u00e9 l\u2019espace d\u2019une soir\u00e9e<\/p>\n<p class=\" wall-content\">\u00ab\u00a0Pendant la dur\u00e9e d\u2019un concert, je ne pense plus \u00e0 rien.\u00a0\u00bb Le sourire de Lucas, 17 ans, r\u00e9v\u00e8le son enthousiasme. Dans l\u2019apr\u00e8s-midi, l\u2019adolescent a assist\u00e9 \u00e0 un showcase endiabl\u00e9 <a href=\"https:\/\/www.youtube.com\/watch?v=SACDNZOWdk8\" target=\"_blank\" rel=\"noopener\">du groupe Blind Yeo<\/a>. Il l\u2019a m\u00eame film\u00e9. \u00ab\u00a0Pour des souvenirs\u00a0\u00bb, dit-il. L\u2019espace de quelques minutes, la m\u00e9lodie folk cosmique fait oublier au jeune homme sa r\u00e9alit\u00e9 : le placement en famille apr\u00e8s avoir subi des violences intrafamiliales.<\/p>\n<p class=\" wall-content\">\u00ab\u00a0\u00c7a leur donne une importance, une certaine consid\u00e9ration\u00a0\u00bb, explique Nicolas Barbarit. Avec Jeanne Boistay et Tiphaine Le Petit, les deux autres \u00e9ducatrices de la journ\u00e9e, l\u2019accompagnant du <a href=\"https:\/\/www.eph35.fr\/etablissements\/centre-de-l-enfance\" target=\"_blank\" rel=\"noopener\">SAJ<\/a>\u00a0(Services d\u2019accueil de jour) a coconstruit ce parcours avec le festival \u00ab\u00a0et surtout, les jeunes\u00a0\u00bb.<\/p>\n<blockquote class=\"ac-article-quote wall-content\">\n<p>Pour une fois, je me sens privil\u00e9gi\u00e9.<\/p>\n<p>    <strong>Hugo, 17 ans.<\/strong>\n            <\/p><\/blockquote>\n<p>\u00ab\u00a0\u00catre dans les coulisses, c\u2019est incroyable\u00a0\u00bb<\/p>\n<p class=\" wall-content\">Apr\u00e8s une interview de la chanteuse rennaise <a href=\"https:\/\/www.youtube.com\/watch?v=ymNrZLflZEU\" target=\"_blank\" rel=\"noopener\">Odoneila<\/a>, direction les concerts. Au Libert\u00e9 (salle de concert dans le centre de Rennes) d\u2019abord, puis le parc des expositions. Dans le minibus, la jeunesse piaffe d\u2019impatience. Une fois dans les hangars, ils sont ballot\u00e9s de sc\u00e8ne en sc\u00e8ne, la lumi\u00e8re plein la r\u00e9tine. \u00ab\u00a0Et l\u00e0, je vous emm\u00e8ne dans les coulisses de <a href=\"https:\/\/www.youtube.com\/watch?v=5Ugqo5dhL2A&amp;list=RD5Ugqo5dhL2A&amp;start_radio=1\" target=\"_blank\" rel=\"noopener\">Martin Dupont<\/a>\u00ab\u00a0, s\u2019enthousiasme Yann Le Nasbaque, attach\u00e9 \u00e0 l\u2019action culturelle au sein du festival.<\/p>\n<p>Votre r\u00e9gion, votre actu !<\/p>\n<p>Recevez chaque jour les infos qui comptent pour vous.<\/p>\n<p>\t<a href=\"https:\/\/actu.fr\/newsletter\" class=\"ac-btn ac-btn--corner ac-btn--medium ac-btn--blue800\" target=\"_blank\" rel=\"noopener\">S&rsquo;incrire<\/a><\/p>\n<p class=\" wall-content\">\u00ab\u00a0C\u2019est incroyable d\u2019\u00eatre l\u00e0\u00a0\u00bb, murmurent, \u00e9berlu\u00e9s, Hugo et Tomy, 13 et 15 ans. \u00ab\u00a0On va chercher les publics qui n\u2019ont pas forc\u00e9ment acc\u00e8s \u00e0 la culture et aux concerts\u00a0\u00bb, ajoute Yann. L\u2019\u00e9ducation populaire au sein des Trans Musicales, c\u2019est un sacerdoce.<\/p>\n<p class=\" wall-content\">Pour entendre tout le parcours des jeunes au festival des Trans Musicales, <a href=\"https:\/\/actu.fr\/\" target=\"_blank\" rel=\"noopener\">actu.fr<\/a> vous invite \u00e0 \u00e9couter le reportage.<\/p>\n<p>Disponible gratuitement sur toutes les plateformes<\/p>\n<p class=\" wall-content\">Vous pouvez \u00e9galement retrouver cet \u00e9pisode sur vos plateformes de streaming audio pr\u00e9f\u00e9r\u00e9es, ci-dessous\u2009:<\/p>\n<p class=\" wall-content\">Bonne \u00e9coute\u2009!<\/p>\n<p>Retrouvez \u00e9galement ici tous les \u00e9pisodes du podcast <a href=\"https:\/\/playerbeta.octopus.saooti.com\/miniplayer\/emission\/11208\/3?distributorId=6cc88bd2-a01b-4bf0-9bc4-949dec682133&amp;color=30A1EF&amp;theme=ffffff&amp;wave=false\" target=\"_blank\" rel=\"noopener\">Les gens du coin<\/a>.<\/p>\n<p class=\" wall-content\">Personnalisez votre actualit\u00e9 en ajoutant vos villes et m\u00e9dias en favori avec <a href=\"https:\/\/moncompte.actu.fr\" title=\"D\u00e9couvez Mon Actu\" rel=\"nofollow noopener\" data-trk=\"{&quot;cta&quot;:{&quot;action&quot;:&quot;https:\\\/\\\/moncompte.actu.fr&quot;,&quot;category&quot;:&quot;mon compte&quot;,&quot;from&quot;:&quot;article footer&quot;,&quot;name&quot;:&quot;Mon actu&quot;,&quot;type&quot;:&quot;cta&quot;}}\" target=\"_blank\">Mon Actu<\/a>.<\/p>\n","protected":false},"excerpt":{"rendered":"Par Rapha\u00ebl Lardeur Publi\u00e9 le 5 d\u00e9c. 2025 \u00e0 16h55 Assister aux balances d\u2019un concert, r\u00e9aliser des interviews,&hellip;\n","protected":false},"author":2,"featured_media":580210,"comment_status":"","ping_status":"","sticky":false,"template":"","format":"standard","meta":{"footnotes":""},"categories":[2821],"tags":[1111,11,829,1777,674,69409,1011,27,12,3725,584,25,104,240],"class_list":{"0":"post-580209","1":"post","2":"type-post","3":"status-publish","4":"format-standard","5":"has-post-thumbnail","7":"category-rennes","8":"tag-actu","9":"tag-actualites","10":"tag-bretagne","11":"tag-eu","12":"tag-europe","13":"tag-festival-trans-musicales","14":"tag-fr","15":"tag-france","16":"tag-news","17":"tag-podcast","18":"tag-rennes","19":"tag-republique-francaise","20":"tag-societe","21":"tag-temoignage"},"share_on_mastodon":{"url":"https:\/\/pubeurope.com\/@fr\/115667852815144581","error":""},"_links":{"self":[{"href":"https:\/\/www.europesays.com\/fr\/wp-json\/wp\/v2\/posts\/580209","targetHints":{"allow":["GET"]}}],"collection":[{"href":"https:\/\/www.europesays.com\/fr\/wp-json\/wp\/v2\/posts"}],"about":[{"href":"https:\/\/www.europesays.com\/fr\/wp-json\/wp\/v2\/types\/post"}],"author":[{"embeddable":true,"href":"https:\/\/www.europesays.com\/fr\/wp-json\/wp\/v2\/users\/2"}],"replies":[{"embeddable":true,"href":"https:\/\/www.europesays.com\/fr\/wp-json\/wp\/v2\/comments?post=580209"}],"version-history":[{"count":0,"href":"https:\/\/www.europesays.com\/fr\/wp-json\/wp\/v2\/posts\/580209\/revisions"}],"wp:featuredmedia":[{"embeddable":true,"href":"https:\/\/www.europesays.com\/fr\/wp-json\/wp\/v2\/media\/580210"}],"wp:attachment":[{"href":"https:\/\/www.europesays.com\/fr\/wp-json\/wp\/v2\/media?parent=580209"}],"wp:term":[{"taxonomy":"category","embeddable":true,"href":"https:\/\/www.europesays.com\/fr\/wp-json\/wp\/v2\/categories?post=580209"},{"taxonomy":"post_tag","embeddable":true,"href":"https:\/\/www.europesays.com\/fr\/wp-json\/wp\/v2\/tags?post=580209"}],"curies":[{"name":"wp","href":"https:\/\/api.w.org\/{rel}","templated":true}]}}