{"id":580211,"date":"2025-12-05T16:15:15","date_gmt":"2025-12-05T16:15:15","guid":{"rendered":"https:\/\/www.europesays.com\/fr\/580211\/"},"modified":"2025-12-05T16:15:15","modified_gmt":"2025-12-05T16:15:15","slug":"les-parents-qui-avaient-menace-de-mort-un-enseignant-homme-interdits-dacces-a-lecole","status":"publish","type":"post","link":"https:\/\/www.europesays.com\/fr\/580211\/","title":{"rendered":"Les parents qui avaient menac\u00e9 de mort un enseignant homme interdits d\u2019acc\u00e8s \u00e0 l\u2019\u00e9cole"},"content":{"rendered":"<p>Il aura fallu attendre pr\u00e8s de deux mois. Deux mois pour que le rectorat de <a href=\"https:\/\/www.20minutes.fr\/rennes\/\" class=\"c-link c-link--is-underlined\" target=\"_blank\" rel=\"noopener\">Rennes<\/a> r\u00e9ponde aux inqui\u00e9tudes des enseignants de l\u2019\u00e9cole Cl\u00f4teaux. Depuis le 10\u00a0octobre et une altercation entre un enseignant et des <a href=\"https:\/\/www.20minutes.fr\/dossier\/parents_d_eleves-1\" class=\"c-link c-link--is-underlined\" target=\"_blank\" rel=\"noopener\">parents d\u2019\u00e9l\u00e8ve<\/a> de cette petite \u00e9cole rennaise, la situation n\u2019avait pas \u00e9t\u00e9 r\u00e9gl\u00e9e. Ce jour-l\u00e0, les parents d\u2019une enfant scolaris\u00e9e en maternelle avaient demand\u00e9 que leur fille ne soit plus scolaris\u00e9e dans une classe avec un enseignant homme, <a href=\"https:\/\/www.20minutes.fr\/faits_divers\/faits-divers-rennes\/4186568-20251119-rennes-parents-refusent-homme-enseigne-fille-menacent-mort-ecole-met-greve\" class=\"c-link c-link--is-underlined\" target=\"_blank\" rel=\"noopener\">comme l\u2019avait r\u00e9v\u00e9l\u00e9 20 Minutes<\/a>.<\/p>\n<p>Le couple avait ensuite menac\u00e9 de mort l\u2019instituteur de maternelle, suscitant l\u2019indignation de l\u2019\u00e9quipe enseignante. Tous unis derri\u00e8re le directeur de l\u2019<a href=\"https:\/\/www.20minutes.fr\/dossier\/ecole_maternelle\" class=\"c-link c-link--is-underlined\" target=\"_blank\" rel=\"noopener\">\u00e9cole maternelle<\/a>, les professeurs avaient demand\u00e9 que la famille soit chang\u00e9e d\u2019\u00e9cole. Sans solution, <a href=\"https:\/\/www.20minutes.fr\/societe\/greve\/4187066-20251121-ambiance-pesante-rennes-parents-enseignants-unis-apres-menaces-mort-famille\" class=\"c-link c-link--is-underlined\" target=\"_blank\" rel=\"noopener\">ils s\u2019\u00e9taient mis en gr\u00e8ve le 21\u00a0novembre<\/a>, provoquant une m\u00e9diatisation nationale bien involontaire. L\u2019affaire de cette petite \u00e9cole du quartier Br\u00e9quigny avait \u00e9t\u00e9 jusqu\u2019aux oreilles du ministre de l\u2019Education nationale. \u00ab\u00a0L\u2019\u00e9cole, ce n\u2019est pas le supermarch\u00e9\u00a0\u00bb, avait rappel\u00e9 \u00c9douard Geffray, \u00e9cartant \u00ab\u00a0tout motif religieux\u00a0\u00bb. Ce vendredi, une solution a \u00e9t\u00e9 trouv\u00e9e, a appris 20 Minutes.<\/p>\n<\/p>\n<p>L\u2019\u00e9quipe enseignante a \u00e9t\u00e9 r\u00e9unie jeudi apr\u00e8s-midi pour \u00eatre inform\u00e9e des dispositions prises par le directeur acad\u00e9mique. Ce dernier aurait demand\u00e9 l\u2019interdiction d\u2019acc\u00e8s de l\u2019\u00e9cole aux parents mis en cause, selon les syndicats. Ces derniers pourront accompagner leurs enfants mais n\u2019auront plus l\u2019autorisation de p\u00e9n\u00e9trer dans l\u2019enceinte \u00e0 compter du lundi. \u00ab Le directeur acad\u00e9mique a annonc\u00e9 la mise en \u0153uvre de mesures de protection renforc\u00e9es pour l\u2019ensemble des personnels \u00bb, pr\u00e9cise le rectorat, \u00e9voquant \u00ab la protection fonctionnelle \u00bb et \u00ab un accompagnement d\u00e9di\u00e9 \u00bb pour l&rsquo;enseignant.<\/p>\n<p>Selon Micka\u00ebl B\u00e9zard, secr\u00e9taire d\u00e9partemental du SNUDI Force ouvri\u00e8re d\u2019Ille-et-Vilaine, la scolarisation des enfants dans une autre \u00e9cole est envisag\u00e9e \u00ab\u00a0au plus tard apr\u00e8s les cong\u00e9s de fin d\u2019ann\u00e9e\u00a0\u00bb, le temps pour l\u2019administration de s\u2019organiser.<\/p>\n<p>Seulement 15\u00a0% d\u2019hommes chez les enseignants<\/p>\n<p>Apr\u00e8s les faits, le rectorat avait d\u00e9ploy\u00e9 une mesure de protection fonctionnelle \u00e0 l\u2019enseignant. Quant \u00e0 la famille, elle avait \u00e9t\u00e9 re\u00e7ue par la direction acad\u00e9mique et avait fait l\u2019objet d\u2019un \u00ab\u00a0rappel du cadre l\u00e9gal\u00a0\u00bb. Mais l\u2019affaire avait provoqu\u00e9 un v\u00e9ritable toll\u00e9 en France.<\/p>\n<p>Dans plusieurs \u00e9coles de Rennes, des personnels et enseignants s\u2019\u00e9taient mis en gr\u00e8ve, en soutien \u00e0 leur coll\u00e8gue. \u00ab\u00a0J\u2019ai le sentiment qu\u2019on ne peut plus travailler avec eux. Le lien a \u00e9t\u00e9 rompu. Ce n\u2019est plus possible\u00a0\u00bb, <a href=\"https:\/\/www.20minutes.fr\/societe\/greve\/4187876-20251125-rennes-plusieurs-scenarios-etude-apres-refus-famille-avoir-enseignant-homme\" class=\"c-link c-link--is-underlined\" target=\"_blank\" rel=\"noopener\">rappelait l\u2019un des enseignants de Cl\u00f4teaux<\/a> le jour de ce rassemblement. Un pr\u00e9avis de gr\u00e8ve pour le jeudi 11\u00a0d\u00e9cembre avait \u00e9t\u00e9 d\u00e9pos\u00e9 avant l\u2019annonce des mesures du directeur acad\u00e9mique. Pour l\u2019heure, il est maintenu. \u00ab\u00a0Parce qu\u2019il y a d\u2019autres situations qui concernent le personnel de l\u2019Education nationale\u00a0\u00bb, explique Micka\u00ebl B\u00e9zard. Avant de rappeler que \u00ab\u00a0<a href=\"https:\/\/www.20minutes.fr\/societe\/4177588-20251007-education-nationale-etude-ocde-pointe-mal-etre-enseignants-francais\" class=\"c-link c-link--is-underlined\" target=\"_blank\" rel=\"noopener\">les agressions verbales se multiplient<\/a>\u00a0\u00bb, \u00e0 l\u2019encontre des enseignants. Selon l\u2019\u00c9ducation nationale, moins de 15\u00a0% des professeurs des \u00e9coles\u00a0sont des hommes.<\/p>\n","protected":false},"excerpt":{"rendered":"Il aura fallu attendre pr\u00e8s de deux mois. Deux mois pour que le rectorat de Rennes r\u00e9ponde aux&hellip;\n","protected":false},"author":2,"featured_media":580212,"comment_status":"","ping_status":"","sticky":false,"template":"","format":"standard","meta":{"footnotes":""},"categories":[2821],"tags":[1111,47,11,829,1122,6688,1736,1777,674,1011,27,6151,848,7775,12,62678,1127,584,25,104],"class_list":{"0":"post-580211","1":"post","2":"type-post","3":"status-publish","4":"format-standard","5":"has-post-thumbnail","7":"category-rennes","8":"tag-actu","9":"tag-actualite","10":"tag-actualites","11":"tag-bretagne","12":"tag-ecole","13":"tag-ecole-maternelle","14":"tag-enseignant","15":"tag-eu","16":"tag-europe","17":"tag-fr","18":"tag-france","19":"tag-greve","20":"tag-ille-et-vilaine","21":"tag-menaces-de-mort","22":"tag-news","23":"tag-parents-deleves","24":"tag-professeur","25":"tag-rennes","26":"tag-republique-francaise","27":"tag-societe"},"share_on_mastodon":{"url":"https:\/\/pubeurope.com\/@fr\/115667856635355069","error":""},"_links":{"self":[{"href":"https:\/\/www.europesays.com\/fr\/wp-json\/wp\/v2\/posts\/580211","targetHints":{"allow":["GET"]}}],"collection":[{"href":"https:\/\/www.europesays.com\/fr\/wp-json\/wp\/v2\/posts"}],"about":[{"href":"https:\/\/www.europesays.com\/fr\/wp-json\/wp\/v2\/types\/post"}],"author":[{"embeddable":true,"href":"https:\/\/www.europesays.com\/fr\/wp-json\/wp\/v2\/users\/2"}],"replies":[{"embeddable":true,"href":"https:\/\/www.europesays.com\/fr\/wp-json\/wp\/v2\/comments?post=580211"}],"version-history":[{"count":0,"href":"https:\/\/www.europesays.com\/fr\/wp-json\/wp\/v2\/posts\/580211\/revisions"}],"wp:featuredmedia":[{"embeddable":true,"href":"https:\/\/www.europesays.com\/fr\/wp-json\/wp\/v2\/media\/580212"}],"wp:attachment":[{"href":"https:\/\/www.europesays.com\/fr\/wp-json\/wp\/v2\/media?parent=580211"}],"wp:term":[{"taxonomy":"category","embeddable":true,"href":"https:\/\/www.europesays.com\/fr\/wp-json\/wp\/v2\/categories?post=580211"},{"taxonomy":"post_tag","embeddable":true,"href":"https:\/\/www.europesays.com\/fr\/wp-json\/wp\/v2\/tags?post=580211"}],"curies":[{"name":"wp","href":"https:\/\/api.w.org\/{rel}","templated":true}]}}