{"id":580213,"date":"2025-12-05T16:16:20","date_gmt":"2025-12-05T16:16:20","guid":{"rendered":"https:\/\/www.europesays.com\/fr\/580213\/"},"modified":"2025-12-05T16:16:20","modified_gmt":"2025-12-05T16:16:20","slug":"strasbourg-cette-rue-du-centre-ville-va-devenir-en-partie-pietonne-voici-pourquoi","status":"publish","type":"post","link":"https:\/\/www.europesays.com\/fr\/580213\/","title":{"rendered":"Strasbourg. Cette rue du centre-ville va devenir en partie pi\u00e9tonne : voici pourquoi"},"content":{"rendered":"<p>                    Par<br \/>\n        <strong><br \/>\n            <a href=\"https:\/\/actu.fr\/auteur\/thomas-blanc\" title=\"Consulter tous les articles de Thomas Blanc\" target=\"_blank\" rel=\"noopener\">Thomas Blanc<\/a><br \/>\n                    <\/strong><\/p>\n<p>        Publi\u00e9 le<\/p>\n<p>            5 d\u00e9c. 2025 \u00e0 16h23        <\/p>\n<p>Dans le cadre de son plan pi\u00e9ton, la Ville de <a href=\"https:\/\/actu.fr\/strasbourg\/\" target=\"_blank\" rel=\"noopener\">Strasbourg<\/a> a mis en place 24 \u00ab\u2009<a href=\"https:\/\/actu.fr\/grand-est\/nancy_54395\/nancy-va-interdire-la-circulation-des-voitures-aux-entrees-et-sorties-de-certaines-ecoles_60956230.html\" target=\"_blank\" rel=\"noopener\">rues scolaires<\/a>\u2009\u00bb. Leur fonction\u2009: <strong>s\u00e9curiser l\u2019acc\u00e8s des enfants<\/strong> \u00e0 leurs \u00e9tablissements scolaires et limiter leur exposition \u00e0 la pollution en interdisant la circulation automobile dans les rues o\u00f9 se situent des <a href=\"https:\/\/actu.fr\/tag\/ecoles\" target=\"_blank\" rel=\"noopener\">\u00e9coles<\/a>. Dans certains cas la circulation n\u2019est coup\u00e9e qu\u2019aux heures d\u2019entr\u00e9e et de sortie des \u00e9l\u00e8ves, dans d\u2019autres, la rue est <strong>enti\u00e8rement pi\u00e9tonnis\u00e9e<\/strong>.<\/p>\n<p>La rue des Bonnes Gens va devenir une double impasse tr\u00e8s prochainement<\/p>\n<p class=\" wall-content\">Dans la <strong>rue des Bonnes Gens<\/strong>, o\u00f9 se trouve l\u2019\u00e9cole Saint-Jean, les travaux vont bon train. Cette rue, que les voitures ne peuvent d\u00e9j\u00e0 pas emprunter entre 8h10 et 8h50 puis 16h10 et 16h50 les jours d\u2019\u00e9cole, va totalement <strong>changer d\u2019aspect<\/strong> en devenant une double impasse.<\/p>\n<p class=\" wall-content\">Les v\u00e9hicules motoris\u00e9s entrant dans la rue par le boulevard du Pr\u00e9sident Poincar\u00e9 devront emprunter la rue du chevreuil et <strong>ne pourront plus rejoindre<\/strong> la rue des Cigognes et celle de Bouxwiller.<\/p>\n<p>Un parvis v\u00e9g\u00e9talis\u00e9 va voir le jour<\/p>\n<p class=\" wall-content\">En effet, <strong>un parvis sur\u00e9lev\u00e9, v\u00e9g\u00e9talis\u00e9 et avec des bancs<\/strong> est en construction devant l\u2019\u00e9cole \u00e9l\u00e9mentaire sur l\u2019actuelle chauss\u00e9e. Il sera livr\u00e9<strong> le 19\u00a0d\u00e9cembre<\/strong> et comportera <strong>13 arbres<\/strong>. Les enfants et les parents acc\u00e9deront donc \u00e0 l\u2019\u00e9cole par ce nouveau parvis pi\u00e9ton <strong>d\u00e8s la rentr\u00e9e de janvier\u00a02026<\/strong>.<\/p>\n<p class=\" wall-content\">Cet am\u00e9nagement est v\u00e9cu comme une <strong>excellente nouvelle<\/strong>, \u00ab\u2009ma fille fait de la draisienne [v\u00e9lo sans les p\u00e9dales, NDLR], elle pourra venir avec \u00e0 l\u2019\u00e9cole sans la pr\u00e9sence des travaux et de voitures, ce qui est tr\u00e8s bien\u2009\u00bb, t\u00e9moigne Sonia, une m\u00e8re de famille, devant l\u2019\u00e9cole.<\/p>\n<p class=\" wall-content\">Des am\u00e9nagements similaires devant l\u2019\u00e9cole Notre-Dame seront rendus en d\u00e9but d\u2019ann\u00e9e 2026, situ\u00e9e une centaine de m\u00e8tres plus loin.<\/p>\n<p class=\" wall-content\">Personnalisez votre actualit\u00e9 en ajoutant vos villes et m\u00e9dias en favori avec <a href=\"https:\/\/moncompte.actu.fr\" title=\"D\u00e9couvez Mon Actu\" rel=\"nofollow noopener\" data-trk=\"{&quot;cta&quot;:{&quot;action&quot;:&quot;https:\\\/\\\/moncompte.actu.fr&quot;,&quot;category&quot;:&quot;mon compte&quot;,&quot;from&quot;:&quot;article footer&quot;,&quot;name&quot;:&quot;Mon actu&quot;,&quot;type&quot;:&quot;cta&quot;}}\" target=\"_blank\">Mon Actu<\/a>.<\/p>\n","protected":false},"excerpt":{"rendered":"Par Thomas Blanc Publi\u00e9 le 5 d\u00e9c. 2025 \u00e0 16h23 Dans le cadre de son plan pi\u00e9ton, la&hellip;\n","protected":false},"author":2,"featured_media":580214,"comment_status":"","ping_status":"","sticky":false,"template":"","format":"standard","meta":{"footnotes":""},"categories":[2820],"tags":[1111,11,4019,1719,436,1777,674,1011,27,775,12,25,104,640],"class_list":{"0":"post-580213","1":"post","2":"type-post","3":"status-publish","4":"format-standard","5":"has-post-thumbnail","7":"category-strasbourg","8":"tag-actu","9":"tag-actualites","10":"tag-ecoles","11":"tag-enfants","12":"tag-environnement","13":"tag-eu","14":"tag-europe","15":"tag-fr","16":"tag-france","17":"tag-grand-est","18":"tag-news","19":"tag-republique-francaise","20":"tag-societe","21":"tag-strasbourg"},"share_on_mastodon":{"url":"https:\/\/pubeurope.com\/@fr\/115667860567170042","error":""},"_links":{"self":[{"href":"https:\/\/www.europesays.com\/fr\/wp-json\/wp\/v2\/posts\/580213","targetHints":{"allow":["GET"]}}],"collection":[{"href":"https:\/\/www.europesays.com\/fr\/wp-json\/wp\/v2\/posts"}],"about":[{"href":"https:\/\/www.europesays.com\/fr\/wp-json\/wp\/v2\/types\/post"}],"author":[{"embeddable":true,"href":"https:\/\/www.europesays.com\/fr\/wp-json\/wp\/v2\/users\/2"}],"replies":[{"embeddable":true,"href":"https:\/\/www.europesays.com\/fr\/wp-json\/wp\/v2\/comments?post=580213"}],"version-history":[{"count":0,"href":"https:\/\/www.europesays.com\/fr\/wp-json\/wp\/v2\/posts\/580213\/revisions"}],"wp:featuredmedia":[{"embeddable":true,"href":"https:\/\/www.europesays.com\/fr\/wp-json\/wp\/v2\/media\/580214"}],"wp:attachment":[{"href":"https:\/\/www.europesays.com\/fr\/wp-json\/wp\/v2\/media?parent=580213"}],"wp:term":[{"taxonomy":"category","embeddable":true,"href":"https:\/\/www.europesays.com\/fr\/wp-json\/wp\/v2\/categories?post=580213"},{"taxonomy":"post_tag","embeddable":true,"href":"https:\/\/www.europesays.com\/fr\/wp-json\/wp\/v2\/tags?post=580213"}],"curies":[{"name":"wp","href":"https:\/\/api.w.org\/{rel}","templated":true}]}}