{"id":580223,"date":"2025-12-05T16:22:12","date_gmt":"2025-12-05T16:22:12","guid":{"rendered":"https:\/\/www.europesays.com\/fr\/580223\/"},"modified":"2025-12-05T16:22:12","modified_gmt":"2025-12-05T16:22:12","slug":"incendie-dans-un-appartement-pres-de-nantes-quatre-personnes-blessees","status":"publish","type":"post","link":"https:\/\/www.europesays.com\/fr\/580223\/","title":{"rendered":"Incendie dans un appartement pr\u00e8s de Nantes : quatre personnes bless\u00e9es"},"content":{"rendered":"<p>                    Par<br \/>\n        <strong><br \/>\n            <a href=\"https:\/\/actu.fr\/auteur\/laure-gentil\" title=\"Consulter tous les articles de Laure Gentil\" target=\"_blank\" rel=\"noopener\">Laure Gentil<\/a><br \/>\n                    <\/strong><\/p>\n<p>        Publi\u00e9 le<\/p>\n<p>            5 d\u00e9c. 2025 \u00e0 17h19        <\/p>\n<p>Un feu s\u2019est d\u00e9clar\u00e9 ce<b> vendredi 5\u00a0d\u00e9cembre<\/b> \u00e0 <b>Saint-Herblain<\/b>, dans un appartement de la rue de Dax, vers 13\u2009h\u200957. Les<b> sapeurs-pompiers de Loire-Atlantique<\/b> ont \u00e9t\u00e9 alert\u00e9s et sont venus \u00e9teindre les flammes dans l\u2019immeuble de sept \u00e9tages. Des habitants ont \u00e9t\u00e9 bless\u00e9s.<\/p>\n<p>15 personnes confin\u00e9es<\/p>\n<p class=\" wall-content\">Selon le Service d\u2019incendie et de secours,<b> 27 soldats du feu <\/b>ont \u00e9t\u00e9 d\u00e9p\u00each\u00e9s sur place. Le feu a commenc\u00e9 dans un appartement de 60\u00a0m2\u00a0au deuxi\u00e8me \u00e9tage. La fum\u00e9e s\u2019est propag\u00e9e aux \u00e9tages sup\u00e9rieurs. Il a fallu <b>deux lances \u00e0 incendie <\/b>pour \u00e9teindre le feu. \u00ab\u2009Au total 19\u00a0personnes ont \u00e9t\u00e9 concern\u00e9es\u2009\u00bb, indique le SDIS 44. \u00ab\u200915 ont \u00e9t\u00e9 confin\u00e9es dans leurs appartements le temps de l\u2019intervention\u2009\u00bb.<b> Quatre personnes ont \u00e9t\u00e9 l\u00e9g\u00e8rement bless\u00e9es <\/b>et l\u2019une d\u2019entre elles a \u00e9t\u00e9 transport\u00e9e au <b>CHU de Nantes.<\/b><\/p>\n<p class=\" wall-content\">Personnalisez votre actualit\u00e9 en ajoutant vos villes et m\u00e9dias en favori avec <a href=\"https:\/\/moncompte.actu.fr\" title=\"D\u00e9couvez Mon Actu\" rel=\"nofollow noopener\" data-trk=\"{&quot;cta&quot;:{&quot;action&quot;:&quot;https:\\\/\\\/moncompte.actu.fr&quot;,&quot;category&quot;:&quot;mon compte&quot;,&quot;from&quot;:&quot;article footer&quot;,&quot;name&quot;:&quot;Mon actu&quot;,&quot;type&quot;:&quot;cta&quot;}}\" target=\"_blank\">Mon Actu<\/a>.<\/p>\n","protected":false},"excerpt":{"rendered":"Par Laure Gentil Publi\u00e9 le 5 d\u00e9c. 2025 \u00e0 17h19 Un feu s\u2019est d\u00e9clar\u00e9 ce vendredi 5\u00a0d\u00e9cembre \u00e0&hellip;\n","protected":false},"author":2,"featured_media":580224,"comment_status":"","ping_status":"","sticky":false,"template":"","format":"standard","meta":{"footnotes":""},"categories":[2818],"tags":[1111,11,7426,1777,674,118,1011,27,1310,766,12,2636,1311,25],"class_list":{"0":"post-580223","1":"post","2":"type-post","3":"status-publish","4":"format-standard","5":"has-post-thumbnail","7":"category-nantes","8":"tag-actu","9":"tag-actualites","10":"tag-chu-de-nantes","11":"tag-eu","12":"tag-europe","13":"tag-faits-divers","14":"tag-fr","15":"tag-france","16":"tag-incendie","17":"tag-nantes","18":"tag-news","19":"tag-pays-de-la-loire","20":"tag-pompiers","21":"tag-republique-francaise"},"share_on_mastodon":{"url":"https:\/\/pubeurope.com\/@fr\/115667884254790568","error":""},"_links":{"self":[{"href":"https:\/\/www.europesays.com\/fr\/wp-json\/wp\/v2\/posts\/580223","targetHints":{"allow":["GET"]}}],"collection":[{"href":"https:\/\/www.europesays.com\/fr\/wp-json\/wp\/v2\/posts"}],"about":[{"href":"https:\/\/www.europesays.com\/fr\/wp-json\/wp\/v2\/types\/post"}],"author":[{"embeddable":true,"href":"https:\/\/www.europesays.com\/fr\/wp-json\/wp\/v2\/users\/2"}],"replies":[{"embeddable":true,"href":"https:\/\/www.europesays.com\/fr\/wp-json\/wp\/v2\/comments?post=580223"}],"version-history":[{"count":0,"href":"https:\/\/www.europesays.com\/fr\/wp-json\/wp\/v2\/posts\/580223\/revisions"}],"wp:featuredmedia":[{"embeddable":true,"href":"https:\/\/www.europesays.com\/fr\/wp-json\/wp\/v2\/media\/580224"}],"wp:attachment":[{"href":"https:\/\/www.europesays.com\/fr\/wp-json\/wp\/v2\/media?parent=580223"}],"wp:term":[{"taxonomy":"category","embeddable":true,"href":"https:\/\/www.europesays.com\/fr\/wp-json\/wp\/v2\/categories?post=580223"},{"taxonomy":"post_tag","embeddable":true,"href":"https:\/\/www.europesays.com\/fr\/wp-json\/wp\/v2\/tags?post=580223"}],"curies":[{"name":"wp","href":"https:\/\/api.w.org\/{rel}","templated":true}]}}