{"id":580229,"date":"2025-12-05T16:25:13","date_gmt":"2025-12-05T16:25:13","guid":{"rendered":"https:\/\/www.europesays.com\/fr\/580229\/"},"modified":"2025-12-05T16:25:13","modified_gmt":"2025-12-05T16:25:13","slug":"une-femme-setait-fait-arracher-son-sac-un-suspect-arrete-condamne-et-incarcere","status":"publish","type":"post","link":"https:\/\/www.europesays.com\/fr\/580229\/","title":{"rendered":"Une femme s\u2019\u00e9tait fait arracher son sac, un suspect arr\u00eat\u00e9, condamn\u00e9 et incarc\u00e9r\u00e9"},"content":{"rendered":"<p>\n                                                                    l&rsquo;essentiel<br \/>\n                                                                L\u2019agression d\u2019une femme de 62 ans \u00e0 Toulouse a conduit \u00e0 l\u2019arrestation d\u2019un r\u00e9cidiviste. Identifi\u00e9 gr\u00e2ce aux cam\u00e9ras de surveillance, l\u2019homme a \u00e9t\u00e9 condamn\u00e9 \u00e0 un an de prison. Il a \u00e9t\u00e9 incarc\u00e9r\u00e9.\n                            <\/p>\n<p>La patience des policiers a \u00e9t\u00e9 r\u00e9compens\u00e9e. D\u00e9but septembre, ils ont \u00e9t\u00e9 saisis d\u2019une enqu\u00eate apr\u00e8s l\u2019agression d\u2019une femme \u00e2g\u00e9e de 62 ans. Elle marchait avenue de Muret, \u00e0 Toulouse, quand cette femme a \u00e9t\u00e9 agress\u00e9e par un individu qui a voulu lui arracher son sac \u00e0 main. La victime a r\u00e9sist\u00e9, s\u2019est retrouv\u00e9e par terre et a \u00e9t\u00e9 violemment frapp\u00e9e par le voleur. Ce dernier s\u2019est finalement enfui avec le sac \u00e0 main de sa victime.<\/p>\n<p>Les premi\u00e8res investigations ont montr\u00e9 que l\u2019individu avait utilis\u00e9 la carte bancaire juste d\u00e9rob\u00e9e dans un commerce. Des achats sans contact qui ont permis aux enqu\u00eateurs du groupe des atteintes aux biens de la Rive gauche de visionner les images des cam\u00e9ras du magasin. Une premi\u00e8re piste, suivie d\u2019une autre, dans un bus Tiss\u00e9o.<\/p>\n<p>Un autre vol dans une voiture<\/p>\n<p>L\u2019homme, d\u00e9j\u00e0 connu pour de mauvaises raisons, a \u00e9t\u00e9 identifi\u00e9. Mais sans adresse officielle, il restait dans la nature. Seulement, en d\u00e9but de semaine, lors d\u2019une patrouille, des policiers sur le terrain ont rep\u00e9r\u00e9 l\u2019individu dont la photo figurait dans le fichier des personnes recherch\u00e9es. Interpell\u00e9, cet homme \u00e2g\u00e9 de 35 ans a \u00e9t\u00e9 plac\u00e9 en garde \u00e0 vue.<\/p>\n<p class=\"std-elt__inline\">\n        <strong>\u00c0 lire aussi :<\/strong><br \/>\n        <a href=\"https:\/\/www.ladepeche.fr\/2025\/10\/22\/colliers-chaines-des-dizaines-de-bijoux-arraches-en-2025-a-toulouse-la-fievre-de-lor-prospere-12999187.php\" target=\"_blank\" rel=\"noopener\">Colliers, cha\u00eenes\u2026 \u00ab\u00a0Des dizaines de bijoux arrach\u00e9s en 2025 \u00e0 Toulouse\u00a0\u00bb\u00a0: la fi\u00e8vre de l\u2019or prosp\u00e8re<\/a>\n    <\/p>\n<p>Il a eu du mal \u00e0 se rafra\u00eechir la m\u00e9moire. Pour le vol de sac mais \u00e9galement le vol d\u2019une autre carte bancaire, elle aussi utilis\u00e9e et qui avait \u00e9t\u00e9 d\u00e9rob\u00e9e dans une voiture roulott\u00e9e. Pr\u00e9sent\u00e9 devant le tribunal correctionnel de Toulouse, mercredi dans le cadre des comparutions imm\u00e9diates, il n\u2019a pas convaincu les juges de son innocence.<\/p>\n<p>Condamn\u00e9 \u00e0 un an de prison dont six mois avec sursis probatoire, il a \u00e9t\u00e9 plac\u00e9 sous mandat de d\u00e9p\u00f4t et incarc\u00e9r\u00e9.<\/p>\n","protected":false},"excerpt":{"rendered":"l&rsquo;essentiel L\u2019agression d\u2019une femme de 62 ans \u00e0 Toulouse a conduit \u00e0 l\u2019arrestation d\u2019un r\u00e9cidiviste. Identifi\u00e9 gr\u00e2ce aux&hellip;\n","protected":false},"author":2,"featured_media":580230,"comment_status":"","ping_status":"","sticky":false,"template":"","format":"standard","meta":{"footnotes":""},"categories":[2816],"tags":[1111,11,1777,674,118,1011,27,2722,12,2680,25,2312],"class_list":{"0":"post-580229","1":"post","2":"type-post","3":"status-publish","4":"format-standard","5":"has-post-thumbnail","7":"category-toulouse","8":"tag-actu","9":"tag-actualites","10":"tag-eu","11":"tag-europe","12":"tag-faits-divers","13":"tag-fr","14":"tag-france","15":"tag-haute-garonne","16":"tag-news","17":"tag-occitanie","18":"tag-republique-francaise","19":"tag-toulouse"},"share_on_mastodon":{"url":"https:\/\/pubeurope.com\/@fr\/115667895850220975","error":""},"_links":{"self":[{"href":"https:\/\/www.europesays.com\/fr\/wp-json\/wp\/v2\/posts\/580229","targetHints":{"allow":["GET"]}}],"collection":[{"href":"https:\/\/www.europesays.com\/fr\/wp-json\/wp\/v2\/posts"}],"about":[{"href":"https:\/\/www.europesays.com\/fr\/wp-json\/wp\/v2\/types\/post"}],"author":[{"embeddable":true,"href":"https:\/\/www.europesays.com\/fr\/wp-json\/wp\/v2\/users\/2"}],"replies":[{"embeddable":true,"href":"https:\/\/www.europesays.com\/fr\/wp-json\/wp\/v2\/comments?post=580229"}],"version-history":[{"count":0,"href":"https:\/\/www.europesays.com\/fr\/wp-json\/wp\/v2\/posts\/580229\/revisions"}],"wp:featuredmedia":[{"embeddable":true,"href":"https:\/\/www.europesays.com\/fr\/wp-json\/wp\/v2\/media\/580230"}],"wp:attachment":[{"href":"https:\/\/www.europesays.com\/fr\/wp-json\/wp\/v2\/media?parent=580229"}],"wp:term":[{"taxonomy":"category","embeddable":true,"href":"https:\/\/www.europesays.com\/fr\/wp-json\/wp\/v2\/categories?post=580229"},{"taxonomy":"post_tag","embeddable":true,"href":"https:\/\/www.europesays.com\/fr\/wp-json\/wp\/v2\/tags?post=580229"}],"curies":[{"name":"wp","href":"https:\/\/api.w.org\/{rel}","templated":true}]}}