{"id":580233,"date":"2025-12-05T16:27:12","date_gmt":"2025-12-05T16:27:12","guid":{"rendered":"https:\/\/www.europesays.com\/fr\/580233\/"},"modified":"2025-12-05T16:27:12","modified_gmt":"2025-12-05T16:27:12","slug":"tous-les-midis-le-sikaru-de-lille-propose-une-carte-delicieusement-de-saison","status":"publish","type":"post","link":"https:\/\/www.europesays.com\/fr\/580233\/","title":{"rendered":"Tous les midis, le Sikaru de Lille propose une carte d\u00e9licieusement de saison"},"content":{"rendered":"<p>          \ud83e\udd58 Qu&rsquo;est-ce qu&rsquo;on mange au Sikaru le midi ? \ud83e\udd58<\/p>\n<p>Le bar-resto\u00a0<a class=\"x1i10hfl xjbqb8w x1ejq31n x18oe1m7 x1sy0etr xstzfhl x972fbf x10w94by x1qhh985 x14e42zd x9f619 x1ypdohk xt0psk2 x3ct3a4 xdj266r x14z9mp xat24cr x1lziwak xexx8yu xyri2b x18d9i69 x1c1uobl x16tdsg8 x1hl2dhg xggy1nq x1a2a7pz notranslate _a6hd\" href=\"https:\/\/www.instagram.com\/sikaru_lille\/\" role=\"link\" tabindex=\"0\" style=\"color: rgb(65, 80, 247); cursor: pointer; text-decoration-line: none; outline: none; border-inline-width: 0px; margin-inline: 0px; border-inline-style: none; padding-inline: 0px; -webkit-tap-highlight-color: transparent; list-style-type: none; touch-action: manipulation; display: inline; padding-bottom: 0px; border-top-style: none; border-bottom-width: 0px; border-bottom-style: none; border-top-width: 0px; margin-bottom: 0px; margin-top: 0px; padding-top: 0px; font-family: -apple-system, BlinkMacSystemFont, &quot;Segoe UI&quot;, Roboto, Helvetica, Arial, sans-serif; font-size: 14px;\" target=\"_blank\" rel=\"noopener\">@sikaru_lille<\/a>\u00a0est devenu un QG lillois, mais on oublie parfois qu&rsquo;il ne propose pas que de la finger food et des bonnes bi\u00e8res de la brasserie Cambier. Le midi, on se r\u00e9gale avec des plats faits maison, de saison et cuisin\u00e9s avec un max de produits locaux. La carte change tout le temps, donc on n&rsquo;a pas le temps se s&rsquo;ennuyer. Vous pouvez, au choix, prendre un menu entr\u00e9e+plat ou plat+dessert \u00e0 24\u20ac ou le menu complet pour 27\u20ac. Les plats seuls sont \u00e0 18\u20ac. Test\u00e9 (plusieurs fois) et approuv\u00e9 (\u00e0 chaque fois).<\/p>\n<p>\ud83d\udccd 34 bd Jean-Baptiste Lebas \u00e0 Lille<br style=\"color: rgb(12, 16, 20); font-family: -apple-system, BlinkMacSystemFont, &quot;Segoe UI&quot;, Roboto, Helvetica, Arial, sans-serif; font-size: 14px;\"\/>\ud83d\udd50 la partie resto est ouverte du lundi au vendredi de midi \u00e0 14h.<\/p>\n<p><a class=\"x1i10hfl xjbqb8w x1ejq31n x18oe1m7 x1sy0etr xstzfhl x972fbf x10w94by x1qhh985 x14e42zd x9f619 x1ypdohk xt0psk2 x3ct3a4 xdj266r x14z9mp xat24cr x1lziwak xexx8yu xyri2b x18d9i69 x1c1uobl x16tdsg8 x1hl2dhg xggy1nq x1a2a7pz  _aa9_ _a6hd\" href=\"https:\/\/www.instagram.com\/explore\/tags\/vozerlille\/\" role=\"link\" tabindex=\"0\" style=\"color: rgb(65, 80, 247); cursor: pointer; text-decoration-line: none; outline: none; border-inline-width: 0px; margin-inline: 0px; border-inline-style: none; padding-inline: 0px; -webkit-tap-highlight-color: transparent; list-style-type: none; touch-action: manipulation; display: inline; padding-bottom: 0px; border-top-style: none; border-bottom-width: 0px; border-bottom-style: none; border-top-width: 0px; margin-bottom: 0px; margin-top: 0px; padding-top: 0px; overflow-wrap: break-word; font-family: -apple-system, BlinkMacSystemFont, &quot;Segoe UI&quot;, Roboto, Helvetica, Arial, sans-serif; font-size: 14px;\" target=\"_blank\" rel=\"noopener\">#vozerlille<\/a>\u00a0<a class=\"x1i10hfl xjbqb8w x1ejq31n x18oe1m7 x1sy0etr xstzfhl x972fbf x10w94by x1qhh985 x14e42zd x9f619 x1ypdohk xt0psk2 x3ct3a4 xdj266r x14z9mp xat24cr x1lziwak xexx8yu xyri2b x18d9i69 x1c1uobl x16tdsg8 x1hl2dhg xggy1nq x1a2a7pz  _aa9_ _a6hd\" href=\"https:\/\/www.instagram.com\/explore\/tags\/lille\/\" role=\"link\" tabindex=\"0\" style=\"color: rgb(65, 80, 247); cursor: pointer; text-decoration-line: none; outline: none; border-inline-width: 0px; margin-inline: 0px; border-inline-style: none; padding-inline: 0px; -webkit-tap-highlight-color: transparent; list-style-type: none; touch-action: manipulation; display: inline; padding-bottom: 0px; border-top-style: none; border-bottom-width: 0px; border-bottom-style: none; border-top-width: 0px; margin-bottom: 0px; margin-top: 0px; padding-top: 0px; overflow-wrap: break-word; font-family: -apple-system, BlinkMacSystemFont, &quot;Segoe UI&quot;, Roboto, Helvetica, Arial, sans-serif; font-size: 14px;\" target=\"_blank\" rel=\"noopener\">#lille<\/a>\u00a0<a class=\"x1i10hfl xjbqb8w x1ejq31n x18oe1m7 x1sy0etr xstzfhl x972fbf x10w94by x1qhh985 x14e42zd x9f619 x1ypdohk xt0psk2 x3ct3a4 xdj266r x14z9mp xat24cr x1lziwak xexx8yu xyri2b x18d9i69 x1c1uobl x16tdsg8 x1hl2dhg xggy1nq x1a2a7pz  _aa9_ _a6hd\" href=\"https:\/\/www.instagram.com\/explore\/tags\/foodpornlille\/\" role=\"link\" tabindex=\"0\" style=\"color: rgb(65, 80, 247); cursor: pointer; text-decoration-line: none; outline: none; border-inline-width: 0px; margin-inline: 0px; border-inline-style: none; padding-inline: 0px; -webkit-tap-highlight-color: transparent; list-style-type: none; touch-action: manipulation; display: inline; padding-bottom: 0px; border-top-style: none; border-bottom-width: 0px; border-bottom-style: none; border-top-width: 0px; margin-bottom: 0px; margin-top: 0px; padding-top: 0px; overflow-wrap: break-word; font-family: -apple-system, BlinkMacSystemFont, &quot;Segoe UI&quot;, Roboto, Helvetica, Arial, sans-serif; font-size: 14px;\" target=\"_blank\" rel=\"noopener\">#foodpornlille<\/a>\u00a0<a class=\"x1i10hfl xjbqb8w x1ejq31n x18oe1m7 x1sy0etr xstzfhl x972fbf x10w94by x1qhh985 x14e42zd x9f619 x1ypdohk xt0psk2 x3ct3a4 xdj266r x14z9mp xat24cr x1lziwak xexx8yu xyri2b x18d9i69 x1c1uobl x16tdsg8 x1hl2dhg xggy1nq x1a2a7pz  _aa9_ _a6hd\" href=\"https:\/\/www.instagram.com\/explore\/tags\/ousortiralille\/\" role=\"link\" tabindex=\"0\" style=\"color: rgb(65, 80, 247); cursor: pointer; text-decoration-line: none; outline: none; border-inline-width: 0px; margin-inline: 0px; border-inline-style: none; padding-inline: 0px; -webkit-tap-highlight-color: transparent; list-style-type: none; touch-action: manipulation; display: inline; padding-bottom: 0px; border-top-style: none; border-bottom-width: 0px; border-bottom-style: none; border-top-width: 0px; margin-bottom: 0px; margin-top: 0px; padding-top: 0px; overflow-wrap: break-word; font-family: -apple-system, BlinkMacSystemFont, &quot;Segoe UI&quot;, Roboto, Helvetica, Arial, sans-serif; font-size: 14px;\" target=\"_blank\" rel=\"noopener\">#ousortiralille<\/a><\/p>\n<p>\n            <strong>Aurore Garot<\/strong>,\u00a0<br \/>\n          05 d\u00e9c. 2025\n        <\/p>\n<p><script async src=\"\/\/www.instagram.com\/embed.js\"><\/script><\/p>\n","protected":false},"excerpt":{"rendered":"\ud83e\udd58 Qu&rsquo;est-ce qu&rsquo;on mange au Sikaru le midi ? \ud83e\udd58 Le bar-resto\u00a0@sikaru_lille\u00a0est devenu un QG lillois, mais on&hellip;\n","protected":false},"author":2,"featured_media":10156,"comment_status":"","ping_status":"","sticky":false,"template":"","format":"standard","meta":{"footnotes":""},"categories":[2815],"tags":[1111,11,1777,674,1011,27,811,1307,12,25],"class_list":{"0":"post-580233","1":"post","2":"type-post","3":"status-publish","4":"format-standard","5":"has-post-thumbnail","7":"category-lille","8":"tag-actu","9":"tag-actualites","10":"tag-eu","11":"tag-europe","12":"tag-fr","13":"tag-france","14":"tag-hauts-de-france","15":"tag-lille","16":"tag-news","17":"tag-republique-francaise"},"share_on_mastodon":{"url":"https:\/\/pubeurope.com\/@fr\/115667903890567172","error":""},"_links":{"self":[{"href":"https:\/\/www.europesays.com\/fr\/wp-json\/wp\/v2\/posts\/580233","targetHints":{"allow":["GET"]}}],"collection":[{"href":"https:\/\/www.europesays.com\/fr\/wp-json\/wp\/v2\/posts"}],"about":[{"href":"https:\/\/www.europesays.com\/fr\/wp-json\/wp\/v2\/types\/post"}],"author":[{"embeddable":true,"href":"https:\/\/www.europesays.com\/fr\/wp-json\/wp\/v2\/users\/2"}],"replies":[{"embeddable":true,"href":"https:\/\/www.europesays.com\/fr\/wp-json\/wp\/v2\/comments?post=580233"}],"version-history":[{"count":0,"href":"https:\/\/www.europesays.com\/fr\/wp-json\/wp\/v2\/posts\/580233\/revisions"}],"wp:featuredmedia":[{"embeddable":true,"href":"https:\/\/www.europesays.com\/fr\/wp-json\/wp\/v2\/media\/10156"}],"wp:attachment":[{"href":"https:\/\/www.europesays.com\/fr\/wp-json\/wp\/v2\/media?parent=580233"}],"wp:term":[{"taxonomy":"category","embeddable":true,"href":"https:\/\/www.europesays.com\/fr\/wp-json\/wp\/v2\/categories?post=580233"},{"taxonomy":"post_tag","embeddable":true,"href":"https:\/\/www.europesays.com\/fr\/wp-json\/wp\/v2\/tags?post=580233"}],"curies":[{"name":"wp","href":"https:\/\/api.w.org\/{rel}","templated":true}]}}