{"id":580246,"date":"2025-12-05T16:38:16","date_gmt":"2025-12-05T16:38:16","guid":{"rendered":"https:\/\/www.europesays.com\/fr\/580246\/"},"modified":"2025-12-05T16:38:16","modified_gmt":"2025-12-05T16:38:16","slug":"a-notre-dame-de-paris-11-millions-de-visiteurs-un-an-apres-la-reouverture","status":"publish","type":"post","link":"https:\/\/www.europesays.com\/fr\/580246\/","title":{"rendered":"A Notre-Dame de Paris, 11 millions de visiteurs un an apr\u00e8s la r\u00e9ouverture"},"content":{"rendered":"<p class=\"mb-4 text-lg md:leading-8 break-words\">Un an apr\u00e8s sa r\u00e9ouverture, Notre-Dame de Paris a accueilli environ 11 millions de personnes, qui se pressent pour admirer la pierre blonde et le mobilier \u00e9pur\u00e9 de l&rsquo;\u00e9difice victime d&rsquo;un incendie g\u00e9ant en 2019.<\/p>\n<p class=\"mb-4 text-lg md:leading-8 break-words\">Le 7 d\u00e9cembre 2024, la cath\u00e9drale \u00e9tait rouverte apr\u00e8s plus de cinq ans de travaux, en pr\u00e9sence de chefs d\u2019\u00c9tat et personnalit\u00e9s dont Emmanuel Macron et Donald Trump, lors d&rsquo;une c\u00e9r\u00e9monie retransmise en mondovision.<\/p>\n<p class=\"mb-4 text-lg md:leading-8 break-words\">Un an plus tard, Notre Dame a accueilli \u00ab\u00a011 millions \u00e0 peu pr\u00e8s de visiteurs\u00a0\u00bb, explique Sybille Bellamy-Brown, responsable de l&rsquo;accueil des publics de la cath\u00e9drale.<\/p>\n<p class=\"mb-4 text-lg md:leading-8 break-words\">Maria Vega, Colombienne de 22 ans, n&rsquo;envisageait pas un voyage \u00e0 Paris sans passer par Notre-Dame. \u00ab\u00a0C&rsquo;est particuli\u00e8rement important pour moi qui me suis r\u00e9cemment r\u00e9engag\u00e9e dans l&rsquo;Eglise\u00a0\u00bb, explique la jeune femme qui s&rsquo;\u00e9merveille d&rsquo;une restauration \u00ab\u00a0tr\u00e8s pr\u00e9cise\u00a0\u00bb: \u00ab\u00a0La beaut\u00e9 et la simplicit\u00e9 sont frappantes.\u00a0\u00bb<\/p>\n<p class=\"mb-4 text-lg md:leading-8 break-words\">Dany Tavernier, 55 ans, venue de Seine-et-Marne avec sa famille, visite pour la premi\u00e8re fois la cath\u00e9drale restaur\u00e9e: \u00ab\u00a0C&rsquo;est magnifique, on voudrait en voir plus, comme la +for\u00eat+ de la charpente\u00a0\u00bb, assure-t-elle.<\/p>\n<p class=\"mb-4 text-lg md:leading-8 break-words\">La fr\u00e9quentation est en hausse de \u00ab\u00a030% \u00e0 peu pr\u00e8s\u00a0\u00bb par rapport \u00e0 avant l&rsquo;incendie du 15 avril 2019, qui avait ravag\u00e9 la toiture et la charpente de ce chef d&rsquo;\u0153uvre de l&rsquo;art gothique du XIIe si\u00e8cle, ajoute Mme Bellamy-Brown.<\/p>\n<p class=\"mb-4 text-lg md:leading-8 break-words\">Un chantier titanesque, financ\u00e9 gr\u00e2ce \u00e0 843 millions d&rsquo;euros de dons, a \u00e9t\u00e9 n\u00e9cessaire pour restaurer la cath\u00e9drale qui ne d\u00e9semplit pas depuis sa r\u00e9ouverture.<\/p>\n<p class=\"mb-4 text-lg md:leading-8 break-words\">Les files s&rsquo;\u00e9tirent toujours sur le parvis, surtout le week-end, mais avec moins d&rsquo;attente: \u00ab\u00a0chacun peut tr\u00e8s spontan\u00e9ment rentrer dans Notre-Dame\u00a0\u00bb, indique encore la responsable.<\/p>\n<p class=\"mb-4 text-lg md:leading-8 break-words\">Les visiteurs individuels peuvent entrer avec ou sans r\u00e9servation, et toujours gratuitement, malgr\u00e9 l&rsquo;id\u00e9e d&rsquo;une contribution de 5 euros avanc\u00e9e par la ministre de la Culture Rachida Dati. Une suggestion fermement rejet\u00e9e par le dioc\u00e8se de Paris.<\/p>\n<p class=\"mb-4 text-lg md:leading-8 break-words\">&#8211; Dons &#8211;<\/p>\n<p class=\"mb-4 text-lg md:leading-8 break-words\">Face \u00e0 l&rsquo;afflux de visiteurs, on affiche toutefois \u00e0 Notre-Dame une volont\u00e9 de \u00ab\u00a0r\u00e9guler\u00a0\u00bb les entr\u00e9es, particuli\u00e8rement pendant les offices, en fonction du nombre de visiteurs d\u00e9j\u00e0 pr\u00e9sents. \u00ab\u00a0Nous souhaitons accueillir le mieux possible l&rsquo;ensemble des visiteurs\u00a0\u00bb qu&rsquo;il s&rsquo;agisse de fid\u00e8les ou de touristes, pr\u00e9cise Mme Bellamy-Brown.<\/p>\n<p class=\"mb-4 text-lg md:leading-8 break-words\">\u00ab\u00a0Quand vous \u00eates \u00e0 l&rsquo;int\u00e9rieur, vous pouvez vraiment prier, je viens de le faire pendant vingt minutes, vous n&rsquo;entendez pas les gens autour\u00a0\u00bb, assure Melissa Catapang, 39 ans, venue de Duba\u00ef, qui loue \u00ab\u00a0la solennit\u00e9\u00a0\u00bb de l&rsquo;endroit.<\/p>\n<p class=\"mb-4 text-lg md:leading-8 break-words\">Car la cath\u00e9drale se veut aussi \u00ab\u00a0pleinement lieu de pri\u00e8re\u00a0\u00bb avec plus de 1.600 c\u00e9l\u00e9brations organis\u00e9es cette ann\u00e9e, et un v\u00e9ritable essor des p\u00e8lerinages: plus de 650, dont un tiers venus de l\u2019\u00e9tranger.<\/p>\n<p class=\"mb-4 text-lg md:leading-8 break-words\">Il s&rsquo;agit l\u00e0 d&rsquo;un ph\u00e9nom\u00e8ne relativement nouveau, des p\u00e8lerins venant pour la Vierge, d&rsquo;autres pour la couronne d&rsquo;\u00e9pines (une relique acquise par Saint Louis en 1238)&#8230; Et \u00ab\u00a0chacun a envie de m\u00e9diter aussi sur ce chantier qui est long\u00a0\u00bb, affirme la responsable.<\/p>\n<p class=\"mb-4 text-lg md:leading-8 break-words\">La cath\u00e9drale compte poursuivre cette dynamique spirituelle et culturelle.<\/p>\n<p class=\"mb-4 text-lg md:leading-8 break-words\">Jusqu&rsquo;au 2 f\u00e9vrier, une cr\u00e8che proven\u00e7ale d&rsquo;une cinquantaine de santons est install\u00e9e.<\/p>\n<p class=\"mb-4 text-lg md:leading-8 break-words\">La couronne d&rsquo;\u00e9pines est d\u00e9sormais pr\u00e9sent\u00e9e en ostension tous les vendredis de 15H00 \u00e0 18H30 &#8211; alors qu&rsquo;elle n&rsquo;\u00e9tait jusqu&rsquo;ici v\u00e9n\u00e9r\u00e9e que le premier vendredi de chaque mois.<\/p>\n<p class=\"mb-4 text-lg md:leading-8 break-words\">Les vitraux contemporains de l&rsquo;artiste Claire Tabouret seront install\u00e9s fin 2026 pour remplacer six des sept baies du bas-c\u00f4t\u00e9 sud de l&rsquo;architecte Eug\u00e8ne Viollet-le-Duc. Mais d\u00e8s mercredi, des maquettes grandeur nature seront expos\u00e9es au Grand Palais.<\/p>\n<p class=\"mb-4 text-lg md:leading-8 break-words\">Et s&rsquo;il reste 140 millions d&rsquo;euros sur les dons collect\u00e9s, \u00ab\u00a0il manque encore au moins l&rsquo;\u00e9quivalent\u00a0\u00bb pour terminer la restauration d&rsquo;un \u00e9difice qui n&rsquo;\u00e9tait pas en bon \u00e9tat avant l&rsquo;incendie, souligne l&rsquo;\u00e9tablissement public Reb\u00e2tir Notre-Dame de Paris, ma\u00eetre d&rsquo;ouvrage de la restauration, qui lance un appel aux dons.<\/p>\n<p class=\"mb-4 text-lg md:leading-8 break-words\">Des travaux sur des parties ext\u00e9rieures ont \u00e9t\u00e9 engag\u00e9s en 2025 et &lsquo;devront \u00eatre programm\u00e9s jusqu\u2019au-del\u00e0 de 2030&Prime;, ajoute-t-on: apr\u00e8s la restauration d\u00e9j\u00e0 lanc\u00e9e du chevet, il faudra se pencher sur la sacristie, les trois grandes roses\u00a0de la cath\u00e9drale, les fa\u00e7ades nord et sud du transept, le presbyt\u00e8re&#8230;<\/p>\n<p class=\"mb-4 text-lg md:leading-8 break-words\">La\u00a0Fondation Notre Dame esp\u00e8re elle lever 6 millions d&rsquo;euros.<\/p>\n<p class=\"mb-4 text-lg md:leading-8 break-words\">cg\/ito\/hj<\/p>\n","protected":false},"excerpt":{"rendered":"Un an apr\u00e8s sa r\u00e9ouverture, Notre-Dame de Paris a accueilli environ 11 millions de personnes, qui se pressent&hellip;\n","protected":false},"author":2,"featured_media":580247,"comment_status":"","ping_status":"","sticky":false,"template":"","format":"standard","meta":{"footnotes":""},"categories":[1888],"tags":[1111,1928,11,1927,1777,674,1011,27,12,1926,69411,1049,626,1925,13979,25],"class_list":{"0":"post-580246","1":"post","2":"type-post","3":"status-publish","4":"format-standard","5":"has-post-thumbnail","7":"category-paris","8":"tag-actu","9":"tag-actu-paris","10":"tag-actualites","11":"tag-actualites-paris","12":"tag-eu","13":"tag-europe","14":"tag-fr","15":"tag-france","16":"tag-news","17":"tag-news-paris","18":"tag-nombre-de-visiteurs","19":"tag-notre-dame","20":"tag-paris","21":"tag-paris-news","22":"tag-reouverture","23":"tag-republique-francaise"},"share_on_mastodon":{"url":"https:\/\/pubeurope.com\/@fr\/115667947022596482","error":""},"_links":{"self":[{"href":"https:\/\/www.europesays.com\/fr\/wp-json\/wp\/v2\/posts\/580246","targetHints":{"allow":["GET"]}}],"collection":[{"href":"https:\/\/www.europesays.com\/fr\/wp-json\/wp\/v2\/posts"}],"about":[{"href":"https:\/\/www.europesays.com\/fr\/wp-json\/wp\/v2\/types\/post"}],"author":[{"embeddable":true,"href":"https:\/\/www.europesays.com\/fr\/wp-json\/wp\/v2\/users\/2"}],"replies":[{"embeddable":true,"href":"https:\/\/www.europesays.com\/fr\/wp-json\/wp\/v2\/comments?post=580246"}],"version-history":[{"count":0,"href":"https:\/\/www.europesays.com\/fr\/wp-json\/wp\/v2\/posts\/580246\/revisions"}],"wp:featuredmedia":[{"embeddable":true,"href":"https:\/\/www.europesays.com\/fr\/wp-json\/wp\/v2\/media\/580247"}],"wp:attachment":[{"href":"https:\/\/www.europesays.com\/fr\/wp-json\/wp\/v2\/media?parent=580246"}],"wp:term":[{"taxonomy":"category","embeddable":true,"href":"https:\/\/www.europesays.com\/fr\/wp-json\/wp\/v2\/categories?post=580246"},{"taxonomy":"post_tag","embeddable":true,"href":"https:\/\/www.europesays.com\/fr\/wp-json\/wp\/v2\/tags?post=580246"}],"curies":[{"name":"wp","href":"https:\/\/api.w.org\/{rel}","templated":true}]}}