{"id":580252,"date":"2025-12-05T16:41:13","date_gmt":"2025-12-05T16:41:13","guid":{"rendered":"https:\/\/www.europesays.com\/fr\/580252\/"},"modified":"2025-12-05T16:41:13","modified_gmt":"2025-12-05T16:41:13","slug":"un-accord-scelle-a-bruxelles-pour-mettre-fin-a-limportation-du-gaz-russe-dici-2027","status":"publish","type":"post","link":"https:\/\/www.europesays.com\/fr\/580252\/","title":{"rendered":"Un accord scell\u00e9 \u00e0 Bruxelles pour mettre fin \u00e0 l&rsquo;importation du gaz russe d&rsquo;ici 2027"},"content":{"rendered":"<p>\n         Publi\u00e9 le<br \/>\n            05\/12\/2025 &#8211; 16:51 UTC+1\n            <\/p>\n<p>\u00ab\u00a0L&rsquo;Europe ne reviendra jamais \u00e0 l&rsquo;\u00e9nergie russe apr\u00e8s la guerre totale de Moscou en Ukraine\u00a0\u00bb, a d\u00e9clar\u00e9 le commissaire \u00e0 l&rsquo;\u00e9nergie Dan J\u00f8rgensen dans Europe Today, ajoutant qu&rsquo;une nouvelle loi visant \u00e0 interdire le p\u00e9trole russe est en cours d&rsquo;\u00e9laboration et sera pr\u00e9sent\u00e9e bient\u00f4t.<\/p>\n<p>Dan J\u00f8rgensen a d\u00e9crit l&rsquo;interdiction par l&rsquo;UE27 du gaz de pipeline russe et du gaz naturel liqu\u00e9fi\u00e9 (GNL) comme un point de non-retour pour l&rsquo;Union. <\/p>\n<p>\u00ab\u00a0M\u00eame en cas de paix, nous n&rsquo;ach\u00e8terons plus de gaz russe. Notre accord sera maintenu m\u00eame apr\u00e8s la conclusion d&rsquo;un accord de paix entre la Russie et l&rsquo;Ukraine \u00ab\u00a0, a-t-il confi\u00e9 rappelant la flamb\u00e9e des prix du gaz qui a choqu\u00e9 l&rsquo;\u00e9conomie europ\u00e9enne apr\u00e8s l&rsquo;invasion totale de l&rsquo;Ukraine par la Russie en f\u00e9vrier 2022.<\/p>\n<p>\u00ab\u00a0Nous ne devrions jamais r\u00e9p\u00e9ter l&rsquo;erreur de devenir \u00e0 nouveau d\u00e9pendants du gaz russe\u00a0\u00bb, a ajout\u00e9 Dan J\u00f8rgensen.<\/p>\n<p>Le commissaire danois a regrett\u00e9 la r\u00e9action de la Hongrie \u00e0 l&rsquo;interdiction. Budapest a d\u00e9clar\u00e9 qu&rsquo;elle contesterait juridiquement la proposition de la Commission europ\u00e9enne.<\/p>\n<p>\u00ab\u00a0Je ne comprends pas vraiment ces pays (Hongrie, Slovaquie). Je pense que nous devrions nous serrer les coudes contre Poutine pour aider nos amis en Ukraine\u00a0\u00bb, a-t-il point\u00e9, soulignant que la Commission \u00e9tait pr\u00eate \u00e0 aider tous les \u00c9tats membres qui risquaient de subir des ruptures d&rsquo;approvisionnement.<\/p>\n<p>Le commissaire a \u00e9galement \u00e9voqu\u00e9 les difficult\u00e9s rencontr\u00e9es par les l\u00e9gislateurs de l&rsquo;UE au cours des discussions politiques \u00ab\u00a0ardues\u00a0\u00bb qui ont permis de conclure l&rsquo;accord. Le dossier l\u00e9gislatif a \u00e9t\u00e9 adopt\u00e9 dans le cadre d&rsquo;une proc\u00e9dure commerciale plut\u00f4t que dans le cadre des sanctions, en raison de l&rsquo;absence d&rsquo;unanimit\u00e9 \u00e0 ce sujet.<\/p>\n<p>Les sanctions doivent \u00eatre approuv\u00e9es \u00e0 l&rsquo;unanimit\u00e9 par les 27 \u00c9tats membres.<\/p>\n<p>\u00ab\u00a0La mise en \u0153uvre se fera progressivement et pourra \u00eatre effectu\u00e9e de mani\u00e8re \u00e0 ne pas avoir d&rsquo;effets n\u00e9gatifs\u00a0\u00bb, a poursuivi Dan J\u00f8rgensen.<\/p>\n<p>Si la loi entre en vigueur d&rsquo;ici la fin de l&rsquo;ann\u00e9e 2027, plus aucun gaz naturel liqu\u00e9fi\u00e9 ou gazoduc russe ne devrait entrer dans l&rsquo;Union. Les l\u00e9gislateurs de l&rsquo;UE ont \u00e9tabli que pour les contrats d&rsquo;approvisionnement \u00e0 court terme conclus avant le 17 juin, l&rsquo;interdiction s&rsquo;appliquera \u00e0 partir du 25 avril 2026 pour le GNL et du 17 juin 2026 pour le gazoduc.<\/p>\n<p>Les contrats d&rsquo;importation de GNL \u00e0 long terme seront autoris\u00e9s jusqu&rsquo;au 1er janvier 2027, conform\u00e9ment au 19e paquet de sanctions.<\/p>\n<p>Pour les contrats \u00e0 long terme d&rsquo;importation de gaz par gazoduc, l&rsquo;interdiction prendra effet le 30 septembre 2027. Toutefois, en fonction du niveau de remplissage des stocks dans les \u00c9tats membres, l&rsquo;interdiction peut \u00eatre repouss\u00e9e au 1er novembre 2027.<\/p>\n","protected":false},"excerpt":{"rendered":"Publi\u00e9 le 05\/12\/2025 &#8211; 16:51 UTC+1 \u00ab\u00a0L&rsquo;Europe ne reviendra jamais \u00e0 l&rsquo;\u00e9nergie russe apr\u00e8s la guerre totale de&hellip;\n","protected":false},"author":2,"featured_media":580253,"comment_status":"","ping_status":"","sticky":false,"template":"","format":"standard","meta":{"footnotes":""},"categories":[1591],"tags":[11,893,1887,12,3886,1885,1886,132],"class_list":{"0":"post-580252","1":"post","2":"type-post","3":"status-publish","4":"format-standard","5":"has-post-thumbnail","7":"category-russie","8":"tag-actualites","9":"tag-energie","10":"tag-federation-de-russie","11":"tag-news","12":"tag-politique-de-lue","13":"tag-russia","14":"tag-russian-federation","15":"tag-russie"},"share_on_mastodon":{"url":"https:\/\/pubeurope.com\/@fr\/115667958741294889","error":""},"_links":{"self":[{"href":"https:\/\/www.europesays.com\/fr\/wp-json\/wp\/v2\/posts\/580252","targetHints":{"allow":["GET"]}}],"collection":[{"href":"https:\/\/www.europesays.com\/fr\/wp-json\/wp\/v2\/posts"}],"about":[{"href":"https:\/\/www.europesays.com\/fr\/wp-json\/wp\/v2\/types\/post"}],"author":[{"embeddable":true,"href":"https:\/\/www.europesays.com\/fr\/wp-json\/wp\/v2\/users\/2"}],"replies":[{"embeddable":true,"href":"https:\/\/www.europesays.com\/fr\/wp-json\/wp\/v2\/comments?post=580252"}],"version-history":[{"count":0,"href":"https:\/\/www.europesays.com\/fr\/wp-json\/wp\/v2\/posts\/580252\/revisions"}],"wp:featuredmedia":[{"embeddable":true,"href":"https:\/\/www.europesays.com\/fr\/wp-json\/wp\/v2\/media\/580253"}],"wp:attachment":[{"href":"https:\/\/www.europesays.com\/fr\/wp-json\/wp\/v2\/media?parent=580252"}],"wp:term":[{"taxonomy":"category","embeddable":true,"href":"https:\/\/www.europesays.com\/fr\/wp-json\/wp\/v2\/categories?post=580252"},{"taxonomy":"post_tag","embeddable":true,"href":"https:\/\/www.europesays.com\/fr\/wp-json\/wp\/v2\/tags?post=580252"}],"curies":[{"name":"wp","href":"https:\/\/api.w.org\/{rel}","templated":true}]}}