{"id":580254,"date":"2025-12-05T16:42:19","date_gmt":"2025-12-05T16:42:19","guid":{"rendered":"https:\/\/www.europesays.com\/fr\/580254\/"},"modified":"2025-12-05T16:42:19","modified_gmt":"2025-12-05T16:42:19","slug":"guerre-en-ukraine-il-ny-a-jamais-eu-de-plan-trump-mais-un-plan-poutine","status":"publish","type":"post","link":"https:\/\/www.europesays.com\/fr\/580254\/","title":{"rendered":"Guerre en Ukraine : \u00ab\u00a0Il n&rsquo;y a jamais eu de plan Trump, mais un plan Poutine\u00a0\u00bb"},"content":{"rendered":"<ul class=\"jsx-862013697 ArticleChapo__List\">\n<li class=\"jsx-862013697 ArticleChapo__List_Item flex\">Donald Trump souhaite que les \u00c9tats-Unis se d\u00e9sengagent progressivement de l&rsquo;Otan.<\/li>\n<li class=\"jsx-862013697 ArticleChapo__List_Item flex\">Le journaliste et auteur Dominique Simonnet livre son analyse sur le plateau de LCI.<\/li>\n<li class=\"jsx-862013697 ArticleChapo__List_Item flex\">Il d\u00e9nonce la vision de Trump qui n&rsquo;en serait pas une \u00e0 proprement parler.<\/li>\n<\/ul>\n<p data-module=\"article-paragraph\" class=\"jsx-3046738180 Paragraph Paragraph__End\">Donald Trump cherche \u00e0 d\u00e9sengager les \u00c9tats-Unis de <a href=\"https:\/\/www.tf1info.fr\/international\/verif-l-otan-a-t-elle-vraiment-menace-la-russie-d-une-frappe-preventive-ou-preemptive-2410506.html\" target=\"_blank\" rel=\"noopener\">l&rsquo;Otan<\/a> dans les deux prochaines ann\u00e9es. Dominique Simonnet, journaliste, auteur et grand sp\u00e9cialiste des \u00c9tats-Unis est l&rsquo;invit\u00e9 de LCI pour livrer son analyse. \u00ab\u00a0Ce n&rsquo;est pas tr\u00e8s surprenant. On sait bien, en fait, quelle est la position de fond de Donald Trump\u00a0\u00bb, commence-t-il. Il faut, selon lui, revenir \u00e0 la gen\u00e8se : \u00ab\u00a0D&rsquo;abord, on parle de plan Trump, de plan de paix Trump. Pour moi, il n&rsquo;y a jamais eu de plan Trump. Il y a un plan Poutine, parce que \u00e7a reprend exactement les conditions du Kremlin\u00a0\u00bb, pour arriver \u00e0 une paix en Ukraine.<\/p>\n<p><a href=\"https:\/\/www.tf1info.fr\/sport\/coupe-du-monde-2026-quand-donald-trump-s-en-mele-2410997.html\" rel=\"noopener\" class=\"jsx-3308031228 Link flex\" target=\"_blank\"><img decoding=\"async\" src=\"https:\/\/www.europesays.com\/fr\/wp-content\/uploads\/2025\/12\/coupe-du-monde-2026-quand-trump-s-en-mele-1-79c21c-0@1x.jpeg\" alt=\"Capture d'\u00e9cran LCI\" loading=\"lazy\" importance=\"low\" fetchpriority=\"low\" class=\"\" aria-hidden=\"true\"\/><\/p>\n<p class=\"jsx-3657663356 ReadMoreArticle__Title\">Lire aussi<\/p>\n<p class=\"jsx-3657663356\">Coupe du monde 2026 : quand Donald Trump s&rsquo;en m\u00eale&#8230;<\/p>\n<p><\/a><\/p>\n<p data-module=\"article-paragraph\" class=\"jsx-3046738180 Paragraph\">En outre, Dominique Simonnet en est certain : \u00ab\u00a0Ce n&rsquo;est pas un plan de paix, c&rsquo;est un plan de capitulation de l&rsquo;Ukraine.\u00a0\u00bb C&rsquo;est pourquoi il ne faut pas chercher \u00e0 complexifier la pens\u00e9e du pr\u00e9sident am\u00e9ricain. \u00ab\u00a0Trump, il a une vision en fait assez simple et assez traditionnelle de la g\u00e9opolitique. Pour lui, c&rsquo;est un peu la doctrine Monroe\u00a0\u00bb, \u00e0 savoir rejeter l&rsquo;interventionnisme europ\u00e9en, rappelle-t-il.\u00a0<\/p>\n<p data-module=\"article-paragraph\" class=\"jsx-3046738180 Paragraph Paragraph__End\"><strong>Retrouvez l&rsquo;int\u00e9gralit\u00e9 de l&rsquo;analyse de Dominique Simonnet dans la vid\u00e9o en t\u00eate de cet article.<\/strong><\/p>\n<p>P. F. | pour TF1 INFO<\/p>\n","protected":false},"excerpt":{"rendered":"Donald Trump souhaite que les \u00c9tats-Unis se d\u00e9sengagent progressivement de l&rsquo;Otan. Le journaliste et auteur Dominique Simonnet livre&hellip;\n","protected":false},"author":2,"featured_media":302011,"comment_status":"","ping_status":"","sticky":false,"template":"","format":"standard","meta":{"footnotes":""},"categories":[1590],"tags":[1111,11,1921,75,73,1777,674,1922,12,136,132,220,133,1920],"class_list":{"0":"post-580254","1":"post","2":"type-post","3":"status-publish","4":"format-standard","5":"has-post-thumbnail","7":"category-ukraine","8":"tag-actu","9":"tag-actualites","10":"tag-article-video","11":"tag-donald-trump","12":"tag-etats-unis","13":"tag-eu","14":"tag-europe","15":"tag-info","16":"tag-news","17":"tag-otan","18":"tag-russie","19":"tag-ukraine","20":"tag-video","21":"tag-video-international"},"share_on_mastodon":{"url":"https:\/\/pubeurope.com\/@fr\/115667963651172536","error":""},"_links":{"self":[{"href":"https:\/\/www.europesays.com\/fr\/wp-json\/wp\/v2\/posts\/580254","targetHints":{"allow":["GET"]}}],"collection":[{"href":"https:\/\/www.europesays.com\/fr\/wp-json\/wp\/v2\/posts"}],"about":[{"href":"https:\/\/www.europesays.com\/fr\/wp-json\/wp\/v2\/types\/post"}],"author":[{"embeddable":true,"href":"https:\/\/www.europesays.com\/fr\/wp-json\/wp\/v2\/users\/2"}],"replies":[{"embeddable":true,"href":"https:\/\/www.europesays.com\/fr\/wp-json\/wp\/v2\/comments?post=580254"}],"version-history":[{"count":0,"href":"https:\/\/www.europesays.com\/fr\/wp-json\/wp\/v2\/posts\/580254\/revisions"}],"wp:featuredmedia":[{"embeddable":true,"href":"https:\/\/www.europesays.com\/fr\/wp-json\/wp\/v2\/media\/302011"}],"wp:attachment":[{"href":"https:\/\/www.europesays.com\/fr\/wp-json\/wp\/v2\/media?parent=580254"}],"wp:term":[{"taxonomy":"category","embeddable":true,"href":"https:\/\/www.europesays.com\/fr\/wp-json\/wp\/v2\/categories?post=580254"},{"taxonomy":"post_tag","embeddable":true,"href":"https:\/\/www.europesays.com\/fr\/wp-json\/wp\/v2\/tags?post=580254"}],"curies":[{"name":"wp","href":"https:\/\/api.w.org\/{rel}","templated":true}]}}