{"id":580259,"date":"2025-12-05T16:45:27","date_gmt":"2025-12-05T16:45:27","guid":{"rendered":"https:\/\/www.europesays.com\/fr\/580259\/"},"modified":"2025-12-05T16:45:27","modified_gmt":"2025-12-05T16:45:27","slug":"un-parc-asterix-en-allemagne-le-pari-fou-de-la-compagnie-des-alpes","status":"publish","type":"post","link":"https:\/\/www.europesays.com\/fr\/580259\/","title":{"rendered":"Un parc Ast\u00e9rix en Allemagne\u00a0: le pari fou de la Compagnie des Alpes"},"content":{"rendered":"<p><strong>L\u2019Allemagne n\u2019a pas r\u00e9sist\u00e9 aux Irr\u00e9ductibles\u00a0: le parc Belantis s\u2019appr\u00eate a recevoir une sacr\u00e9e dose de potion magique et devenir le premier parc Ast\u00e9rix hors de France\u00a0! On vous dit tout sur cet excitant projet.<\/strong><\/p>\n<p><img alt=\"\" loading=\"lazy\" width=\"1120\" height=\"629.692532942899\" decoding=\"async\" data-nimg=\"1\" class=\"style_image__58z1L\" style=\"color:transparent\"   src=\"https:\/\/www.europesays.com\/fr\/wp-content\/uploads\/2025\/12\/1764953117_33_\"\/><\/p>\n<p>Le 3 avril dernier, La Compagnie des Alpes (groupe d\u00e9tenant le Parc Ast\u00e9rix, le Futuroscope, ou encore les parcs Walibi), a rachet\u00e9 le parc Belantis situ\u00e9 \u00e0 l\u2019Est de l\u2019Allemagne, au sud de Leipzig , pour un montant de 22 millions d\u2019euros \u00e0 un autre groupe du domaine des loisirs : Parques Reunidos.<\/p>\n<p>Ouvert en 2003 sur une ancienne mine de lignite, Belantis avait \u00e0 l\u2019origine pour concept ambitieux de mettre en sc\u00e8ne les civilisations disparues. Vu du ciel, le parc formait m\u00eame une carte du monde ! Malgr\u00e9 une bonne fr\u00e9quentation \u00e0 ses d\u00e9buts, le parc n\u2019est jamais parvenu \u00e0 se d\u00e9velopper pleinement. M\u00eame Parques Reunidos, propri\u00e9taire depuis 2018, n\u2019a pas particuli\u00e8rement investi dans son expansion.\u00a0<\/p>\n<p><img alt=\"\" loading=\"lazy\" width=\"1120\" height=\"745.7032258064515\" decoding=\"async\" data-nimg=\"1\" class=\"style_image__58z1L\" style=\"color:transparent\"   src=\"https:\/\/www.europesays.com\/fr\/wp-content\/uploads\/2025\/12\/1764953119_57_\"\/>Source : freizeitpark-welt.de<\/p>\n<p>Mais la Compagnie des Alpes voit un v\u00e9ritable potentiel dans le site\u00a0: \u00e0 proximit\u00e9 de l\u2019autoroute A38 et non loin de Berlin et de Dresde, il est susceptible de toucher un large bassin de population. Le parc est par ailleurs assez vaste\u00a0: 80 hectares, avec 41 hectares de surface disponible pour des d\u00e9veloppements ult\u00e9rieurs.\u00a0De plus, certains d\u00e9cors d\u2019origine pourraient \u00eatre r\u00e9utilis\u00e9s et int\u00e9gr\u00e9s \u00e0 l\u2019univers des irr\u00e9ductibles Gaulois, comme une pyramide \u00e9gyptienne de 35 m\u00e8tres de haut.<\/p>\n<p><img alt=\"\" loading=\"lazy\" width=\"1120\" height=\"746.6666666666667\" decoding=\"async\" data-nimg=\"1\" class=\"style_image__58z1L\" style=\"color:transparent\"   src=\"https:\/\/www.europesays.com\/fr\/wp-content\/uploads\/2025\/12\/1764953121_557_\"\/><\/p>\n<p>Cerise sur le g\u00e2teau\u00a0: l\u2019Allemagne est le second march\u00e9 pour la bande dessin\u00e9e Ast\u00e9rix mais aussi le second march\u00e9 europ\u00e9en pour les parcs d\u2019attractions apr\u00e8s la France\u00a0! Les plan\u00e8tes semblent s\u2019aligner, et l\u2019avenir de Belantis s\u2019\u00e9claircir. Le nom d\u00e9finitif n\u2019a pas encore \u00e9t\u00e9 arr\u00eat\u00e9, mais la direction d\u00e9signe pour l\u2019instant\u00a0le projet sous l\u2019appellation \u00ab\u00a0Asterix Park Deutschland\u00a0\u00bb.<\/p>\n<p><img alt=\"\" loading=\"lazy\" width=\"1120\" height=\"629.7142857142857\" decoding=\"async\" data-nimg=\"1\" class=\"style_image__58z1L\" style=\"color:transparent\"   src=\"https:\/\/www.europesays.com\/fr\/wp-content\/uploads\/2025\/12\/1764953122_366_\"\/><\/p>\n<p>Les premiers r\u00e9sultats de cette transformation ne vont pas se faire attendre\u00a0: d\u00e8s le d\u00e9but de la saison, le 28 mars 2026, une zone d\u00e9di\u00e9e au c\u00e9l\u00e8bre petit chien de la franchise sera inaugur\u00e9e\u00a0: Idefix\u2019 Abenteuerland, en lieu et place de l\u2019ancien \u00ab\u00a0Land der Grafen\u00a0\u00bb, consacr\u00e9 aux contes et jusque-l\u00e0 peu fr\u00e9quent\u00e9.<\/p>\n<p>Au programme\u00a0: quatre nouvelles attractions\u00a0familiales dont des mini-b\u00fbches\u00a0; ainsi qu\u2019une offre de restauration, une boutique, un point de rencontre avec les personnages, une aire de jeux, et des sanitaires. Au total, 6 millions d\u2019euros seront investis cette ann\u00e9e.\u00a0<\/p>\n<p><img alt=\"\" loading=\"lazy\" width=\"1120\" height=\"843.7333333333333\" decoding=\"async\" data-nimg=\"1\" class=\"style_image__58z1L\" style=\"color:transparent\"   src=\"https:\/\/www.europesays.com\/fr\/wp-content\/uploads\/2025\/12\/1764953124_690_\"\/>Source : Belantis Fanclub<\/p>\n<p>Et le rythme d\u2019investissement ne va pas ralentir de suite : la Compagnie des Alpes pr\u00e9voit de transformer chaque ann\u00e9e une zone th\u00e9matique existante, tout en d\u00e9veloppant un gros projet d\u2019attraction tous les 2 \u00e0 3 ans. Quelques d\u00e9cors seront conserv\u00e9s, comme l\u2019imposante pyramide abritant des b\u00fbches.<\/p>\n<p><img alt=\"\" loading=\"lazy\" width=\"1120\" height=\"749.8092031425365\" decoding=\"async\" data-nimg=\"1\" class=\"style_image__58z1L\" style=\"color:transparent\"   src=\"https:\/\/www.europesays.com\/fr\/wp-content\/uploads\/2025\/12\/1764953125_600_\"\/>Cr\u00e9dit : Andreas Schmidt<\/p>\n<p>D\u2019ici 5 \u00e0 6 ans, une grande partie du parc aura \u00e9t\u00e9 enti\u00e8rement repens\u00e9e et son calendrier d\u2019ouverture \u00e9tendu. Ainsi, 100 millions d\u2019euros seront investis d\u2019ici 10 ans. L\u2019objectif \u00e0 moyen terme est de\u00a0tripler la fr\u00e9quentation en atteignant les 900 000 visiteurs annuels.\u00a0\u00a0Une r\u00e9flexion sur l\u2019offre d\u2019h\u00e9bergements est \u00e9galement en cours.<\/p>\n<p><img alt=\"\" loading=\"lazy\" width=\"1120\" height=\"746.6666666666667\" decoding=\"async\" data-nimg=\"1\" class=\"style_image__58z1L\" style=\"color:transparent\"   src=\"https:\/\/www.europesays.com\/fr\/wp-content\/uploads\/2025\/12\/1764953126_768_\"\/><\/p>\n<p>Si les ambitions sont grandes, la transformation sera progressive, il ne faut donc pas s\u2019atteindre \u00e0 un clone du Parc Ast\u00e9rix parisien de sit\u00f4t. Par ailleurs, si la cible principale est familiale, toutes les tranches d\u2019\u00e2ge seront concern\u00e9es par les diff\u00e9rents investissements. L\u2019arriv\u00e9e de montagnes russes \u00e0 sensations fortes d\u2019ici quelque temps n\u2019est pas \u00e0 exclure !<\/p>\n<p>Un rollercoaster familial est d\u2019ores et d\u00e9j\u00e0 pr\u00e9vu pour 2027\u00a0 sur l\u2019actuelle \u00ab\u00a0Plage des Dieux\u00a0\u00bb. Con\u00e7u par \u00ab\u00a0un constructeur allemand\u00a0\u00bb (probablement Gerstlauer donc), un premier visuel du projet nous montre des montagnes russes aux d\u00e9cors grecs, ressemblant fortement \u00e0 <a href=\"https:\/\/www.dimensionparcs.fr\/france\/parc-asterix\/pegase-express\/\" target=\"_blank\" rel=\"noopener\">P\u00e9gase Express<\/a> ou <a href=\"https:\/\/www.dimensionparcs.fr\/europe\/walibi-belgium\/walibi-belgium-roller-coaster-mecalodon-2025\/\" target=\"_blank\" rel=\"noopener\">Mecalodon<\/a>.<\/p>\n<p><img alt=\"\" loading=\"lazy\" width=\"1120\" height=\"820.9954751131222\" decoding=\"async\" data-nimg=\"1\" class=\"style_image__58z1L\" style=\"color:transparent\"   src=\"https:\/\/www.europesays.com\/fr\/wp-content\/uploads\/2025\/12\/1764953127_390_\"\/><\/p>\n<p><strong><a href=\"https:\/\/www.dimensionparcs.fr\/france\/parc-asterix\/futur-parc-asterix-nouvelles-attractions-hotels\/\" target=\"_blank\" rel=\"noopener\">Apr\u00e8s l\u2019annonce du plan d\u2019investissement massif pour le Parc Ast\u00e9rix de Plailly<\/a>, la nouvelle d\u2019un nouveau parc bas\u00e9 sur la licence est un v\u00e9ritable coup de tonnerre dans le secteur. Rendez-vous vers 2030-2031 pour exp\u00e9rimenter la version allemande du Parc Ast\u00e9rix !<\/strong><\/p>\n","protected":false},"excerpt":{"rendered":"L\u2019Allemagne n\u2019a pas r\u00e9sist\u00e9 aux Irr\u00e9ductibles\u00a0: le parc Belantis s\u2019appr\u00eate a recevoir une sacr\u00e9e dose de potion magique&hellip;\n","protected":false},"author":2,"featured_media":580260,"comment_status":"","ping_status":"","sticky":false,"template":"","format":"standard","meta":{"footnotes":""},"categories":[1587],"tags":[11,672,14103,69413,1804,69414,69415,1805,1803,8882,1777,674,1801,69416,12,7193,69417,69418,69419,1095,1802],"class_list":{"0":"post-580259","1":"post","2":"type-post","3":"status-publish","4":"format-standard","5":"has-post-thumbnail","7":"category-allemagne","8":"tag-actualites","9":"tag-allemagne","10":"tag-asterix","11":"tag-belantis","12":"tag-bundesrepublik-deutschland","13":"tag-coaster","14":"tag-compagnie-des-alpes","15":"tag-de","16":"tag-deutschland","17":"tag-developpement","18":"tag-eu","19":"tag-europe","20":"tag-germany","21":"tag-idefix","22":"tag-news","23":"tag-nouveaute","24":"tag-parc-asterix","25":"tag-parcs-a-themes","26":"tag-parcs-dattractions","27":"tag-projet","28":"tag-republique-federale-dallemagne"},"share_on_mastodon":{"url":"https:\/\/pubeurope.com\/@fr\/115667975637246895","error":""},"_links":{"self":[{"href":"https:\/\/www.europesays.com\/fr\/wp-json\/wp\/v2\/posts\/580259","targetHints":{"allow":["GET"]}}],"collection":[{"href":"https:\/\/www.europesays.com\/fr\/wp-json\/wp\/v2\/posts"}],"about":[{"href":"https:\/\/www.europesays.com\/fr\/wp-json\/wp\/v2\/types\/post"}],"author":[{"embeddable":true,"href":"https:\/\/www.europesays.com\/fr\/wp-json\/wp\/v2\/users\/2"}],"replies":[{"embeddable":true,"href":"https:\/\/www.europesays.com\/fr\/wp-json\/wp\/v2\/comments?post=580259"}],"version-history":[{"count":0,"href":"https:\/\/www.europesays.com\/fr\/wp-json\/wp\/v2\/posts\/580259\/revisions"}],"wp:featuredmedia":[{"embeddable":true,"href":"https:\/\/www.europesays.com\/fr\/wp-json\/wp\/v2\/media\/580260"}],"wp:attachment":[{"href":"https:\/\/www.europesays.com\/fr\/wp-json\/wp\/v2\/media?parent=580259"}],"wp:term":[{"taxonomy":"category","embeddable":true,"href":"https:\/\/www.europesays.com\/fr\/wp-json\/wp\/v2\/categories?post=580259"},{"taxonomy":"post_tag","embeddable":true,"href":"https:\/\/www.europesays.com\/fr\/wp-json\/wp\/v2\/tags?post=580259"}],"curies":[{"name":"wp","href":"https:\/\/api.w.org\/{rel}","templated":true}]}}