{"id":580278,"date":"2025-12-05T16:59:17","date_gmt":"2025-12-05T16:59:17","guid":{"rendered":"https:\/\/www.europesays.com\/fr\/580278\/"},"modified":"2025-12-05T16:59:17","modified_gmt":"2025-12-05T16:59:17","slug":"riolo-invite-clauss-pour-un-reglement-de-comptes","status":"publish","type":"post","link":"https:\/\/www.europesays.com\/fr\/580278\/","title":{"rendered":"Riolo invite Clauss pour un r\u00e8glement de comptes"},"content":{"rendered":"<p><b>Agress\u00e9 par des supporters dimanche dernier, Jonathan Clauss a finalement d\u00e9cid\u00e9 de ne pas porter plainte. Le lat\u00e9ral droit de l\u2019OGC Nice a ainsi provoqu\u00e9 la col\u00e8re de Daniel Riolo qui l\u2019invite \u00e0 venir s\u2019expliquer dans l\u2019After.<\/b><\/p>\n<p>Jonathan Clauss n\u2019imitera pas ses co\u00e9quipiers J\u00e9r\u00e9mie Boga et Terem Moffi. Lui aussi victime de coups pendant l\u2019agression des supporters dimanche soir, le lat\u00e9ral droit de <a href=\"https:\/\/www.foot01.com\/equipe\/nice\/\" target=\"_blank\" rel=\"noopener\">l\u2019OGC Nice<\/a> a d\u00e9menti le d\u00e9p\u00f4t d\u2019une plainte contre X. L\u2019international tricolore aurait pourtant partag\u00e9 cette intention en priv\u00e9, d\u2019o\u00f9 la col\u00e8re de Daniel Riolo qui ne supporte plus le comportement du Ni\u00e7ois notamment critiqu\u00e9 pour son implication cette saison, et pr\u00e9c\u00e9demment du c\u00f4t\u00e9 de l\u2019Olympique de Marseille.<\/p>\n<p>\u00ab Jonathan Clauss, il faudrait peut-\u00eatre se mettre dans la t\u00eate un jour que c&rsquo;est quelqu&rsquo;un qui parle beaucoup, que c&rsquo;est un gros mytho, a l\u00e2ch\u00e9 le journaliste de RMC. C&rsquo;est un type qui doit vite quitter l&rsquo;OGC Nice et s&rsquo;il peut quitter le football fran\u00e7ais, je pense que \u00e7a ne fera de la peine \u00e0 personne. Qu&rsquo;il aille dans un pays o\u00f9 on ne comprendra pas ce qu&rsquo;il raconte et o\u00f9 il arr\u00eatera de prendre les gens pour des cons parce que je pense que c&rsquo;est ce qu&rsquo;il fait depuis tr\u00e8s longtemps. Il peut venir me r\u00e9pondre mais j&rsquo;assume tout ce que je dis. Parce que partout o\u00f9 il passe, c\u2019est une tra\u00een\u00e9e de poudre. Il ne laisse de bons souvenirs nulle part. \u00bb<\/p>\n<p>\u00ab Ce n&rsquo;est pas ce que je caract\u00e9riserais comme un bon gars. Je pense que tout le monde en est convaincu. Il suffit de parler aux gens de l&rsquo;OM pour savoir qui il est. Et je pense qu\u2019\u00e0 Nice, il suffit de demander aux supporters, aux dirigeants ou en interne pour savoir qu&rsquo;on peut tr\u00e8s vite se passer de lui. Tout ce qu&rsquo;il a fait depuis le d\u00e9but de la saison me conduit \u00e0 penser \u00e7a. Donc s&rsquo;il peut quitter le football fran\u00e7ais, personne ne s&rsquo;en plaindra. Il peut venir quand il veut ici, on discutera et il m\u2019expliquera \u00e0 quel point il est professionnel \u00bb, a r\u00e9clam\u00e9 Daniel Riolo apr\u00e8s son coup de gueule.<\/p>\n","protected":false},"excerpt":{"rendered":"Agress\u00e9 par des supporters dimanche dernier, Jonathan Clauss a finalement d\u00e9cid\u00e9 de ne pas porter plainte. Le lat\u00e9ral&hellip;\n","protected":false},"author":2,"featured_media":580279,"comment_status":"","ping_status":"","sticky":false,"template":"","format":"standard","meta":{"footnotes":""},"categories":[1410],"tags":[63,1011,27,66,2268,60],"class_list":{"0":"post-580278","1":"post","2":"type-post","3":"status-publish","4":"format-standard","5":"has-post-thumbnail","7":"category-football","8":"tag-football","9":"tag-fr","10":"tag-france","11":"tag-ligue-1","12":"tag-ogc-nice","13":"tag-sports"},"share_on_mastodon":{"url":"https:\/\/pubeurope.com\/@fr\/115668029628008765","error":""},"_links":{"self":[{"href":"https:\/\/www.europesays.com\/fr\/wp-json\/wp\/v2\/posts\/580278","targetHints":{"allow":["GET"]}}],"collection":[{"href":"https:\/\/www.europesays.com\/fr\/wp-json\/wp\/v2\/posts"}],"about":[{"href":"https:\/\/www.europesays.com\/fr\/wp-json\/wp\/v2\/types\/post"}],"author":[{"embeddable":true,"href":"https:\/\/www.europesays.com\/fr\/wp-json\/wp\/v2\/users\/2"}],"replies":[{"embeddable":true,"href":"https:\/\/www.europesays.com\/fr\/wp-json\/wp\/v2\/comments?post=580278"}],"version-history":[{"count":0,"href":"https:\/\/www.europesays.com\/fr\/wp-json\/wp\/v2\/posts\/580278\/revisions"}],"wp:featuredmedia":[{"embeddable":true,"href":"https:\/\/www.europesays.com\/fr\/wp-json\/wp\/v2\/media\/580279"}],"wp:attachment":[{"href":"https:\/\/www.europesays.com\/fr\/wp-json\/wp\/v2\/media?parent=580278"}],"wp:term":[{"taxonomy":"category","embeddable":true,"href":"https:\/\/www.europesays.com\/fr\/wp-json\/wp\/v2\/categories?post=580278"},{"taxonomy":"post_tag","embeddable":true,"href":"https:\/\/www.europesays.com\/fr\/wp-json\/wp\/v2\/tags?post=580278"}],"curies":[{"name":"wp","href":"https:\/\/api.w.org\/{rel}","templated":true}]}}