{"id":580280,"date":"2025-12-05T17:00:24","date_gmt":"2025-12-05T17:00:24","guid":{"rendered":"https:\/\/www.europesays.com\/fr\/580280\/"},"modified":"2025-12-05T17:00:24","modified_gmt":"2025-12-05T17:00:24","slug":"sa-magnifique-maison-de-famille-dans-la-meuse","status":"publish","type":"post","link":"https:\/\/www.europesays.com\/fr\/580280\/","title":{"rendered":"sa magnifique maison de famille dans la Meuse"},"content":{"rendered":"<p data-start=\"163\" data-end=\"573\">\u00c0 69 ans, <strong>Mich\u00e8le<br \/>\nBernier<\/strong> tient toujours la forme. Pr\u00e9sente dans le jury de<br \/>\nMiss France dont la c\u00e9r\u00e9monie est diffus\u00e9e sur TF1, la<br \/>\ncom\u00e9dienne donnera la r\u00e9plique \u00e0 <a href=\"https:\/\/www.lejournaldelamaison.fr\/le-journal-de-la-maison\/reportages-maisons\/jean-pierre-foucault-sa-villa-paradisiaque-au-bord-de-leau-avec-une-vue-epoustouflante-474897.html\" target=\"_blank\" rel=\"noopener\"><br \/>\nJean-Pierre Foucault<\/a>. Parisienne pure souche au temp\u00e9rament<br \/>\nspontan\u00e9, elle garde aussi un attachement profond pour la Meuse, o\u00f9<br \/>\nelle a h\u00e9rit\u00e9 d\u2019une maison qu\u2019elle affectionne tout<br \/>\nparticuli\u00e8rement.<\/p>\n<p>Mich\u00e8le Bernier : o\u00f9<br \/>\nhabite-t-elle \u00e0 Paris ?<\/p>\n<p data-start=\"610\" data-end=\"1251\"><strong>Originaire du 14\u1d49<br \/>\narrondissement de Paris<\/strong>, Mich\u00e8le Bernier est la fille du<br \/>\ncom\u00e9dien Georget Bernier, connu sous le nom de \u00ab\u00a0professeur Choron\u00a0\u00bb.<br \/>\nComme lui, elle s\u2019est dirig\u00e9e vers la sc\u00e8ne avant de poursuivre au<br \/>\ncin\u00e9ma. C\u00f4t\u00e9 sentimental, elle a partag\u00e9 quinze ann\u00e9es de vie avec<br \/>\nl\u2019humoriste <strong>Bruno Gaccio<\/strong>, avec qui elle a eu deux<br \/>\nenfants : Charlotte et Enzo.<\/p>\n<p data-start=\"610\" data-end=\"1251\">Apr\u00e8s leur s\u00e9paration, la<br \/>\ncom\u00e9dienne s\u2019est install\u00e9e <a href=\"https:\/\/www.lejournaldelamaison.fr\/le-journal-de-la-maison\/reportages-maisons\/appartements\/michele-bernier-plein-artistes-habitent-coin-chouette-croiser-appartement-dans-arrondissement-paris-dans-lequel-elle-vit-depuis-516706.html\" target=\"_blank\" rel=\"noopener\"><br \/>\n<strong>dans le 9\u1d49 arrondissement<\/strong><\/a>, un quartier dont<br \/>\nelle raffole. \u00ab\u00a0Il y a plein d\u00a0\u00bbartistes qui habitent le coin,<br \/>\nc&rsquo;est chouette de les croiser\u00a0\u00bb, expliquait-elle au<br \/>\nFigaro en 2019, avant de<br \/>\nlivrer quelques-unes de ses adresses favorites. Son p\u00e8re doit<br \/>\nd\u2019ailleurs son pseudonyme \u00e0 l\u2019une des rues de cet arrondissement,<br \/>\nla rue Choron, o\u00f9 se trouvait le si\u00e8ge du journal satirique<br \/>\nHara-Kiri dans les<br \/>\nann\u00e9es 1960. Dans le 9\u1d49, Mich\u00e8le Bernier profite pleinement du mode<br \/>\nde vie urbain : elle aime parcourir les boutiques du quartier,<br \/>\ns\u2019arr\u00eater dans un caf\u00e9, ou encore retrouver amis com\u00e9diens et<br \/>\nproducteurs autour d\u2019un verre.<\/p>\n<p>Mich\u00e8le Bernier : l\u2019Argonne, le refuge de la com\u00e9dienne<\/p>\n<p data-start=\"1744\" data-end=\"2234\">Pour autant, son attachement \u00e0<br \/>\nParis ne l\u2019emp\u00eache pas de se ressourcer loin de la capitale.<br \/>\nMich\u00e8le Bernier poss\u00e8de <strong>une maison de famille<\/strong> dans<br \/>\nla Meuse, au c\u0153ur de la for\u00eat d\u2019Argonne. Une parenth\u00e8se verdoyante,<br \/>\nsitu\u00e9e entre la Lorraine et la Champagne, dont elle parle avec<br \/>\nbeaucoup de tendresse. \u00ab\u00a0J\u2019ai la maison familiale. J\u2019aime bien.<br \/>\nMes enfants adorent. Les copains de mes enfants adorent.<br \/>\n<strong>C\u2019est un endroit \u00e0 part.<\/strong> C\u2019est <a href=\"https:\/\/www.lejournaldelamaison.fr\/le-journal-de-la-maison\/piece-par-piece\/cuisine-salle-a-manger-le-journal-de-la-maison\/cuisine\/campagne-chic-cuisines-bonnes-idees-a-piquer-177836.html\" target=\"_blank\" rel=\"noopener\"><br \/>\nune vraie campagne<\/a> encore\u00a0\u00bb, confiait-elle sur Europe<br \/>\n1 en 2019.<\/p>\n<p data-start=\"1744\" data-end=\"2234\">Et elle ne semble absolument<br \/>\npas pr\u00eate t&rsquo;y tirer un trait : \u00ab\u00a0C\u2019est une r\u00e9gion magnifique,<br \/>\n<strong>la for\u00eat de l\u2019Argonne, c\u2019est \u00e0 tomber.<\/strong> C\u2019est<br \/>\nvallonn\u00e9, vert. On est dans l\u2019Histoire tout le temps.\u00a0\u00bb En<br \/>\n2022, la com\u00e9dienne \u00e9voquait une nouvelle fois au micro de France<br \/>\nBleu cette r\u00e9gion qui la passionne \u00e9norm\u00e9ment : \u00ab\u00a0On y va de<br \/>\ntemps en temps, on aime bien s\u2019y retrouver. C\u2019est un peu notre nid<br \/>\n\u00e0 nous. L\u00e0-bas, on n\u2019est pas emb\u00eat\u00e9s, on est tranquilles.<br \/>\n<strong>La campagne est sublime, les mirabelliers, les cerisiers&#8230;<br \/>\nc\u2019est beau.<\/strong>\u00a0\u00bb De quoi vous donner des id\u00e9es de s\u00e9jour<br \/>\n?<\/p>\n<blockquote class=\"instagram-media\" style=\"background: #ffffff;border: 0;margin: 1px;width: 100%;padding: 0;max-width: 500px;\" data-instgrm-permalink=\"https:\/\/www.instagram.com\/p\/DEndAI_A_0C\/?hl=fr\" data-instgrm-version=\"14\"\/>\n<p><script async src=\"\/\/www.instagram.com\/embed.js\"><\/script><\/p>\n","protected":false},"excerpt":{"rendered":"\u00c0 69 ans, Mich\u00e8le Bernier tient toujours la forme. Pr\u00e9sente dans le jury de Miss France dont la&hellip;\n","protected":false},"author":2,"featured_media":580281,"comment_status":"","ping_status":"","sticky":false,"template":"","format":"standard","meta":{"footnotes":""},"categories":[1359],"tags":[69420,3226,69422,1446,1805,58,59,932,652,1011,27,4743,151,2142,11209,43313,69421,973,10649,13537,69423],"class_list":{"0":"post-580280","1":"post","2":"type-post","3":"status-publish","4":"format-standard","5":"has-post-thumbnail","7":"category-people","8":"tag-bernier","9":"tag-campagne","10":"tag-cerisiers","11":"tag-dans","12":"tag-de","13":"tag-divertissement","14":"tag-entertainment","15":"tag-est","16":"tag-famille","17":"tag-fr","18":"tag-france","19":"tag-la","20":"tag-les","21":"tag-maison","22":"tag-meuse","23":"tag-michele","24":"tag-mirabelliers","25":"tag-people","26":"tag-sa","27":"tag-sublime","28":"tag-superbe"},"share_on_mastodon":{"url":"https:\/\/pubeurope.com\/@fr\/115668033465765919","error":""},"_links":{"self":[{"href":"https:\/\/www.europesays.com\/fr\/wp-json\/wp\/v2\/posts\/580280","targetHints":{"allow":["GET"]}}],"collection":[{"href":"https:\/\/www.europesays.com\/fr\/wp-json\/wp\/v2\/posts"}],"about":[{"href":"https:\/\/www.europesays.com\/fr\/wp-json\/wp\/v2\/types\/post"}],"author":[{"embeddable":true,"href":"https:\/\/www.europesays.com\/fr\/wp-json\/wp\/v2\/users\/2"}],"replies":[{"embeddable":true,"href":"https:\/\/www.europesays.com\/fr\/wp-json\/wp\/v2\/comments?post=580280"}],"version-history":[{"count":0,"href":"https:\/\/www.europesays.com\/fr\/wp-json\/wp\/v2\/posts\/580280\/revisions"}],"wp:featuredmedia":[{"embeddable":true,"href":"https:\/\/www.europesays.com\/fr\/wp-json\/wp\/v2\/media\/580281"}],"wp:attachment":[{"href":"https:\/\/www.europesays.com\/fr\/wp-json\/wp\/v2\/media?parent=580280"}],"wp:term":[{"taxonomy":"category","embeddable":true,"href":"https:\/\/www.europesays.com\/fr\/wp-json\/wp\/v2\/categories?post=580280"},{"taxonomy":"post_tag","embeddable":true,"href":"https:\/\/www.europesays.com\/fr\/wp-json\/wp\/v2\/tags?post=580280"}],"curies":[{"name":"wp","href":"https:\/\/api.w.org\/{rel}","templated":true}]}}