{"id":580282,"date":"2025-12-05T17:02:24","date_gmt":"2025-12-05T17:02:24","guid":{"rendered":"https:\/\/www.europesays.com\/fr\/580282\/"},"modified":"2025-12-05T17:02:24","modified_gmt":"2025-12-05T17:02:24","slug":"que-faire-ce-week-end-la-nouvelle-galerie-du-louvre-les-enfants-vont-bien-au-cinema-decouvrez-les-conseils-culturels-des-critiques-du-figaro","status":"publish","type":"post","link":"https:\/\/www.europesays.com\/fr\/580282\/","title":{"rendered":"Que faire ce week-end\u00a0? La nouvelle galerie du Louvre, Les Enfants vont bien au cin\u00e9ma&#8230; D\u00e9couvrez les conseils culturels des critiques du Figaro"},"content":{"rendered":"<p data-module=\"standfirst\" data-context=\"@media (min-width:48em)\">\n    Envie de vous balader ou de rester tranquillement devant la t\u00e9l\u00e9&#8230; Chaque semaine, retrouvez une s\u00e9lection de livres, films, sorties, s\u00e9ries, albums recommand\u00e9s par nos journalistes.<\/p>\n<p class=\"fig-paragraph fig-paragraph--dropped\">Se faire une toile, buller devant un documentaire en replay, \u00e9couter le dernier album qu\u2019il ne faut pas manquer ou se plonger dans un \u00e9pais roman. Beau programme pour un week-end qui a\u00e8re les esprits en mettant un peu de culture dans nos vies. Pour vous guider, chaque semaine, les journalistes du service Culture du Figaro, du Litt\u00e9raire et du TV Magazine vous proposent quelques id\u00e9es. \u00c0 consommer sans mod\u00e9ration.<\/p>\n<p>                                            Au cin\u00e9ma\u00a0: Les enfants vont bien<\/p>\n<p class=\"fig-paragraph fig-paragraph--dropped\">Merci du cadeau. Elle ne demandait rien, et elle se retrouve avec les enfants de sa s\u0153ur sur le dos. \u00c7a, Jeanne (<a href=\"http:\/\/www.lefigaro.fr\/culture\/camille-cottin-je-commence-tout-juste-a-m-assumer-completement-20251202\" target=\"_blank\" data-fig-type=\"Article\" rel=\"noopener\" data-gtm-custom-categorie=\"navigation\" data-gtm-custom-action=\"crossclick\" data-gtm-custom-label=\"Contextuel\" data-gtm-event=\"customEventSPE\" data-fig-domain=\"LEFIGARO\">Camille Cottin<\/a>) ne s\u2019en remet pas. Deux ans qu\u2019elle n\u2019avait pas vu Suzanne et voici que celle-ci d\u00e9barque sans crier gare, d\u00e9guerpit pendant la nuit en lui laissant Gaspard et Margaux. La police hausse les \u00e9paules. La disparue est majeure. Le r\u00e9alisateur retrouve ici son domaine de pr\u00e9dilection, la famille. Il n\u2019y a pas plus romanesque.<\/p>\n<p class=\"fig-paragraph fig-paragraph--dropped\">Camille Cottin se dresse comme un donjon. Elle s\u2019en serait bien pass\u00e9e, de ce r\u00f4le de maman par inadvertance. Son visage est un arc-en-ciel\u2026<\/p>\n<p class=\"fig-premium-paywall__infos\">\n        Cet article est r\u00e9serv\u00e9 aux abonn\u00e9s.        Il vous reste 81% \u00e0 d\u00e9couvrir.\n    <\/p>\n<p>                <img  data- alt=\"Le Figaro\" class=\"fig-img--complete fig-img\"\/><\/p>\n<p class=\"fig-premium-paywall__title\">Vous avez envie de lire la suite ?<\/p>\n<p class=\"fig-premium-paywall__subtitle\">D\u00e9bloquez tous les articles imm\u00e9diatement.<\/p>\n<p class=\"fig-premium-paywall__connect\">\n                D\u00e9j\u00e0 abonn\u00e9\u00a0?                <a class=\"fig-premium-paywall__connect-link\" href=\"https:\/\/connect.lefigaro.fr\/login?client=horizon_web&amp;type=main&amp;redirect_uri=https%3A%2F%2Fwww.lefigaro.fr%2Fculture%2Fque-faire-ce-week-end-la-nouvelle-galerie-du-louvre-les-enfants-vont-bien-au-cinema-decouvrez-les-conseils-culturels-des-critiques-du-figaro-20251205\" data-js-gtm=\"{&quot;customCategorie&quot;: &quot;conversion&quot;, &quot;customAction&quot;: &quot;before_Landing_Connexion_paywall_auto&quot;, &quot;customLabel&quot;: &quot;bGVmaWdhcm8uZnJfXzFmMGQxMGJiLTk3ODItNmU3Ni05Mzg1LWVkZTdiYzA0NDBmOF9fQXJ0aWNsZQ==_Que faire ce week-end\u00a0? La nouvelle galerie du Louvre, &lt;i&gt;Les Enfants vont bien&lt;\/i&gt; au cin\u00e9ma... D\u00e9couvrez les conseils culturels des critiques du &lt;i&gt;Figaro&lt;\/i&gt;_133&quot;, &quot;customIDSPE&quot;: &quot;bGVmaWdhcm8uZnJfXzFmMGQxMGJiLTk3ODItNmU3Ni05Mzg1LWVkZTdiYzA0NDBmOF9fQXJ0aWNsZQ==&quot;, &quot;event&quot;: &quot;customEventSPE&quot;}\" target=\"_blank\" rel=\"noopener\"><br \/>\n                    Connectez-vous<br \/>\n                <\/a>\n            <\/p>\n","protected":false},"excerpt":{"rendered":"Envie de vous balader ou de rester tranquillement devant la t\u00e9l\u00e9&#8230; Chaque semaine, retrouvez une s\u00e9lection de livres,&hellip;\n","protected":false},"author":2,"featured_media":580283,"comment_status":"","ping_status":"","sticky":false,"template":"","format":"standard","meta":{"footnotes":""},"categories":[1358],"tags":[1348,1384,1385,650,1386,7703,58,59,3293,1011,27,7373],"class_list":{"0":"post-580282","1":"post","2":"type-post","3":"status-publish","4":"format-standard","5":"has-post-thumbnail","7":"category-arts-et-design","8":"tag-arts","9":"tag-arts-and-design","10":"tag-arts-et-design","11":"tag-cinema","12":"tag-design","13":"tag-disque","14":"tag-divertissement","15":"tag-entertainment","16":"tag-exposition","17":"tag-fr","18":"tag-france","19":"tag-librairies"},"share_on_mastodon":{"url":"https:\/\/pubeurope.com\/@fr\/115668041320262434","error":""},"_links":{"self":[{"href":"https:\/\/www.europesays.com\/fr\/wp-json\/wp\/v2\/posts\/580282","targetHints":{"allow":["GET"]}}],"collection":[{"href":"https:\/\/www.europesays.com\/fr\/wp-json\/wp\/v2\/posts"}],"about":[{"href":"https:\/\/www.europesays.com\/fr\/wp-json\/wp\/v2\/types\/post"}],"author":[{"embeddable":true,"href":"https:\/\/www.europesays.com\/fr\/wp-json\/wp\/v2\/users\/2"}],"replies":[{"embeddable":true,"href":"https:\/\/www.europesays.com\/fr\/wp-json\/wp\/v2\/comments?post=580282"}],"version-history":[{"count":0,"href":"https:\/\/www.europesays.com\/fr\/wp-json\/wp\/v2\/posts\/580282\/revisions"}],"wp:featuredmedia":[{"embeddable":true,"href":"https:\/\/www.europesays.com\/fr\/wp-json\/wp\/v2\/media\/580283"}],"wp:attachment":[{"href":"https:\/\/www.europesays.com\/fr\/wp-json\/wp\/v2\/media?parent=580282"}],"wp:term":[{"taxonomy":"category","embeddable":true,"href":"https:\/\/www.europesays.com\/fr\/wp-json\/wp\/v2\/categories?post=580282"},{"taxonomy":"post_tag","embeddable":true,"href":"https:\/\/www.europesays.com\/fr\/wp-json\/wp\/v2\/tags?post=580282"}],"curies":[{"name":"wp","href":"https:\/\/api.w.org\/{rel}","templated":true}]}}