{"id":580286,"date":"2025-12-05T17:05:11","date_gmt":"2025-12-05T17:05:11","guid":{"rendered":"https:\/\/www.europesays.com\/fr\/580286\/"},"modified":"2025-12-05T17:05:11","modified_gmt":"2025-12-05T17:05:11","slug":"un-lieu-de-reve-dans-un-quartier-invivable","status":"publish","type":"post","link":"https:\/\/www.europesays.com\/fr\/580286\/","title":{"rendered":"un lieu de r\u00eave\u2026 dans un quartier \u00ab\u00a0invivable\u00a0\u00bb"},"content":{"rendered":"<p>D\u00a0\u00bbAllemagne \u00e0 Mademoiselle chante le blues en<br \/>\npassant par Mon mec \u00e0 moi, Il me dit que je suis<br \/>\nbelle ou Je voulais la conna\u00eetre, <a href=\"https:\/\/www.melty.fr\/tag\/patricia-kaas\" target=\"_blank\" rel=\"noopener\">Patricia Kaas peut se<br \/>\nvanter d&rsquo;avoir encha\u00een\u00e9 les tubes<\/a> pendant des ann\u00e9es. Et si<br \/>\nl&rsquo;artiste a pris la d\u00e9cision de faire une pause dans sa carri\u00e8re<br \/>\npour pr\u00e9server sa sant\u00e9 mentale, elle est r\u00e9cemment revenue en<br \/>\nforce gr\u00e2ce \u00e0 l&rsquo;\u00e9mission The Voice. Jur\u00e9e embl\u00e9matique du<br \/>\nprogramme culte pr\u00e9sent\u00e9 par Nikos Aliagas, la chanteuse a fait<br \/>\n\u00e9quipe avec Florent Pagny, Zaz et Vianney. Une belle aventure pour<br \/>\nle quatuor qui n&rsquo;a pas manqu\u00e9 de surprendre les aficionados.<\/p>\n<p>Patricia Kaas bien install\u00e9e face \u00e0 l\u2019\u00c9lys\u00e9e<\/p>\n<p>Lorsqu&rsquo;elle n&rsquo;est pas sur les plateaux ou dans les studios,<br \/>\nPatricia Kaas se la coule douce dans son bel appartement parisien,<br \/>\nsitu\u00e9 dans le 8\u1d49 arrondissement. Celle qui c\u00e9l\u00e8bre aujourd&rsquo;hui son<br \/>\n59\u1d49 anniversaire a d&rsquo;ailleurs entrepris quelques travaux. C&rsquo;est en<br \/>\ntout cas ce qu&rsquo;elle confiait dans les colonnes du Parisien<br \/>\npeu de temps avant de prendre la route de The Voice.<br \/>\n\u00ab\u00a0J\u2019ai fait des travaux dans mon appartement \u00e0 Paris, le m\u00eame<br \/>\ndepuis des ann\u00e9es en face de l\u2019\u00c9lys\u00e9e. J\u2019avais besoin de changer<br \/>\nd\u2019int\u00e9rieur, j\u2019adore la d\u00e9co\u00a0\u00bb, a-t-elle r\u00e9v\u00e9l\u00e9.<\/p>\n<p>La chanteuse pousse un coup de gueule<br \/>\ncontre son quartier<\/p>\n<p>Malheureusement, le quartier n&rsquo;est pas aussi paisible qu&rsquo;on<br \/>\npourrait le croire. Bien au contraire&#8230; \u00c0 l&rsquo;instar de Michel<br \/>\nSardou, Patricia Kaas semble en avoir assez de la capitale. Dans<br \/>\nles pages de nos confr\u00e8res, elle avait d&rsquo;ailleurs expliqu\u00e9 :<br \/>\n\u00ab\u00a0C&rsquo;est le bordel. C&rsquo;est horrible, on ne peut plus rien faire,<br \/>\non ne peut plus bouger, on est parqu\u00e9s derri\u00e8re des barri\u00e8res, je<br \/>\nsuis surprot\u00e9g\u00e9e depuis qu&rsquo;ils ont ferm\u00e9 la rue du<br \/>\nFaubourg-Saint-Honor\u00e9. Les taxis ne passent pas. Bon, je peux<br \/>\nencore porter ma valise, mais c&rsquo;est quand m\u00eame p\u00e9nible. Et, \u00e0<br \/>\npartir de 20 heures, lorsqu&rsquo;ils ferment les barri\u00e8res, m\u00eame les<br \/>\npi\u00e9tons ne passent plus. Donc, quand tu invites quelqu&rsquo;un \u00e0 boire<br \/>\nun verre, si tu ne laisses pas les noms en bas, personne ne<br \/>\npasse\u00a0\u00bb.<\/p>\n<p>Patricia Kaas regrette d&rsquo;ailleurs l&rsquo;absence de confidentialit\u00e9<br \/>\ndans un tel processus : \u00ab\u00a0Et je suis d\u00e9sol\u00e9e, mais c&rsquo;est ton<br \/>\nintimit\u00e9. T&rsquo;as pas envie que tout le monde sache qui vient et part<br \/>\nde chez toi. Comme en plus, je suis une personnalit\u00e9, les gens<br \/>\njasent. Parfois, je discute avec les policiers, je leur demande :<br \/>\n&lsquo;Mais qu&rsquo;est-ce qu&rsquo;il peut arriver\u202f?&rsquo; C&rsquo;est devenu invivable\u00a0\u00bb,<br \/>\na conclu <a href=\"https:\/\/www.melty.fr\/people\/patricia-kaas-changement-radicalement-de-coupe-de-cheveux-elle-ne-fait-pas-lunanimite-2250587.html\" target=\"_blank\" rel=\"noopener\"><br \/>\nl&rsquo;artiste qui a radicalement chang\u00e9 de coupe de cheveux<\/a>.<\/p>\n","protected":false},"excerpt":{"rendered":"D\u00a0\u00bbAllemagne \u00e0 Mademoiselle chante le blues en passant par Mon mec \u00e0 moi, Il me dit que je&hellip;\n","protected":false},"author":2,"featured_media":580287,"comment_status":"","ping_status":"","sticky":false,"template":"","format":"standard","meta":{"footnotes":""},"categories":[1355],"tags":[58,59,1011,27,1361,873,2751,65861],"class_list":{"0":"post-580286","1":"post","2":"type-post","3":"status-publish","4":"format-standard","5":"has-post-thumbnail","7":"category-musique","8":"tag-divertissement","9":"tag-entertainment","10":"tag-fr","11":"tag-france","12":"tag-music","13":"tag-musique","14":"tag-patricia-kaas","15":"tag-trend"},"share_on_mastodon":{"url":"https:\/\/pubeurope.com\/@fr\/115668053252610913","error":""},"_links":{"self":[{"href":"https:\/\/www.europesays.com\/fr\/wp-json\/wp\/v2\/posts\/580286","targetHints":{"allow":["GET"]}}],"collection":[{"href":"https:\/\/www.europesays.com\/fr\/wp-json\/wp\/v2\/posts"}],"about":[{"href":"https:\/\/www.europesays.com\/fr\/wp-json\/wp\/v2\/types\/post"}],"author":[{"embeddable":true,"href":"https:\/\/www.europesays.com\/fr\/wp-json\/wp\/v2\/users\/2"}],"replies":[{"embeddable":true,"href":"https:\/\/www.europesays.com\/fr\/wp-json\/wp\/v2\/comments?post=580286"}],"version-history":[{"count":0,"href":"https:\/\/www.europesays.com\/fr\/wp-json\/wp\/v2\/posts\/580286\/revisions"}],"wp:featuredmedia":[{"embeddable":true,"href":"https:\/\/www.europesays.com\/fr\/wp-json\/wp\/v2\/media\/580287"}],"wp:attachment":[{"href":"https:\/\/www.europesays.com\/fr\/wp-json\/wp\/v2\/media?parent=580286"}],"wp:term":[{"taxonomy":"category","embeddable":true,"href":"https:\/\/www.europesays.com\/fr\/wp-json\/wp\/v2\/categories?post=580286"},{"taxonomy":"post_tag","embeddable":true,"href":"https:\/\/www.europesays.com\/fr\/wp-json\/wp\/v2\/tags?post=580286"}],"curies":[{"name":"wp","href":"https:\/\/api.w.org\/{rel}","templated":true}]}}