{"id":580288,"date":"2025-12-05T17:06:13","date_gmt":"2025-12-05T17:06:13","guid":{"rendered":"https:\/\/www.europesays.com\/fr\/580288\/"},"modified":"2025-12-05T17:06:13","modified_gmt":"2025-12-05T17:06:13","slug":"zootopie-2-vaiana-2-vous-avez-prefere-le-deuxieme-episode-dune-saga-danimation-au-premier-racontez-nous","status":"publish","type":"post","link":"https:\/\/www.europesays.com\/fr\/580288\/","title":{"rendered":"\u00ab\u00a0Zootopie 2\u00a0\u00bb, \u00ab\u00a0Vaiana 2\u00a0\u00bb\u2026 Vous avez pr\u00e9f\u00e9r\u00e9 le deuxi\u00e8me \u00e9pisode d\u2019une saga d\u2019animation au premier, racontez-nous\u00a0!"},"content":{"rendered":"<p>De la suite dans les id\u00e9es. Depuis quelques jours, Zootopie 2, le film d\u2019animation de Disney r\u00e9alis\u00e9 par Jared Bush et Byron Howard, <a href=\"https:\/\/www.20minutes.fr\/arts-stars\/cinema\/oscars\/4188965-20251201-box-office-zootopie-2-film-animation-realise-meilleur-demarrage-tous-temps\" class=\"c-link c-link--is-underlined\" target=\"_blank\" rel=\"noopener\">cartonne au box-office<\/a>. Et ce n\u2019est pas le premier des deuxi\u00e8mes \u00e9pisodes de saga d\u2019animation \u00e0 afficher un tel succ\u00e8s au <a href=\"https:\/\/www.20minutes.fr\/arts-stars\/cinema\/\" class=\"c-link c-link--is-underlined\" target=\"_blank\" rel=\"noopener\">cin\u00e9ma<\/a>\u00a0!<\/p>\n<p>Vaiana 2 ou Vice Versa 2 ont \u00e9t\u00e9 des cartons incroyables, qui ont pouss\u00e9 de nombreux spectateurs et spectatrices \u00e0 se demander si le deuxi\u00e8me opus d\u2019une saga n\u2019\u00e9tait pas <a href=\"https:\/\/www.20minutes.fr\/arts-stars\/cinema\/4187568-20251125-pourquoi-zootopie-2-meilleur-disney-depuis-tres-tres-longtemps\" class=\"c-link c-link--is-underlined\" target=\"_blank\" rel=\"noopener\">mieux que le premier<\/a>. Les studios, notamment <a href=\"https:\/\/www.20minutes.fr\/dossier\/disney\" class=\"c-link c-link--is-underlined\" target=\"_blank\" rel=\"noopener\">Disney<\/a>, ne s\u2019y sont pas tromp\u00e9s, et d\u00e9clinent plus volontiers des deuxi\u00e8mes volets \u00e0 l\u2019affiche des salles obscures.<\/p>\n<p>Et vous, quel deuxi\u00e8me \u00e9pisode de saga de <a href=\"https:\/\/www.20minutes.fr\/cinema\/film_d_animation\/\" class=\"c-link c-link--is-underlined\" target=\"_blank\" rel=\"noopener\">film d\u2019animation<\/a> avez-vous ador\u00e9\u00a0? Lequel surpasse, selon vous, le premier\u00a0? Qu\u2019est-ce que vous avez pr\u00e9f\u00e9r\u00e9 dans tel ou tel deuxi\u00e8me opus\u00a0? Pour ces deuxi\u00e8mes opus, pr\u00e9f\u00e9rez-vous les suites des premiers ou une histoire d\u00e9corr\u00e9l\u00e9e\u00a0? Vous pouvez t\u00e9moigner en remplissant le formulaire ci-dessous. Vos t\u00e9moignages serviront \u00e0 la r\u00e9daction d\u2019un article. Merci d\u2019avance.<\/p>\n<p><\/p>\n","protected":false},"excerpt":{"rendered":"De la suite dans les id\u00e9es. Depuis quelques jours, Zootopie 2, le film d\u2019animation de Disney r\u00e9alis\u00e9 par&hellip;\n","protected":false},"author":2,"featured_media":580289,"comment_status":"","ping_status":"","sticky":false,"template":"","format":"standard","meta":{"footnotes":""},"categories":[1354],"tags":[650,32652,520,58,59,31156,1346,1011,27,1360],"class_list":{"0":"post-580288","1":"post","2":"type-post","3":"status-publish","4":"format-standard","5":"has-post-thumbnail","7":"category-films","8":"tag-cinema","9":"tag-dessin-anime","10":"tag-disney","11":"tag-divertissement","12":"tag-entertainment","13":"tag-film-danimation","14":"tag-films","15":"tag-fr","16":"tag-france","17":"tag-movies"},"share_on_mastodon":{"url":"https:\/\/pubeurope.com\/@fr\/115668057194328672","error":""},"_links":{"self":[{"href":"https:\/\/www.europesays.com\/fr\/wp-json\/wp\/v2\/posts\/580288","targetHints":{"allow":["GET"]}}],"collection":[{"href":"https:\/\/www.europesays.com\/fr\/wp-json\/wp\/v2\/posts"}],"about":[{"href":"https:\/\/www.europesays.com\/fr\/wp-json\/wp\/v2\/types\/post"}],"author":[{"embeddable":true,"href":"https:\/\/www.europesays.com\/fr\/wp-json\/wp\/v2\/users\/2"}],"replies":[{"embeddable":true,"href":"https:\/\/www.europesays.com\/fr\/wp-json\/wp\/v2\/comments?post=580288"}],"version-history":[{"count":0,"href":"https:\/\/www.europesays.com\/fr\/wp-json\/wp\/v2\/posts\/580288\/revisions"}],"wp:featuredmedia":[{"embeddable":true,"href":"https:\/\/www.europesays.com\/fr\/wp-json\/wp\/v2\/media\/580289"}],"wp:attachment":[{"href":"https:\/\/www.europesays.com\/fr\/wp-json\/wp\/v2\/media?parent=580288"}],"wp:term":[{"taxonomy":"category","embeddable":true,"href":"https:\/\/www.europesays.com\/fr\/wp-json\/wp\/v2\/categories?post=580288"},{"taxonomy":"post_tag","embeddable":true,"href":"https:\/\/www.europesays.com\/fr\/wp-json\/wp\/v2\/tags?post=580288"}],"curies":[{"name":"wp","href":"https:\/\/api.w.org\/{rel}","templated":true}]}}