{"id":580290,"date":"2025-12-05T17:07:20","date_gmt":"2025-12-05T17:07:20","guid":{"rendered":"https:\/\/www.europesays.com\/fr\/580290\/"},"modified":"2025-12-05T17:07:20","modified_gmt":"2025-12-05T17:07:20","slug":"letude-francaise-qui-demonte-la-these-dun-risque-accru-avec-les-vaccins-arnm","status":"publish","type":"post","link":"https:\/\/www.europesays.com\/fr\/580290\/","title":{"rendered":"l\u2019\u00e9tude fran\u00e7aise qui d\u00e9monte la th\u00e8se d\u2019un risque accru avec les vaccins ARNm"},"content":{"rendered":"<p>Cette \u00e9tude fran\u00e7aise est la premi\u00e8re au monde \u00e0 avoir suivi durant quatre\u00a0ans pr\u00e8s de 29 millions de personnes \u00e2g\u00e9es de 18 \u00e0 59 ans, vaccin\u00e9es ou non contre la Covid-19.<\/p>\n<p>Ce travail visait,\u00a0notamment, \u00e0 apporter de nouvelles donn\u00e9es robustes sur le profil de s\u00e9curit\u00e9, sur le long terme, des vaccins \u00e0 ARN messager. Epi-Phare\u00a0(groupement d&rsquo;int\u00e9r\u00eat scientifique commun \u00e0 l&rsquo;ANSM et la Cnam) a ainsi conduit une \u00e9tude de pharmaco-\u00e9pid\u00e9miologie afin d&rsquo;\u00e9valuer le risque de mortalit\u00e9 toutes causes \u00e0 quatre\u00a0ans chez les individus \u00e2g\u00e9s de 18 \u00e0 59 ans vaccin\u00e9s par au moins une dose de <a href=\"https:\/\/www.futura-sciences.com\/sante\/questions-reponses\/vaccin-7-fausses-croyances-vaccins-ce-disent-vraiment-chercheurs-inserm-23451\/\" title=\"7 fausses croyances sur les vaccins : ce que disent vraiment les chercheurs de l\u2019Inserm\" target=\"_blank\" rel=\"noopener\">vaccin<\/a> \u00e0 ARNm (<a href=\"https:\/\/www.futura-sciences.com\/sante\/definitions\/vaccin-pfizer-19394\/\" target=\"_blank\" rel=\"noopener\">Pfizer<\/a>-BioNTech ou Moderna) comparativement \u00e0 des individus non-vaccin\u00e9s.<\/p>\n<p>        Le saviez-vous<\/p>\n<p>La vaccination standard consiste \u00e0 injecter une forme att\u00e9nu\u00e9e ou inactiv\u00e9e d\u2019un agent infectieux dans l\u2019organisme. Avec le\u00a0<a href=\"https:\/\/www.futura-sciences.com\/sante\/actualites\/coronavirus-fonctionne-vaccin-arn-84148\/\" target=\"_blank\" rel=\"noopener\">vaccin \u00e0 ARN messager<\/a>, il s\u2019agit de faire produire des fragments d\u2019agents infectieux directement par les cellules de la personne vaccin\u00e9e. Ce n\u2019est pas l\u2019antig\u00e8ne qui est inject\u00e9 mais l\u2019information, sous la forme de mol\u00e9cules d\u2019ARN, sur laquelle s\u2019appuieront les cellules pour produire les prot\u00e9ines de l\u2019agent pathog\u00e8ne. Ces prot\u00e9ines sont d\u00fbment s\u00e9lectionn\u00e9es en amont pour leur capacit\u00e9 \u00e0 d\u00e9clencher une r\u00e9ponse immunitaire susceptible de neutraliser le virus.<\/p>\n<p>Selon\u00a0les r\u00e9sultats de l&rsquo;\u00e9tude\u00a0publi\u00e9e\u00a0ce jeudi 4 d\u00e9cembre dans la revue\u00a0<a href=\"https:\/\/jamanetwork.com\/journals\/jamanetworkopen\/fullarticle\/2842305?resultClick=1\" title=\"COVID-19 mRNA Vaccination and 4-Year All-Cause Mortality Among Adults Aged 18 to 59 Years in France\" target=\"_blank\" rel=\"noopener\">JAMA Network Open<\/a>,\u00a0les personnes ayant re\u00e7u un vaccin \u00e0 ARN messager n&rsquo;ont pas plus de risque de d\u00e9c\u00e8s toutes causes confondues que les personnes non-vaccin\u00e9es. Mieux, les individus ayant re\u00e7u au moins une dose de vaccin \u00e0 ARNm pr\u00e9sentaient un risque de d\u00e9c\u00e8s toutes causes r\u00e9duit de 25 %, comparativement \u00e0 ceux non-vaccin\u00e9s.\u00a0Cette r\u00e9duction \u00e9tait observ\u00e9e pour les principales causes de d\u00e9c\u00e8s \u00e9tudi\u00e9s, dont les maladies cardiovasculaires et les cancers. Et la mortalit\u00e9 li\u00e9e au <a href=\"https:\/\/www.futura-sciences.com\/sante\/actualites\/covid-19-symptomes-variant-vaccin-ce-quil-faut-savoir-reprise-covid-19-cet-automne-126471\/\" title=\"Sympt\u00f4mes, variant, vaccin : ce qu\u2019il faut savoir sur la reprise du Covid-19 cet automne\" target=\"_blank\" rel=\"noopener\">Covid-19<\/a> \u00e9tait quant \u00e0 elle r\u00e9duite de 74 % chez les personnes <a href=\"https:\/\/www.futura-sciences.com\/sante\/actualites\/vaccin-anti-covid-vaccines-ont-14-fois-moins-risque-deceder-covid-19-93025\/\" title=\"Les vaccin\u00e9s ont 14 fois moins de risque de d\u00e9c\u00e9der de la Covid-19\" target=\"_blank\" rel=\"noopener\">vaccin\u00e9es<\/a>.<\/p>\n<p>L&rsquo;\u00e9tude, r\u00e9alis\u00e9e \u00e0 partir des donn\u00e9es du Syst\u00e8me national des donn\u00e9es de sant\u00e9 (SNDS), a inclus 22,7 millions de personnes vaccin\u00e9es entre mai et octobre 2021 et 5,9 millions de personnes non-vaccin\u00e9es au 1er\u00a0novembre 2021, suivies sur une <a href=\"https:\/\/www.futura-sciences.com\/sciences\/definitions\/physique-duree-14966\/\" target=\"_blank\" rel=\"noopener\">dur\u00e9e<\/a> m\u00e9diane de 45 mois.<\/p>\n<p>Au total, sur quatre\u00a0ann\u00e9es de suivi, 98\u202f429 d\u00e9c\u00e8s toutes causes (sur 22,7 millions de vaccin\u00e9s, soit 0,4\u202f%) ont \u00e9t\u00e9 enregistr\u00e9s chez les personnes vaccin\u00e9es, contre 32\u202f662 (sur 5,9 millions de non-vaccin\u00e9s, soit 0,6\u202f%) chez les non-vaccin\u00e9es.<\/p>\n<p class=\"fs-media\">\n<p><img decoding=\"async\" data-imgid=\"full\" src=\"https:\/\/www.europesays.com\/fr\/wp-content\/uploads\/2025\/12\/vaccin-covid.jpeg\" width=\"1080\" height=\"720\" alt=\"\" loading=\"lazy\"\/><br \/>\nL&rsquo;objectif de cette \u00e9tude de grande ampleur : comparer la mortalit\u00e9 toutes causes confondues chez les personnes \u00e2g\u00e9es de 18 \u00e0 59\u00a0ans vaccin\u00e9es avec le vaccin \u00e0 ARN messager contre la Covid-19 par rapport aux personnes non vaccin\u00e9es.\u00a0\u00a9 New Africa, Adobe Stock<\/p>\n<p>Un profil de s\u00e9curit\u00e9 confirm\u00e9<\/p>\n<p>Cette \u00e9tude confirme l&rsquo;innocuit\u00e9\u00a0<a href=\"https:\/\/www.futura-sciences.com\/sante\/actualites\/vaccin-anti-covid-vaccin-covid-19-montre-effet-inattendu-il-stimule-defenses-certains-cancers-126809\/\" title=\"Le vaccin contre la Covid-19 montre un effet inattendu : il stimule les d\u00e9fenses contre certains cancers !\" target=\"_blank\" rel=\"noopener\">des vaccins \u00e0 ARNm<\/a>\u00a0qui ont jou\u00e9 un r\u00f4le majeur dans le contr\u00f4le dans la <a href=\"https:\/\/www.futura-sciences.com\/sante\/definitions\/medecine-pandemie-3838\/\" target=\"_blank\" rel=\"noopener\">pand\u00e9mie<\/a> de Covid-19. De nombreuses \u00e9tudes ont d\u00e9j\u00e0 confirm\u00e9 leur efficacit\u00e9 notamment contre les <a href=\"https:\/\/www.futura-sciences.com\/sante\/actualites\/coronavirus-formes-graves-covid-19-15-expliquent-ces-deux-anomalies-83198\/\" title=\"Formes graves de la Covid-19 : 15 % s&#039;expliquent par ces deux anomalies\" target=\"_blank\" rel=\"noopener\">formes graves<\/a>, les hospitalisations et les d\u00e9c\u00e8s li\u00e9s au <a href=\"https:\/\/www.futura-sciences.com\/sante\/definitions\/medecine-virus-291\/\" target=\"_blank\" rel=\"noopener\">virus<\/a> du <a href=\"https:\/\/www.futura-sciences.com\/sante\/definitions\/coronavirus-sars-cov-2-18559\/\" target=\"_blank\" rel=\"noopener\">SARS-CoV-2<\/a>.<\/p>\n<p>Ces travaux ont aussi montr\u00e9 qu&rsquo;outre des effets de r\u00e9actog\u00e9nicit\u00e9, non graves et se r\u00e9solvant rapidement et de rares cas de myocardite et d&rsquo;anaphylaxie, aucune association entre les vaccins \u00e0 ARNm et le risque d&rsquo;<a href=\"https:\/\/www.futura-sciences.com\/sante\/definitions\/medecine-infarctus-myocarde-2483\/\" target=\"_blank\" rel=\"noopener\">infarctus du myocarde<\/a>, d&rsquo;<a href=\"https:\/\/www.futura-sciences.com\/sante\/definitions\/medecine-embolie-pulmonaire-15738\/\" target=\"_blank\" rel=\"noopener\">embolie pulmonaire<\/a> ou d&rsquo;<a href=\"https:\/\/www.futura-sciences.com\/sante\/questions-reponses\/medecine-avc-sont-signes-reagir-60\/\" title=\"AVC : quels sont les signes et comment r\u00e9agir ?\" target=\"_blank\" rel=\"noopener\">accident vasculaire c\u00e9r\u00e9bral (AVC)<\/a>\u00a0n&rsquo;a \u00e9t\u00e9 mise en \u00e9vidence. La pr\u00e9sente \u00e9tude est particuli\u00e8rement int\u00e9ressante du fait de la dur\u00e9e de suivi des participants (quatre\u00a0ans).<\/p>\n<p>\u00ab\u00a0Les r\u00e9sultats excluent toute augmentation du risque de mortalit\u00e9 \u00e0 long terme associ\u00e9 \u00e0 la <a href=\"https:\/\/www.futura-sciences.com\/sante\/definitions\/medecine-vaccination-11858\/\" target=\"_blank\" rel=\"noopener\">vaccination<\/a> par ARNm contre la Covid-19 et renforcent les connaissances sur leur profil de s\u00e9curit\u00e9\u00a0\u00bb,\u00a0conclut Epi-Phare dans un communiqu\u00e9.<\/p>\n","protected":false},"excerpt":{"rendered":"Cette \u00e9tude fran\u00e7aise est la premi\u00e8re au monde \u00e0 avoir suivi durant quatre\u00a0ans pr\u00e8s de 29 millions de&hellip;\n","protected":false},"author":2,"featured_media":580291,"comment_status":"","ping_status":"","sticky":false,"template":"","format":"standard","meta":{"footnotes":""},"categories":[10],"tags":[60362,61008,69424,4357,69426,69425,69427,69428,69429,1011,27,72,69430,69431,69432,69433,71,69434,69436,48881,69435,69438,69437],"class_list":{"0":"post-580290","1":"post","2":"type-post","3":"status-publish","4":"format-standard","5":"has-post-thumbnail","7":"category-sante","8":"tag-arn","9":"tag-arn-messager","10":"tag-composition-d039un-vaccin","11":"tag-covid-19","12":"tag-delai-d039efficacite-d039un-vaccin","13":"tag-dose-de-vaccin","14":"tag-effet-secondaire-d039un-vaccin","15":"tag-efficacite-d039un-vaccin","16":"tag-efficacite-de-la-vaccination","17":"tag-fr","18":"tag-france","19":"tag-health","20":"tag-interet-de-la-vaccination","21":"tag-non-vaccines","22":"tag-personne-vaccinee","23":"tag-rapport-benefice-risque-du-vaccin","24":"tag-sante","25":"tag-securite-des-vaccins","26":"tag-vaccin-a-arnm","27":"tag-vaccin-anti-covid","28":"tag-vaccin-anti-covid-19","29":"tag-vaccin-arn-messager","30":"tag-vaccination-contre-le-covid"},"share_on_mastodon":{"url":"","error":"Validation failed: Text character limit of 500 exceeded"},"_links":{"self":[{"href":"https:\/\/www.europesays.com\/fr\/wp-json\/wp\/v2\/posts\/580290","targetHints":{"allow":["GET"]}}],"collection":[{"href":"https:\/\/www.europesays.com\/fr\/wp-json\/wp\/v2\/posts"}],"about":[{"href":"https:\/\/www.europesays.com\/fr\/wp-json\/wp\/v2\/types\/post"}],"author":[{"embeddable":true,"href":"https:\/\/www.europesays.com\/fr\/wp-json\/wp\/v2\/users\/2"}],"replies":[{"embeddable":true,"href":"https:\/\/www.europesays.com\/fr\/wp-json\/wp\/v2\/comments?post=580290"}],"version-history":[{"count":0,"href":"https:\/\/www.europesays.com\/fr\/wp-json\/wp\/v2\/posts\/580290\/revisions"}],"wp:featuredmedia":[{"embeddable":true,"href":"https:\/\/www.europesays.com\/fr\/wp-json\/wp\/v2\/media\/580291"}],"wp:attachment":[{"href":"https:\/\/www.europesays.com\/fr\/wp-json\/wp\/v2\/media?parent=580290"}],"wp:term":[{"taxonomy":"category","embeddable":true,"href":"https:\/\/www.europesays.com\/fr\/wp-json\/wp\/v2\/categories?post=580290"},{"taxonomy":"post_tag","embeddable":true,"href":"https:\/\/www.europesays.com\/fr\/wp-json\/wp\/v2\/tags?post=580290"}],"curies":[{"name":"wp","href":"https:\/\/api.w.org\/{rel}","templated":true}]}}