{"id":580294,"date":"2025-12-05T17:09:11","date_gmt":"2025-12-05T17:09:11","guid":{"rendered":"https:\/\/www.europesays.com\/fr\/580294\/"},"modified":"2025-12-05T17:09:11","modified_gmt":"2025-12-05T17:09:11","slug":"telethon-2025-voici-le-salaire-surprenant-de-sophie-davant","status":"publish","type":"post","link":"https:\/\/www.europesays.com\/fr\/580294\/","title":{"rendered":"T\u00e9l\u00e9thon 2025 : voici le salaire (surprenant) de Sophie Davant"},"content":{"rendered":"<p>Chaque ann\u00e9e d\u00e9but d\u00e9cembre, des millions de t\u00e9l\u00e9spectateurs<br \/>\nretrouvent Sophie Davant aux commandes du <strong>T\u00e9l\u00e9thon<\/strong><br \/>\nsur France 2. Trente heures de direct, des t\u00e9moignages<br \/>\nbouleversants, un marathon qu\u2019on imagine \u00e9reintant pour<br \/>\nl\u2019animatrice comme pour les \u00e9quipes, avec en toile de fond des dons<br \/>\nqui se chiffrent en dizaines de millions d\u2019euros.<\/p>\n<p>\u00c0 chaque \u00e9dition revient la m\u00eame interrogation, le<br \/>\n<strong>salaire de Sophie Davant<\/strong> pour animer ce<br \/>\nrendez-vous caritatif est-il \u00e0 la hauteur du dispositif que l\u2019on<br \/>\nvoit \u00e0 l\u2019\u00e9cran, voire disproportionn\u00e9, comme certains le sugg\u00e8rent<br \/>\nsur les r\u00e9seaux sociaux ? Entre curiosit\u00e9 autour de ses revenus \u00e0<br \/>\nFrance T\u00e9l\u00e9visions et soup\u00e7ons sur le financement du T\u00e9l\u00e9thon, la<br \/>\nquestion du <strong>salaire Sophie Davant T\u00e9l\u00e9thon<\/strong> s\u2019est<br \/>\ninstall\u00e9e dans le d\u00e9bat public.<\/p>\n<p>Un salaire de Sophie Davant tr\u00e8s confortable \u00e0 France<br \/>\nT\u00e9l\u00e9visions<\/p>\n<p>Avant de parler du T\u00e9l\u00e9thon, il faut rappeler le parcours de<br \/>\nSophie Davant \u00e0 la t\u00e9l\u00e9vision. Entr\u00e9e sur Antenne 2 en 1987 comme<br \/>\nmiss m\u00e9t\u00e9o, elle a occup\u00e9 ce poste jusqu\u2019en 1992 et a dirig\u00e9 le<br \/>\nservice m\u00e9t\u00e9o jusqu\u2019en 2006. Ensuite, elle a encha\u00een\u00e9 les<br \/>\nprogrammes grand public qui ont fait d\u2019elle l\u2019une des animatrices<br \/>\nles plus populaires de France T\u00e9l\u00e9visions. Parmi ses \u00e9missions les<br \/>\nplus marquantes :<\/p>\n<ul>\n<li>Fort Boyard de 1990 \u00e0 1992, aux c\u00f4t\u00e9s de Patrice<br \/>\nLaffont<\/li>\n<li>le T\u00e9l\u00e9thon depuis 1997<\/li>\n<li>Toute une histoire de 2010 \u00e0 2016<\/li>\n<li>L&rsquo;histoire continue de 2014 \u00e0 2016<\/li>\n<li>Affaire conclue, tout le monde a quelque chose \u00e0<br \/>\nvendre depuis 2017<\/li>\n<li>les Victoires de la musique en 2020<\/li>\n<\/ul>\n<p>Interrog\u00e9e sur son rapport \u00e0 l\u2019argent en mai 2021, lors d\u2019un<br \/>\nentretien accord\u00e9 \u00e0 Lib\u00e9ration, Sophie Davant n\u2019a pas<br \/>\nesquiv\u00e9 le sujet : \u00ab\u00a0Je sais ce que repr\u00e9sente l&rsquo;argent. Je le<br \/>\nd\u00e9pense en fringues, en bouffe avec les copains, en vacances en<br \/>\nbord de mer. Cela me fait la vie douce, mais je ne flambe pas\u00a0\u00bb.<br \/>\nCette \u00ab\u00a0vie douce\u00a0\u00bb se chiffrerait \u00e0 environ <strong>320 000 euros<br \/>\nbruts par an<\/strong>, une r\u00e9mun\u00e9ration tr\u00e8s confortable pour une<br \/>\nfigure historique de France T\u00e9l\u00e9visions.<\/p>\n<p>T\u00e9l\u00e9thon : Sophie Davant r\u00e9pond aux rumeurs sur sa<br \/>\nr\u00e9mun\u00e9ration<\/p>\n<p>C\u2019est pr\u00e9cis\u00e9ment parce que son <strong>salaire<\/strong> est<br \/>\n\u00e9lev\u00e9 le reste de l\u2019ann\u00e9e que la pol\u00e9mique resurgit \u00e0 chaque<br \/>\nT\u00e9l\u00e9thon : beaucoup imaginent un cachet sp\u00e9cifique pour ces 30<br \/>\nheures de direct. Invit\u00e9e de Sud Radio, l\u2019animatrice a tenu \u00e0 faire<br \/>\nune mise au point tr\u00e8s nette sur ce point. \u00ab\u00a0Chaque ann\u00e9e, on est<br \/>\nsoumis \u00e0 ce genre de pol\u00e9mique. Nous animateurs sommes les seuls \u00e0<br \/>\nne pas \u00eatre pay\u00e9s. \u00c9videmment, tout comme l&rsquo;association AFM et les<br \/>\nparents\u00a0\u00bb, a expliqu\u00e9 Sophie Davant au micro de la station, en<br \/>\nrappelant que la suspicion revient inlassablement.<\/p>\n<p>Elle a d\u00e9taill\u00e9 l\u2019organisation en plateau, en distinguant<br \/>\nclairement les \u00e9quipes techniques des visages \u00e0 l\u2019antenne : \u00ab\u00a0Parce<br \/>\nqu&rsquo;il faut concevoir et fabriquer une \u00e9mission de t\u00e9l\u00e9\u00a0\u00bb, a-t-elle<br \/>\npoursuivi. \u00ab\u00a0Mais nous, on n\u2019est pas pay\u00e9s et les artistes non plus.<br \/>\nOn fait \u00e7a totalement b\u00e9n\u00e9volement et c&rsquo;est une fiert\u00e9\u00a0\u00bb.<\/p>\n<p>L\u2019AFM-T\u00e9l\u00e9thon tient exactement le m\u00eame discours et a pr\u00e9cis\u00e9 :<br \/>\n\u00ab\u00a0Contrairement \u00e0 ce qu\u2019on peut lire dans certains commentaires et<br \/>\nforums, les animateurs, invit\u00e9s et artistes qui interviennent sur<br \/>\nles antennes de France T\u00e9l\u00e9visions pendant le T\u00e9l\u00e9thon ne sont pas<br \/>\nr\u00e9mun\u00e9r\u00e9s. Seule une partie des co\u00fbts de production est prise en<br \/>\ncharge par l\u2019AFM-T\u00e9l\u00e9thon\u00a0\u00bb. En clair, pour le T\u00e9l\u00e9thon, Sophie<br \/>\nDavant ne touche pas le moindre centime.<\/p>\n<p>Un engagement b\u00e9n\u00e9vole au T\u00e9l\u00e9thon dont<br \/>\nSophie Davant se dit fi\u00e8re<\/p>\n<p>Depuis 1997, les Fran\u00e7ais passent leur premier week-end de<br \/>\nd\u00e9cembre en compagnie de Sophie Davant pour ce marathon solidaire.<br \/>\nUne fid\u00e9lit\u00e9 de plus de 25 ans qui s\u2019inscrit dans un contexte o\u00f9<br \/>\nles dons restent massifs : lors de la derni\u00e8re \u00e9dition \u00e9voqu\u00e9e,<br \/>\n<strong>90 839 067 euros<\/strong> avaient \u00e9t\u00e9 collect\u00e9s.<br \/>\nL\u2019animatrice revendique d\u2019ailleurs cet engagement comme central<br \/>\ndans sa carri\u00e8re. \u00ab\u00a0Ma fid\u00e9lit\u00e9 au T\u00e9l\u00e9thon est la chose dont je<br \/>\nsuis la plus fi\u00e8re dans mon m\u00e9tier\u00a0\u00bb, confiait-elle en juillet 2022<br \/>\ndans les colonnes de Paris Match.<\/p>\n<p>Dans ce dispositif, tout le \u00ab\u00a0casting\u00a0\u00bb \u00e0 l\u2019image est b\u00e9n\u00e9vole :<br \/>\nSophie Davant, Nagui, Cyril F\u00e9raud ou encore Kev Adams, parrain de<br \/>\nla 36e \u00e9dition les 2 et 3 d\u00e9cembre 2022, n\u2019\u00e9taient pr\u00e9sents qu\u2019en<br \/>\ntant que <strong>b\u00e9n\u00e9voles<\/strong>, tout comme les artistes mis en<br \/>\navant lors des diff\u00e9rentes soir\u00e9es.<\/p>\n<p>Cette implication gratuite se r\u00e9p\u00e8te d\u2019ann\u00e9e en ann\u00e9e, y compris<br \/>\npour les \u00e9ditions suivantes avec d\u2019autres parrains comme le<br \/>\nchanteur Vianney, tandis que les techniciens, eux, restent salari\u00e9s<br \/>\npour assurer la fabrication de l\u2019\u00e9mission. Un fonctionnement dont<br \/>\nSophie Davant dit \u00eatre fi\u00e8re et qu\u2019elle assume face aux pol\u00e9miques,<br \/>\nsans intention apparente de tourner la page du T\u00e9l\u00e9thon.<\/p>\n","protected":false},"excerpt":{"rendered":"Chaque ann\u00e9e d\u00e9but d\u00e9cembre, des millions de t\u00e9l\u00e9spectateurs retrouvent Sophie Davant aux commandes du T\u00e9l\u00e9thon sur France 2.&hellip;\n","protected":false},"author":2,"featured_media":580295,"comment_status":"","ping_status":"","sticky":false,"template":"","format":"standard","meta":{"footnotes":""},"categories":[8],"tags":[58,59,1011,27,65861],"class_list":{"0":"post-580294","1":"post","2":"type-post","3":"status-publish","4":"format-standard","5":"has-post-thumbnail","7":"category-divertissement","8":"tag-divertissement","9":"tag-entertainment","10":"tag-fr","11":"tag-france","12":"tag-trend"},"share_on_mastodon":{"url":"https:\/\/pubeurope.com\/@fr\/115668070080301951","error":""},"_links":{"self":[{"href":"https:\/\/www.europesays.com\/fr\/wp-json\/wp\/v2\/posts\/580294","targetHints":{"allow":["GET"]}}],"collection":[{"href":"https:\/\/www.europesays.com\/fr\/wp-json\/wp\/v2\/posts"}],"about":[{"href":"https:\/\/www.europesays.com\/fr\/wp-json\/wp\/v2\/types\/post"}],"author":[{"embeddable":true,"href":"https:\/\/www.europesays.com\/fr\/wp-json\/wp\/v2\/users\/2"}],"replies":[{"embeddable":true,"href":"https:\/\/www.europesays.com\/fr\/wp-json\/wp\/v2\/comments?post=580294"}],"version-history":[{"count":0,"href":"https:\/\/www.europesays.com\/fr\/wp-json\/wp\/v2\/posts\/580294\/revisions"}],"wp:featuredmedia":[{"embeddable":true,"href":"https:\/\/www.europesays.com\/fr\/wp-json\/wp\/v2\/media\/580295"}],"wp:attachment":[{"href":"https:\/\/www.europesays.com\/fr\/wp-json\/wp\/v2\/media?parent=580294"}],"wp:term":[{"taxonomy":"category","embeddable":true,"href":"https:\/\/www.europesays.com\/fr\/wp-json\/wp\/v2\/categories?post=580294"},{"taxonomy":"post_tag","embeddable":true,"href":"https:\/\/www.europesays.com\/fr\/wp-json\/wp\/v2\/tags?post=580294"}],"curies":[{"name":"wp","href":"https:\/\/api.w.org\/{rel}","templated":true}]}}