{"id":580298,"date":"2025-12-05T17:11:16","date_gmt":"2025-12-05T17:11:16","guid":{"rendered":"https:\/\/www.europesays.com\/fr\/580298\/"},"modified":"2025-12-05T17:11:16","modified_gmt":"2025-12-05T17:11:16","slug":"partout-dans-le-monde-on-voit-se-multiplier-les-cas-de-licenciements-sous-controle-technologique-notamment-aux-etats-unis","status":"publish","type":"post","link":"https:\/\/www.europesays.com\/fr\/580298\/","title":{"rendered":"\u00ab\u00a0Partout dans le\u00a0monde on\u00a0voit se\u00a0multiplier les cas de\u00a0licenciements sous contr\u00f4le technologique, notamment aux Etats-Unis\u00a0\u00bb"},"content":{"rendered":"<p>                     <img loading=\"lazy\" decoding=\"async\" src=\"https:\/\/www.europesays.com\/fr\/wp-content\/uploads\/2025\/12\/754f499_upload-1-dnxzpoc3owgg-000-1rk7bn.jpg\" alt=\"T\u00e9l\u00e9travail \u00e0 Nantes en 2020.\"   width=\"664\" height=\"443\"\/>    T\u00e9l\u00e9travail \u00e0 Nantes en 2020.  LOIC VENANCE \/ AFP                 <\/p>\n<p class=\"article__paragraph  \">Alors qu\u2019il ne concernait que 4\u00a0% des actifs en\u00a02019, le t\u00e9l\u00e9travail est pratiqu\u00e9 par plus d\u2019un salari\u00e9 sur cinq aujourd\u2019hui en France. La surveillance des employ\u00e9s s\u2019est aussi d\u00e9velopp\u00e9e dans le m\u00eame temps, explique Vincent Meyer, enseignant-chercheur en sociologie du travail \u00e0 l\u2019EM Normandie. Auteur d\u2019une <a href=\"https:\/\/www.lemonde.fr\/idees\/article\/2025\/10\/21\/depuis-la-generalisation-du-teletravail-les-outils-de-controle-s-immiscent-jusqu-au-sein-de-nos-domiciles_6648325_3232.html\" target=\"_blank\" rel=\"noopener\">tribune r\u00e9cente<\/a> dans le Monde sur le sujet, il analyse la fa\u00e7on dont les outils num\u00e9riques red\u00e9finissent la relation de confiance entre employeurs et salari\u00e9s, et la mani\u00e8re dont les jeunes actifs, en qu\u00eate d\u2019autonomie et d\u2019\u00e9quilibre, s\u2019adaptent \u00e0 ce nouveau cadre.<\/p>\n<p>                Comment les jeunes s\u2019approprient-ils le t\u00e9l\u00e9travail\u00a0depuis cinq\u00a0ans\u00a0?           <\/p>\n<p class=\"article__paragraph  \">Si le t\u00e9l\u00e9travail s\u2019est impos\u00e9 initialement pour des raisons sanitaires, il r\u00e9pond avant tout aujourd\u2019hui \u00e0 une forte demande des salari\u00e9s. Chez les plus jeunes d\u2019entre eux, cette aspiration est nette. Sensibles \u00e0 l\u2019\u00e9quilibre vie professionnelle-vie personnelle, les \u00e9tudes montrent qu\u2019ils souhaitent du t\u00e9l\u00e9travail comme les autres, mais souvent pas plus d\u2019un ou deux jours par semaine, pour disposer d\u2019une forme de souplesse sans se couper du collectif. Car ils souffrent parfois de ne pas assez croiser leurs coll\u00e8gues lorsque ces derniers travaillent de chez eux.<\/p>\n<p class=\"reading-mode-only \"><strong>Il vous reste 80.23% de cet article \u00e0 lire. La suite est r\u00e9serv\u00e9e aux abonn\u00e9s.<\/strong><\/p>\n","protected":false},"excerpt":{"rendered":"T\u00e9l\u00e9travail \u00e0 Nantes en 2020. LOIC VENANCE \/ AFP Alors qu\u2019il ne concernait que 4\u00a0% des actifs en\u00a02019,&hellip;\n","protected":false},"author":2,"featured_media":580299,"comment_status":"","ping_status":"","sticky":false,"template":"","format":"standard","meta":{"footnotes":""},"categories":[6],"tags":[35,33,34,1011,27],"class_list":{"0":"post-580298","1":"post","2":"type-post","3":"status-publish","4":"format-standard","5":"has-post-thumbnail","7":"category-economie","8":"tag-business","9":"tag-economie","10":"tag-economy","11":"tag-fr","12":"tag-france"},"share_on_mastodon":{"url":"","error":""},"_links":{"self":[{"href":"https:\/\/www.europesays.com\/fr\/wp-json\/wp\/v2\/posts\/580298","targetHints":{"allow":["GET"]}}],"collection":[{"href":"https:\/\/www.europesays.com\/fr\/wp-json\/wp\/v2\/posts"}],"about":[{"href":"https:\/\/www.europesays.com\/fr\/wp-json\/wp\/v2\/types\/post"}],"author":[{"embeddable":true,"href":"https:\/\/www.europesays.com\/fr\/wp-json\/wp\/v2\/users\/2"}],"replies":[{"embeddable":true,"href":"https:\/\/www.europesays.com\/fr\/wp-json\/wp\/v2\/comments?post=580298"}],"version-history":[{"count":0,"href":"https:\/\/www.europesays.com\/fr\/wp-json\/wp\/v2\/posts\/580298\/revisions"}],"wp:featuredmedia":[{"embeddable":true,"href":"https:\/\/www.europesays.com\/fr\/wp-json\/wp\/v2\/media\/580299"}],"wp:attachment":[{"href":"https:\/\/www.europesays.com\/fr\/wp-json\/wp\/v2\/media?parent=580298"}],"wp:term":[{"taxonomy":"category","embeddable":true,"href":"https:\/\/www.europesays.com\/fr\/wp-json\/wp\/v2\/categories?post=580298"},{"taxonomy":"post_tag","embeddable":true,"href":"https:\/\/www.europesays.com\/fr\/wp-json\/wp\/v2\/tags?post=580298"}],"curies":[{"name":"wp","href":"https:\/\/api.w.org\/{rel}","templated":true}]}}