{"id":58030,"date":"2025-04-28T00:36:13","date_gmt":"2025-04-28T00:36:13","guid":{"rendered":"https:\/\/www.europesays.com\/fr\/58030\/"},"modified":"2025-04-28T00:36:13","modified_gmt":"2025-04-28T00:36:13","slug":"pronostic-cameron-norrie-gabriel-diallo-atp-madrid","status":"publish","type":"post","link":"https:\/\/www.europesays.com\/fr\/58030\/","title":{"rendered":"Pronostic Cameron Norrie Gabriel Diallo &#8211; ATP Madrid"},"content":{"rendered":"<p class=\"text-xs leading-5 text-gray-400 mb-2\">\n                        Publi\u00e9 le 27\/04\/2025 13:39<br \/>\n                        \u00a0par<br \/>\n                                                            <a href=\"https:\/\/www.sportytrader.com\/auteur\/jeremy-ernou-10\/\" target=\"_blank\" rel=\"noopener\">J\u00e9r\u00e9my Ernou<\/a><\/p>\n<p>                                                    |<br \/>\n                            Modifi\u00e9 le<br \/>\n                                27\/04\/2025<br \/>\n                                \u00e0 13:39<\/p>\n<p>                                                                                                            dans<br \/>\n                                <a data-trans=\"tips.published.competition %competition%\" href=\"https:\/\/www.sportytrader.com\/pronostics\/tennis\/atp\/madrid-383\/\" target=\"_blank\" rel=\"noopener\"><br \/>\n                                    Pronostic ATP Madrid<br \/>\n                                <\/a><\/p>\n<p>Sorti des qualifications, le jeune canadien Gabriel Diallo jouera une place en huiti\u00e8me de finale du Masters 1000 de Madrid ce lundi face au Britannique Cameron Norrie.<\/p>\n<p>L\u2019ann\u00e9e 2025 devait \u00eatre celle de l\u2019\u00e9closion pour Gabriel Diallo apr\u00e8s sa fin de saison 2024 tonitruante. Mais les r\u00e9sultats acquis lors des premiers mois n\u2019ont pas \u00e9t\u00e9 \u00e0 la hauteur des espoirs du jeune canadien qui n\u2019avait jusqu\u2019\u00e0 pr\u00e9sent jamais remport\u00e9 deux matchs d\u2019affil\u00e9e dans un tableau final. Sorti des qualifications, le 78\u00e8me joueur mondial a profit\u00e9 de la dynamique cr\u00e9\u00e9e pour s\u2019offrir de belles performances en dominant le Belge Zizou Bergs puis le Polonais Kamil Majchrzak, deux joueurs performants sur terre battue. Des belles performances qui serviront pour le futur de Gabriel Diallo qui ne compte pas s\u2019arr\u00eater en si bon chemin dans ce Masters 1000 de Madrid.<\/p>\n<p>Depuis 2 saisons maintenant, Cameron Norrie est sur la pente descendante avec des r\u00e9sultats en perte de vitesse. Encore membre du top 20 mondial il y a deux ans, le Britannique est retomb\u00e9 au 91\u00e8me rang mondial mais reste encore capable de coup d\u2019\u00e9clat. Encore vierge de victoire sur terre battue dans un tableau final cette saison, Cameron Norrie a tout d\u2019abord souffert pour sortir le m\u00e9connu espagnol Martin Landaluce avant de sortir la t\u00eate de s\u00e9rie n\u00b026 du tour, le Tch\u00e8que Jiri Lehecka en 3 sets. Joueur polyvalent, le Britannique est toujours difficile \u00e0 bouger et l\u2019exp\u00e9rience pourrait bien \u00eatre un atout face \u00e0 la jeunesse canadienne. <\/p>\n","protected":false},"excerpt":{"rendered":"Publi\u00e9 le 27\/04\/2025 13:39 \u00a0par J\u00e9r\u00e9my Ernou | Modifi\u00e9 le 27\/04\/2025 \u00e0 13:39 dans Pronostic ATP Madrid Sorti&hellip;\n","protected":false},"author":2,"featured_media":58031,"comment_status":"","ping_status":"","sticky":false,"template":"","format":"standard","meta":{"footnotes":""},"categories":[1415],"tags":[13993,15405,1011,27,15406,1817,1821,60,1467],"class_list":{"0":"post-58030","1":"post","2":"type-post","3":"status-publish","4":"format-standard","5":"has-post-thumbnail","7":"category-tennis","8":"tag-atp-madrid","9":"tag-cameron-norrie","10":"tag-fr","11":"tag-france","12":"tag-gabriel-diallo","13":"tag-pronostic","14":"tag-pronostics","15":"tag-sports","16":"tag-tennis"},"share_on_mastodon":{"url":"https:\/\/pubeurope.com\/@fr\/114412793566534631","error":""},"_links":{"self":[{"href":"https:\/\/www.europesays.com\/fr\/wp-json\/wp\/v2\/posts\/58030","targetHints":{"allow":["GET"]}}],"collection":[{"href":"https:\/\/www.europesays.com\/fr\/wp-json\/wp\/v2\/posts"}],"about":[{"href":"https:\/\/www.europesays.com\/fr\/wp-json\/wp\/v2\/types\/post"}],"author":[{"embeddable":true,"href":"https:\/\/www.europesays.com\/fr\/wp-json\/wp\/v2\/users\/2"}],"replies":[{"embeddable":true,"href":"https:\/\/www.europesays.com\/fr\/wp-json\/wp\/v2\/comments?post=58030"}],"version-history":[{"count":0,"href":"https:\/\/www.europesays.com\/fr\/wp-json\/wp\/v2\/posts\/58030\/revisions"}],"wp:featuredmedia":[{"embeddable":true,"href":"https:\/\/www.europesays.com\/fr\/wp-json\/wp\/v2\/media\/58031"}],"wp:attachment":[{"href":"https:\/\/www.europesays.com\/fr\/wp-json\/wp\/v2\/media?parent=58030"}],"wp:term":[{"taxonomy":"category","embeddable":true,"href":"https:\/\/www.europesays.com\/fr\/wp-json\/wp\/v2\/categories?post=58030"},{"taxonomy":"post_tag","embeddable":true,"href":"https:\/\/www.europesays.com\/fr\/wp-json\/wp\/v2\/tags?post=58030"}],"curies":[{"name":"wp","href":"https:\/\/api.w.org\/{rel}","templated":true}]}}