{"id":580302,"date":"2025-12-05T17:13:14","date_gmt":"2025-12-05T17:13:14","guid":{"rendered":"https:\/\/www.europesays.com\/fr\/580302\/"},"modified":"2025-12-05T17:13:14","modified_gmt":"2025-12-05T17:13:14","slug":"en-loire-atlantique-lex-conjoint-damelie-thomas-assistante-sociale-retrouvee-morte-chez-elle-en-2022-reconnait-lavoir-tuee-lors-de-louverture-de-son-proces","status":"publish","type":"post","link":"https:\/\/www.europesays.com\/fr\/580302\/","title":{"rendered":"En Loire-Atlantique, l&rsquo;ex-conjoint d&rsquo;Am\u00e9lie Thomas, assistante sociale retrouv\u00e9e morte chez elle en 2022, reconna\u00eet l&rsquo;avoir tu\u00e9e, lors de l&rsquo;ouverture de son proc\u00e8s"},"content":{"rendered":"\n<p class=\"c-chapo \">\n  Le suspect avait jusqu&rsquo;ici toujours ni\u00e9 le meurtre de son ex-compagne, essayant notamment de le faire passer pour un suicide.\n<\/p>\n<p>      lire plus tard<\/p>\n<p id=\"dialog__title\" class=\"dialog__title\">Pour sauvegarder cet article, connectez-vous ou cr\u00e9ez un compte franceinfo<\/p>\n<p class=\"dialog__description\">Sans paiement. Sans abonnement.<\/p>\n<p>        Fermer la fen\u00eatre d\u2019activation des notifications France Info<\/p>\n<p>      cr\u00e9er votre compte<\/p>\n<p>      se connecter<\/p>\n<p>        Fermer la fen\u00eatre de pr\u00e9sentation<\/p>\n<p>    Publi\u00e9 le 05\/12\/2025 16:20<\/p>\n<p>        Temps de lecture : 2min<\/p>\n<p>    <img decoding=\"async\"  alt=\"La cour d'assises de Loire-Atlantique. (LOIC VENANCE \/ AFP)\" width=\"432\" height=\"243\" src=\"https:\/\/www.europesays.com\/fr\/wp-content\/uploads\/2025\/12\/000-mb17o-6932f7ef8f2e4572100867.jpg\" fetchpriority=\"high\"\/><\/p>\n<p>      La cour d&rsquo;assises de Loire-Atlantique. (LOIC VENANCE \/ AFP)<\/p>\n<p>L&rsquo;ex-conjoint d&rsquo;Am\u00e9lie Thomas, retrouv\u00e9e morte chez elle en octobre 2022, reconna\u00eet, \u00e0 l&rsquo;ouverture de son proc\u00e8s, l&rsquo;avoir tu\u00e9e, selon <a href=\"https:\/\/www.francebleu.fr\/infos\/faits-divers-justice\/je-reconnais-avoir-tue-amelie-thomas-apres-avoir-toujours-nie-l-ex-conjoint-avoue-a-l-ouverture-du-proces-a-nantes-4442621\" target=\"_blank\" rel=\"noopener\" data-tooltip-url=\"https:\/\/www.francebleu.fr\/infos\/faits-divers-justice\/je-reconnais-avoir-tue-amelie-thomas-apres-avoir-toujours-nie-l-ex-conjoint-avoue-a-l-ouverture-du-proces-a-nantes-4442621\">ICI Loire Oc\u00e9an<\/a> (ex-France Bleu) pr\u00e9sente \u00e0 l&rsquo;audience vendredi 5\u00a0d\u00e9cembre. \u00ab\u00a0Je vais avoir du mal \u00e0 r\u00e9pondre \u00e0 certaines questions, mais je reconnais avoir tu\u00e9 Am\u00e9lie Thomas\u00a0\u00bb, a-t-il d\u00e9clar\u00e9 pour ses premiers mots devant la cour d&rsquo;assises de Nantes.<\/p>\n<p>Le 8 octobre 2022, le corps d&rsquo;Am\u00e9lie Thomas, assistante sociale \u00e0 l&rsquo;h\u00f4pital de Saint-Nazaire, a \u00e9t\u00e9 retrouv\u00e9 chez elle, \u00e0 Trignac (Loire-Atlantique). Le couple, pacs\u00e9 depuis dix ans, \u00e9tait en instance de s\u00e9paration. Son conjoint avait d\u00e9couvert qu&rsquo;elle allait quitter le domicile avec leur fille de sept ans, car Am\u00e9lie Thomas avait trouv\u00e9 un appartement dans le centre de Saint-Nazaire. Elle devait d\u00e9m\u00e9nager, mais le courrier avec sa nouvelle adresse \u00e9tait arriv\u00e9 par erreur dans leur bo\u00eete aux lettres \u00e0 Trignac.<\/p>\n<p>La jeune femme avait adress\u00e9 des SMS \u00e0 sa m\u00e8re, faisant \u00e9tat de disputes fr\u00e9quentes. La soir\u00e9e d&rsquo;avant sa mort, elle \u00e9crivait avoir \u00ab\u00a0peur\u00a0\u00bb. Deux jours apr\u00e8s la d\u00e9couverte de son cadavre, son ex-compagnon, un soudeur de profession, \u00e9tait mis en examen et plac\u00e9 en d\u00e9tention provisoire. Il \u00e9tait soup\u00e7onn\u00e9 de son meurtre, mais aussi d&rsquo;avoir maquill\u00e9 la sc\u00e8ne de crime en suicide. Il avait toujours ni\u00e9 les faits. Mais l&rsquo;autopsie avait r\u00e9v\u00e9l\u00e9 une mort par strangulation ou \u00e9touffement. La mort d&rsquo;Am\u00e9lie Thomas avait suscit\u00e9 beaucoup d&rsquo;\u00e9motion. Une marche blanche organis\u00e9e le 22 octobre 2022 avait r\u00e9uni pr\u00e8s d&rsquo;un millier de personnes dans les rues de Saint-Nazaire.<\/p>\n<p>L&rsquo;ex-compagnon de 39 ans, impassible \u00e0 l&rsquo;audience, a expliqu\u00e9 vouloir passer aux aveux pour \u00ab\u00a0apporter des r\u00e9ponses\u00a0\u00bb \u00e0 ses proches et \u00e0 la famille de la victime. \u00ab\u00a0\u00c0 l\u2019\u00e9poque j\u2019\u00e9tais born\u00e9 \u00e0 dire que ce n\u2019\u00e9tait pas moi\u00a0\u00bb, a ajout\u00e9 l&rsquo;accus\u00e9, qui a aussi expliqu\u00e9 voir r\u00e9guli\u00e8rement une infirmi\u00e8re-psychologue en d\u00e9tention. Il affirme avoir parl\u00e9 avec elle de ce qu&rsquo;il s&rsquo;est pass\u00e9 pour \u00ab\u00a0comprendre ses actes et ses erreurs\u00a0\u00bb. Le proc\u00e8s devant les assises de la Loire-Atlantique doit se tenir jusqu&rsquo;\u00e0 mercredi.<\/p>\n","protected":false},"excerpt":{"rendered":"Le suspect avait jusqu&rsquo;ici toujours ni\u00e9 le meurtre de son ex-compagne, essayant notamment de le faire passer pour&hellip;\n","protected":false},"author":2,"featured_media":580303,"comment_status":"","ping_status":"","sticky":false,"template":"","format":"standard","meta":{"footnotes":""},"categories":[4],"tags":[11,1011,27,12,25],"class_list":{"0":"post-580302","1":"post","2":"type-post","3":"status-publish","4":"format-standard","5":"has-post-thumbnail","7":"category-france","8":"tag-actualites","9":"tag-fr","10":"tag-france","11":"tag-news","12":"tag-republique-francaise"},"share_on_mastodon":{"url":"https:\/\/pubeurope.com\/@fr\/115668085751083206","error":""},"_links":{"self":[{"href":"https:\/\/www.europesays.com\/fr\/wp-json\/wp\/v2\/posts\/580302","targetHints":{"allow":["GET"]}}],"collection":[{"href":"https:\/\/www.europesays.com\/fr\/wp-json\/wp\/v2\/posts"}],"about":[{"href":"https:\/\/www.europesays.com\/fr\/wp-json\/wp\/v2\/types\/post"}],"author":[{"embeddable":true,"href":"https:\/\/www.europesays.com\/fr\/wp-json\/wp\/v2\/users\/2"}],"replies":[{"embeddable":true,"href":"https:\/\/www.europesays.com\/fr\/wp-json\/wp\/v2\/comments?post=580302"}],"version-history":[{"count":0,"href":"https:\/\/www.europesays.com\/fr\/wp-json\/wp\/v2\/posts\/580302\/revisions"}],"wp:featuredmedia":[{"embeddable":true,"href":"https:\/\/www.europesays.com\/fr\/wp-json\/wp\/v2\/media\/580303"}],"wp:attachment":[{"href":"https:\/\/www.europesays.com\/fr\/wp-json\/wp\/v2\/media?parent=580302"}],"wp:term":[{"taxonomy":"category","embeddable":true,"href":"https:\/\/www.europesays.com\/fr\/wp-json\/wp\/v2\/categories?post=580302"},{"taxonomy":"post_tag","embeddable":true,"href":"https:\/\/www.europesays.com\/fr\/wp-json\/wp\/v2\/tags?post=580302"}],"curies":[{"name":"wp","href":"https:\/\/api.w.org\/{rel}","templated":true}]}}