{"id":580306,"date":"2025-12-05T17:15:17","date_gmt":"2025-12-05T17:15:17","guid":{"rendered":"https:\/\/www.europesays.com\/fr\/580306\/"},"modified":"2025-12-05T17:15:17","modified_gmt":"2025-12-05T17:15:17","slug":"saint-etienne-il-agresse-un-commercant-et-vole-son-coffre-fort-18-mois-de-prison","status":"publish","type":"post","link":"https:\/\/www.europesays.com\/fr\/580306\/","title":{"rendered":"Saint-\u00c9tienne. Il agresse un commer\u00e7ant et vole son coffre-fort\u00a0: 18 mois de prison"},"content":{"rendered":"<p>\u00a0<\/p>\n<p>Il \u00e9tait 14\u00a0h\u00a020, mardi 2 d\u00e9cembre, quand la brigade de s\u00e9curisation des transports en commun est intervenue place Chavanelle, en plein centre de Saint-Etienne, apr\u00e8s l\u2019appel du propri\u00e9taire d\u2019un barber shop qui venait d\u2019\u00eatre victime d\u2019une agression par deux hommes, l\u2019un masqu\u00e9, l\u2019autre au visage d\u00e9couvert. Les deux individus ne sont pas content\u00e9s de le frapper au visage, ils lui ont aussi d\u00e9rob\u00e9 un petit coffre-fort qui contenait, selon le commer\u00e7ant, 15\u00a0000\u00a0euros.<\/p>\n<p>Une fois sur place, les policiers ont pu prendre connaissance des images de vid\u00e9osurveillance. Quelques minutes plus tard, ils reconnaissent un des mis en cause \u00e0 pied dans le quartier. Le St\u00e9phanois \u00e2g\u00e9 de 37 ans est interpell\u00e9 puis plac\u00e9 en garde \u00e0 vue et incarc\u00e9r\u00e9 \u00e0 la maison d\u2019arr\u00eat de La Talaudi\u00e8re.<\/p>\n<p>Mohamed Kari a \u00e9t\u00e9 jug\u00e9 en comparution imm\u00e9diate pour vol avec violences en r\u00e9union, vendredi apr\u00e8s-midi, et a \u00e9cop\u00e9 d\u2019une peine de dix-huit mois de prison avec maintien en d\u00e9tention. Son comp\u00e8re, lui, n\u2019a pas \u00e9t\u00e9 retrouv\u00e9.<\/p>\n<p class=\"note\">Conform\u00e9ment \u00e0 notre charte <a href=\"https:\/\/www.leprogres.fr\/societe\/2023\/02\/09\/faits-divers-et-justice-notre-charte-editoriale\" target=\"_blank\" rel=\"noopener\">(consultable sur www.leprogres.fr)<\/a>, nous citons l\u2019identit\u00e9 d\u2019une personne condamn\u00e9e \u00e0 au moins un an de prison ferme avec mandat de d\u00e9p\u00f4t, ou au moins deux ans de prison ferme ou avec sursis.<\/p>\n","protected":false},"excerpt":{"rendered":"\u00a0 Il \u00e9tait 14\u00a0h\u00a020, mardi 2 d\u00e9cembre, quand la brigade de s\u00e9curisation des transports en commun est intervenue&hellip;\n","protected":false},"author":2,"featured_media":580307,"comment_status":"","ping_status":"","sticky":false,"template":"","format":"standard","meta":{"footnotes":""},"categories":[9653],"tags":[1111,11,2430,271,272,7539,1777,674,274,1011,27,3367,12,25,4001,7538],"class_list":{"0":"post-580306","1":"post","2":"type-post","3":"status-publish","4":"format-standard","5":"has-post-thumbnail","7":"category-saint-etienne","8":"tag-actu","9":"tag-actualites","10":"tag-auvergne-rhone-alpes","11":"tag-crime","12":"tag-delit-et-contravention","13":"tag-edition-loire-sud","14":"tag-eu","15":"tag-europe","16":"tag-faits-divers-justice","17":"tag-fr","18":"tag-france","19":"tag-loire","20":"tag-news","21":"tag-republique-francaise","22":"tag-saint-etienne","23":"tag-saint-etienne-ville"},"share_on_mastodon":{"url":"https:\/\/pubeurope.com\/@fr\/115668092550039010","error":""},"_links":{"self":[{"href":"https:\/\/www.europesays.com\/fr\/wp-json\/wp\/v2\/posts\/580306","targetHints":{"allow":["GET"]}}],"collection":[{"href":"https:\/\/www.europesays.com\/fr\/wp-json\/wp\/v2\/posts"}],"about":[{"href":"https:\/\/www.europesays.com\/fr\/wp-json\/wp\/v2\/types\/post"}],"author":[{"embeddable":true,"href":"https:\/\/www.europesays.com\/fr\/wp-json\/wp\/v2\/users\/2"}],"replies":[{"embeddable":true,"href":"https:\/\/www.europesays.com\/fr\/wp-json\/wp\/v2\/comments?post=580306"}],"version-history":[{"count":0,"href":"https:\/\/www.europesays.com\/fr\/wp-json\/wp\/v2\/posts\/580306\/revisions"}],"wp:featuredmedia":[{"embeddable":true,"href":"https:\/\/www.europesays.com\/fr\/wp-json\/wp\/v2\/media\/580307"}],"wp:attachment":[{"href":"https:\/\/www.europesays.com\/fr\/wp-json\/wp\/v2\/media?parent=580306"}],"wp:term":[{"taxonomy":"category","embeddable":true,"href":"https:\/\/www.europesays.com\/fr\/wp-json\/wp\/v2\/categories?post=580306"},{"taxonomy":"post_tag","embeddable":true,"href":"https:\/\/www.europesays.com\/fr\/wp-json\/wp\/v2\/tags?post=580306"}],"curies":[{"name":"wp","href":"https:\/\/api.w.org\/{rel}","templated":true}]}}