{"id":580308,"date":"2025-12-05T17:16:18","date_gmt":"2025-12-05T17:16:18","guid":{"rendered":"https:\/\/www.europesays.com\/fr\/580308\/"},"modified":"2025-12-05T17:16:18","modified_gmt":"2025-12-05T17:16:18","slug":"loire-succession-de-gael-perdriau-a-la-mairie-de-saint-etienne-marc-chassaubene-lheritier-conteste","status":"publish","type":"post","link":"https:\/\/www.europesays.com\/fr\/580308\/","title":{"rendered":"Loire. Succession de Ga\u00ebl Perdriau \u00e0 la mairie de Saint-Etienne : Marc Chassaub\u00e9n\u00e9, l\u2019h\u00e9ritier contest\u00e9"},"content":{"rendered":"<p>Aujourd\u2019hui, les St\u00e9phanois sont s\u00fbrs d\u2019une chose\u00a0: ils auront un nouveau maire, qui sera \u00e9lu le mercredi 10\u00a0d\u00e9cembre. Ce jour-l\u00e0, Marc Chassaub\u00e9n\u00e9, adjoint \u00e0 la culture, se pr\u00e9sentera avec une pancarte dans le dos, celle de <a href=\"https:\/\/www.leprogres.fr\/p\/gael-perdriau\" target=\"_blank\" rel=\"noopener\">Ga\u00ebl Perdriau<\/a>.<\/p>\n<p>C\u2019est lui que l\u2019ancien maire de Saint-\u00c9tienne \u2014 condamn\u00e9 lundi 1\u1d49\u02b3 d\u00e9cembre \u00e0 cinq ans d\u2019emprisonnement, dont quatre ans ferme et \u00e0 cinq ans d\u2019in\u00e9ligibilit\u00e9 avec ex\u00e9cution provisoire dans l\u2019affaire du chantage \u00e0 la mairie \u2014 a choisi comme \u00e9tant son successeur, son h\u00e9ritier.<\/p>\n<p>Score serr\u00e9<\/p>\n<p>\u00c0 la sortie du tribunal, lundi, un conseil de majorit\u00e9 s\u2019est tenu en fin d\u2019apr\u00e8s-midi. Il avait pour but de d\u00e9signer celui qui allait se pr\u00e9senter pour prendre la succession de Ga\u00ebl Perdriau qui \u00e9tait d\u2019ailleurs pr\u00e9sent et qui a pris part au vote&#8230;.<\/p>\n","protected":false},"excerpt":{"rendered":"Aujourd\u2019hui, les St\u00e9phanois sont s\u00fbrs d\u2019une chose\u00a0: ils auront un nouveau maire, qui sera \u00e9lu le mercredi 10\u00a0d\u00e9cembre.&hellip;\n","protected":false},"author":2,"featured_media":580309,"comment_status":"","ping_status":"","sticky":false,"template":"","format":"standard","meta":{"footnotes":""},"categories":[9653],"tags":[1111,11,42797,2430,1984,7539,1777,674,107,1011,27,3367,12,316,25,4001,7538],"class_list":{"0":"post-580308","1":"post","2":"type-post","3":"status-publish","4":"format-standard","5":"has-post-thumbnail","7":"category-saint-etienne","8":"tag-actu","9":"tag-actualites","10":"tag-affaire-perdriau","11":"tag-auvergne-rhone-alpes","12":"tag-conseil-municipal","13":"tag-edition-loire-sud","14":"tag-eu","15":"tag-europe","16":"tag-fil-info","17":"tag-fr","18":"tag-france","19":"tag-loire","20":"tag-news","21":"tag-politique","22":"tag-republique-francaise","23":"tag-saint-etienne","24":"tag-saint-etienne-ville"},"share_on_mastodon":{"url":"https:\/\/pubeurope.com\/@fr\/115668096494156680","error":""},"_links":{"self":[{"href":"https:\/\/www.europesays.com\/fr\/wp-json\/wp\/v2\/posts\/580308","targetHints":{"allow":["GET"]}}],"collection":[{"href":"https:\/\/www.europesays.com\/fr\/wp-json\/wp\/v2\/posts"}],"about":[{"href":"https:\/\/www.europesays.com\/fr\/wp-json\/wp\/v2\/types\/post"}],"author":[{"embeddable":true,"href":"https:\/\/www.europesays.com\/fr\/wp-json\/wp\/v2\/users\/2"}],"replies":[{"embeddable":true,"href":"https:\/\/www.europesays.com\/fr\/wp-json\/wp\/v2\/comments?post=580308"}],"version-history":[{"count":0,"href":"https:\/\/www.europesays.com\/fr\/wp-json\/wp\/v2\/posts\/580308\/revisions"}],"wp:featuredmedia":[{"embeddable":true,"href":"https:\/\/www.europesays.com\/fr\/wp-json\/wp\/v2\/media\/580309"}],"wp:attachment":[{"href":"https:\/\/www.europesays.com\/fr\/wp-json\/wp\/v2\/media?parent=580308"}],"wp:term":[{"taxonomy":"category","embeddable":true,"href":"https:\/\/www.europesays.com\/fr\/wp-json\/wp\/v2\/categories?post=580308"},{"taxonomy":"post_tag","embeddable":true,"href":"https:\/\/www.europesays.com\/fr\/wp-json\/wp\/v2\/tags?post=580308"}],"curies":[{"name":"wp","href":"https:\/\/api.w.org\/{rel}","templated":true}]}}