{"id":580317,"date":"2025-12-05T17:22:13","date_gmt":"2025-12-05T17:22:13","guid":{"rendered":"https:\/\/www.europesays.com\/fr\/580317\/"},"modified":"2025-12-05T17:22:13","modified_gmt":"2025-12-05T17:22:13","slug":"pics-studio-a-saint-gely-du-fesc-louverture-du-hollywood-occitan-attendue-pour-2028","status":"publish","type":"post","link":"https:\/\/www.europesays.com\/fr\/580317\/","title":{"rendered":"Pics Studio : \u00e0 Saint-G\u00e9ly-du-Fesc, l\u2019ouverture du \u201cHollywood occitan\u201d attendue pour 2028"},"content":{"rendered":"<p>\u00c0 Saint-G\u00e9ly-du-Fesc, dans cette garrigue o\u00f9 les cigales r\u00e9sonneront bient\u00f4t entre des plateaux de tournage g\u00e9ants, le projet ne se contente pas de reprendre les codes des studios traditionnels. \u201cNous ne construisons pas un studio, nous construisons un mod\u00e8le\u201d, glisse S\u00e9bastien Giraud, le directeur d\u2019exploitation de Pics Studio, lui-m\u00eame ancien d\u00e9corateur. Le ton est donn\u00e9 : depuis la Zac des Vautes (14 hectares, propri\u00e9t\u00e9 de l\u2019am\u00e9nageur GGL), Pics Studio doit devenir une r\u00e9f\u00e9rence, \u201cun standard europ\u00e9en\u201d dans la mani\u00e8re d\u2019accueillir, produire et accompagner les tournages. \u201cNous avons con\u00e7u le site comme une cha\u00eene de production coh\u00e9rente, pas comme une simple addition de b\u00e2timents\u201d, explique Alain Guiraudon, fondateur et codirecteur du groupe GGL, pilote du projet avec le promoteur Spag.<\/p>\n","protected":false},"excerpt":{"rendered":"\u00c0 Saint-G\u00e9ly-du-Fesc, dans cette garrigue o\u00f9 les cigales r\u00e9sonneront bient\u00f4t entre des plateaux de tournage g\u00e9ants, le projet&hellip;\n","protected":false},"author":2,"featured_media":580318,"comment_status":"","ping_status":"","sticky":false,"template":"","format":"standard","meta":{"footnotes":""},"categories":[9599],"tags":[1111,11,1777,674,1011,27,2208,12,2680,25],"class_list":{"0":"post-580317","1":"post","2":"type-post","3":"status-publish","4":"format-standard","5":"has-post-thumbnail","7":"category-montpellier","8":"tag-actu","9":"tag-actualites","10":"tag-eu","11":"tag-europe","12":"tag-fr","13":"tag-france","14":"tag-montpellier","15":"tag-news","16":"tag-occitanie","17":"tag-republique-francaise"},"share_on_mastodon":{"url":"https:\/\/pubeurope.com\/@fr\/115668120045885942","error":""},"_links":{"self":[{"href":"https:\/\/www.europesays.com\/fr\/wp-json\/wp\/v2\/posts\/580317","targetHints":{"allow":["GET"]}}],"collection":[{"href":"https:\/\/www.europesays.com\/fr\/wp-json\/wp\/v2\/posts"}],"about":[{"href":"https:\/\/www.europesays.com\/fr\/wp-json\/wp\/v2\/types\/post"}],"author":[{"embeddable":true,"href":"https:\/\/www.europesays.com\/fr\/wp-json\/wp\/v2\/users\/2"}],"replies":[{"embeddable":true,"href":"https:\/\/www.europesays.com\/fr\/wp-json\/wp\/v2\/comments?post=580317"}],"version-history":[{"count":0,"href":"https:\/\/www.europesays.com\/fr\/wp-json\/wp\/v2\/posts\/580317\/revisions"}],"wp:featuredmedia":[{"embeddable":true,"href":"https:\/\/www.europesays.com\/fr\/wp-json\/wp\/v2\/media\/580318"}],"wp:attachment":[{"href":"https:\/\/www.europesays.com\/fr\/wp-json\/wp\/v2\/media?parent=580317"}],"wp:term":[{"taxonomy":"category","embeddable":true,"href":"https:\/\/www.europesays.com\/fr\/wp-json\/wp\/v2\/categories?post=580317"},{"taxonomy":"post_tag","embeddable":true,"href":"https:\/\/www.europesays.com\/fr\/wp-json\/wp\/v2\/tags?post=580317"}],"curies":[{"name":"wp","href":"https:\/\/api.w.org\/{rel}","templated":true}]}}