{"id":580326,"date":"2025-12-05T17:29:19","date_gmt":"2025-12-05T17:29:19","guid":{"rendered":"https:\/\/www.europesays.com\/fr\/580326\/"},"modified":"2025-12-05T17:29:19","modified_gmt":"2025-12-05T17:29:19","slug":"prix-ouest-france-etonnants-voyageurs-2026-devenez-membre-du-jury","status":"publish","type":"post","link":"https:\/\/www.europesays.com\/fr\/580326\/","title":{"rendered":"Prix Ouest-France \u00c9tonnants Voyageurs 2026\u00a0: devenez membre du jury"},"content":{"rendered":"<p>Vous aimez les livres\u00a0? Vous avez toujours r\u00eav\u00e9 de d\u00e9couvrir les coulisses d\u2019un prix litt\u00e9raire\u00a0? Pourquoi ne pas devenir jur\u00e9 du prochain <a href=\"https:\/\/saint-malo.maville.com\/actu\/actudet_-minh-tran-huy-remporte-le-prix-ouest-france-etonnants-voyageurs-2025-_54135-6844016_actu.Htm\" target=\"_self\" rel=\"noopener\">prix Ouest-France \u00c9tonnants Voyageurs<\/a> 2026\u00a0? Dans le cadre de cette nouvelle \u00e9dition, Ouest-France recherche des jeunes passionn\u00e9s de litt\u00e9rature.<\/p>\n<p>Vous avez entre 15 et 20\u00a0ans et \u00eates avides de d\u00e9couvertes\u00a0? Alors postulez pour devenir<a href=\"https:\/\/www.etonnants-voyageurs.com\/Tout-savoir-sur-le-Prix-Ouest-France-Etonnants-Voyageurs.html\" target=\"_self\" rel=\"noopener\"> l\u2019un des neuf\u00a0jur\u00e9s du prix<\/a>. Pour participer, il faut avoir entre 15 et 20\u00a0ans, \u00eatre motiv\u00e9 par l\u2019aventure, aimer lire et le faire partager. Il faudra \u00e9galement \u00eatre disponible aux rendez-vous suivants\u00a0: samedi 18\u00a0avril 2026, \u00e0 Rennes\u00a0; dimanche 24\u00a0mai 2026, pendant le festival \u00e0 Saint-Malo (Ille-et-Vilaine).<\/p>\n<p>Dix livres \u00e0 lire<\/p>\n<p>Les dix livres seront envoy\u00e9s aux membres du jury par courrier pour lecture d\u00e9but mars.<\/p>\n<p>Pour candidater, il suffit de remplir <a href=\"https:\/\/jeux-evenements.ouest-france.fr\/2026-appel-a-candidatures-prix-ouest-france-etonnants-voyageurs\/0\/V7DJX\/\" target=\"_self\" rel=\"noopener\">le formulaire en ligne<\/a>, accompagn\u00e9 d\u2019une lettre de quinze lignes minimum exposant ses motivations, avant le 22\u00a0f\u00e9vrier 2026.<\/p>\n<p>Les candidatures seront \u00e9tudi\u00e9es par le comit\u00e9 de parrainage compos\u00e9 d\u2019\u00e9crivains, de journalistes et de partenaires.<\/p>\n<p>\u00a0<\/p>\n","protected":false},"excerpt":{"rendered":"Vous aimez les livres\u00a0? Vous avez toujours r\u00eav\u00e9 de d\u00e9couvrir les coulisses d\u2019un prix litt\u00e9raire\u00a0? Pourquoi ne pas&hellip;\n","protected":false},"author":2,"featured_media":580327,"comment_status":"","ping_status":"","sticky":false,"template":"","format":"standard","meta":{"footnotes":""},"categories":[2821],"tags":[5734,1111,11,829,30171,69439,1777,674,1011,27,20497,17812,12,7418,2141,584,25,8692],"class_list":{"0":"post-580326","1":"post","2":"type-post","3":"status-publish","4":"format-standard","5":"has-post-thumbnail","7":"category-rennes","8":"tag-5734","9":"tag-actu","10":"tag-actualites","11":"tag-bretagne","12":"tag-devenez","13":"tag-etonnants","14":"tag-eu","15":"tag-europe","16":"tag-fr","17":"tag-france","18":"tag-jury","19":"tag-membre","20":"tag-news","21":"tag-ouest-france","22":"tag-prix","23":"tag-rennes","24":"tag-republique-francaise","25":"tag-voyageurs"},"share_on_mastodon":{"url":"https:\/\/pubeurope.com\/@fr\/115668147436388603","error":""},"_links":{"self":[{"href":"https:\/\/www.europesays.com\/fr\/wp-json\/wp\/v2\/posts\/580326","targetHints":{"allow":["GET"]}}],"collection":[{"href":"https:\/\/www.europesays.com\/fr\/wp-json\/wp\/v2\/posts"}],"about":[{"href":"https:\/\/www.europesays.com\/fr\/wp-json\/wp\/v2\/types\/post"}],"author":[{"embeddable":true,"href":"https:\/\/www.europesays.com\/fr\/wp-json\/wp\/v2\/users\/2"}],"replies":[{"embeddable":true,"href":"https:\/\/www.europesays.com\/fr\/wp-json\/wp\/v2\/comments?post=580326"}],"version-history":[{"count":0,"href":"https:\/\/www.europesays.com\/fr\/wp-json\/wp\/v2\/posts\/580326\/revisions"}],"wp:featuredmedia":[{"embeddable":true,"href":"https:\/\/www.europesays.com\/fr\/wp-json\/wp\/v2\/media\/580327"}],"wp:attachment":[{"href":"https:\/\/www.europesays.com\/fr\/wp-json\/wp\/v2\/media?parent=580326"}],"wp:term":[{"taxonomy":"category","embeddable":true,"href":"https:\/\/www.europesays.com\/fr\/wp-json\/wp\/v2\/categories?post=580326"},{"taxonomy":"post_tag","embeddable":true,"href":"https:\/\/www.europesays.com\/fr\/wp-json\/wp\/v2\/tags?post=580326"}],"curies":[{"name":"wp","href":"https:\/\/api.w.org\/{rel}","templated":true}]}}