{"id":580328,"date":"2025-12-05T17:30:22","date_gmt":"2025-12-05T17:30:22","guid":{"rendered":"https:\/\/www.europesays.com\/fr\/580328\/"},"modified":"2025-12-05T17:30:22","modified_gmt":"2025-12-05T17:30:22","slug":"qui-sont-ces-darons-qui-salignent-sur-ce-marathon-musical","status":"publish","type":"post","link":"https:\/\/www.europesays.com\/fr\/580328\/","title":{"rendered":"Qui sont ces darons qui s\u2019alignent sur ce marathon musical\u00a0?"},"content":{"rendered":"<p>Dans les couloirs du Libert\u00e9, les premiers accords de musique r\u00e9sonnent d\u00e9j\u00e0. Il est 17 heures et St\u00e9phane entame sa premi\u00e8re pinte de bi\u00e8re. Sans doute pas la derni\u00e8re de ce marathon musical dont le d\u00e9part vient tout juste d\u2019\u00eatre donn\u00e9. Pendant quatre jours, Rennes va vibrer au rythme des <a href=\"https:\/\/www.20minutes.fr\/dossier\/transmusicales\" class=\"c-link c-link--is-underlined\" target=\"_blank\" rel=\"noopener\">Trans Musicales<\/a>, dont la 47e \u00e9dition s\u2019est ouverte jeudi. Au Libert\u00e9 ou au Parc-Expo, ce sont pas loin de 60.000 spectateurs qui viendront \u00e9couter <a href=\"https:\/\/www.20minutes.fr\/arts-stars\/culture\/musique\/4127863-20241206-trans-musicales-musique-pretexte-festivaliers-connaissent-groupe-prog\" class=\"c-link c-link--is-underlined\" target=\"_blank\" rel=\"noopener\">des groupes que personne, ou presque, ne conna\u00eet<\/a>.<\/p>\n<p>La particularit\u00e9 de ce festival \u00ab\u00a0nouveau depuis\u00a01979\u00a0\u00bb comme le dit son slogan, c\u2019est d\u2019avoir un public tr\u00e8s fid\u00e8le qui le suit depuis longtemps. Un public qui a vieilli, dont les cheveux ont blanchi ou parfois m\u00eame disparu mais qui continue de venir. M\u00eame s\u2019il fait froid. M\u00eame si c\u2019est tard. Et m\u00eame si le lendemain, c\u2019est plus compliqu\u00e9 de s\u2019en relever que quand ils avaient 20 piges. \u00ab\u00a0Clairement, faire les trois jours, je ne peux plus\u00a0\u00bb, raconte St\u00e9phane, apr\u00e8s une premi\u00e8re gorg\u00e9e de bi\u00e8re. \u00ab\u00a0Je ne vais plus au Parc-Expo, parce que je trouve \u00e7a un peu grand. Mais je continue de venir au Libert\u00e9, on se retrouve avec des potes. C\u2019est le rituel annuel\u00a0\u00bb, poursuit le festivalier de 56 ans.<\/p>\n<\/p>\n<p>Comme beaucoup, le Rennais a d\u00e9couvert les Trans quand il \u00e9tait \u00e9tudiant dans la capitale bretonne. Pour sa premi\u00e8re, il avait \u00e9t\u00e9 le t\u00e9moin d\u2019un \u00e9v\u00e9nement qui l\u2019avait marqu\u00e9 \u00e0 vie. \u00ab\u00a0J\u2019ai vu Nirvana. C\u2019\u00e9tait en\u00a01991 ici. C\u2019\u00e9tait fou furieux. Ils <a href=\"https:\/\/www.20minutes.fr\/rennes\/1975995-20161207-video-rennes-25-ans-nirvana-explosait-scene-trans-musicales\" class=\"c-link c-link--is-underlined\" target=\"_blank\" rel=\"noopener\">avaient tout balanc\u00e9 \u00e0 la fin du concert<\/a>.\u00a0\u00bb Depuis cette date, St\u00e9phane a gard\u00e9 l\u2019habitude de venir chaque ann\u00e9e. Et il n\u2019est pas le seul. Comme lui, Alexandre a mis les pieds pour la premi\u00e8re fois aux Trans en\u00a01991. \u00ab\u00a0Nan, moi je n\u2019avais pas vu Nirvana. Mais dans la rue de la Soif, tout le monde ne parlait que de \u00e7a.\u00a0\u00bb<\/p>\n<p>\u00ab\u00a0Avant, je faisais les trois soirs\u00a0\u00bb<\/p>\n<p>Depuis, la date est inscrite \u00e0 l\u2019agenda de ce passionn\u00e9 de musique qui affiche 53 printemps. A peine plus que le festival. \u00ab\u00a0Les Trans, c\u2019\u00e9tait un rite de passage quand tu avais 18 ou 20 ans. Parce que c\u2019est un peu rustique. Il fait froid, il pleut, c\u2019est <a href=\"https:\/\/www.20minutes.fr\/arts-stars\/culture\/musique\/4066245-20231211-rennes-peine-terminees-trans-musicales-doivent-deja-projeter\" class=\"c-link c-link--is-underlined\" target=\"_blank\" rel=\"noopener\">dans un Parc-Expo et tu ne connais aucun groupe<\/a>.\u00a0\u00bb Alexandre adore ce festival. Mais les ann\u00e9es passant, il a d\u00fb lever le pied. \u00ab\u00a0Avant je faisais les trois soirs, je restais jusqu\u2019\u00e0 6 heures du matin. Maintenant, je fais le jeudi et le vendredi. Le samedi, j\u2019y vais moins. C\u2019est plus jeune, les gens arrivent un peu cram\u00e9s, l\u2019exp\u00e9rience est moins bonne.\u00a0\u00bb<\/p>\n<p><img decoding=\"async\" alt=\"Le public des Trans Musicales de Rennes est tr\u00e8s h\u00e9t\u00e9rog\u00e8ne, attirant des spectateurs de tous les \u00e2ges. \" class=\"c-img\" loading=\"lazy\" fetchpriority=\"auto\" width=\"718\"  src=\"https:\/\/img.20mn.fr\/PGnojBnpSg6d5Dtr7bFCqyk\/718x0\" \/>Le public des Trans Musicales de Rennes est tr\u00e8s h\u00e9t\u00e9rog\u00e8ne, attirant des spectateurs de tous les \u00e2ges. \u2002-\u00a0Damien Meyer\/AFP<\/p>\n<p>S\u2019il a abandonn\u00e9 le troisi\u00e8me soir, c\u2019est aussi parce qu\u2019il a plus de 50 ans. \u00ab\u00a0Et qu\u2019\u00e0 cet \u00e2ge-l\u00e0, quand tu d\u00e9passes trois heures du mat, tu mets une semaine \u00e0 t\u2019en remettre\u00a0\u00bb, glisse-t-il dans un sourire. Mais il n\u2019a pas manqu\u00e9 une \u00e9dition depuis quinze ans. \u00ab\u00a0Il y a des potes que je ne vois que l\u00e0. On ne se donne m\u00eame pas de lieu de rendez-vous. On se croise par hasard, on boit un coup.\u00a0\u00bb Avec les ann\u00e9es, Alexandre a appris \u00e0 \u00ab\u00a0ne pas se mettre la t\u00eate \u00e0 l\u2019envers\u00a0\u00bb. Mais il conna\u00eet bien des amis \u00ab\u00a0qui passent leur soir\u00e9e au bar\u00a0\u00bb \u00e0 refaire le monde entre deux concerts.<\/p>\n<p>Les enfants chez papi et mamie<\/p>\n<p>Pour lui comme pour bon nombre de fid\u00e8les, les Trans <a href=\"https:\/\/www.20minutes.fr\/rennes\/1549247-20150225-dj-zebra-mois-apres-arrivee-rennes-voyais-nirvana-trans-musicales\" class=\"c-link c-link--is-underlined\" target=\"_blank\" rel=\"noopener\">sont devenues \u00ab\u00a0un p\u00e8lerinage\u00a0\u00bb hivernal<\/a>. Ici, on ne dit pas\u00a0: \u00ab\u00a0Tu vas aux Trans\u00a0?\u00a0\u00bb On dit plut\u00f4t\u00a0: \u00ab\u00a0Tu fais les Trans\u00a0?\u00a0\u00bb Un week-end r\u00e9serv\u00e9 o\u00f9 le reste de la famille doit accepter de laisser papa s\u2019\u00e9manciper. \u00ab\u00a0Avec les copains, on attend ce moment toute l\u2019ann\u00e9e. C\u2019est un rituel.\u00a0\u00bb Olivier fait les Trans depuis qu\u2019il est arriv\u00e9 \u00e0 Rennes pour faire ses \u00e9tudes en\u00a02002. Depuis, il n\u2019a pas manqu\u00e9 une \u00e9dition, prenant m\u00eame l\u2019habitude de poser un cong\u00e9 le lundi, le temps de se remettre de son week-end. \u00ab\u00a0Je viens de changer de boulot donc je ne pourrai pas cette ann\u00e9e.\u00a0Je ne ferai qu\u2019un soir.\u00a0\u00bb Vous le verrez peut-\u00eatre accroch\u00e9 \u00e0 un ballon de baudruche gonfl\u00e9 \u00e0 l\u2019h\u00e9lium. \u00ab\u00a0C\u2019est notre truc pour nous retrouver. \u00c7a aide plein de gens en plus\u00a0!\u00a0\u00bb<\/p>\n<p><img decoding=\"async\" alt=\"Pour beaucoup, les Trans Musicales sont une grande occasion de faire la f\u00eate tout en faisant des d\u00e9couvertes musicales. \" class=\"c-img\" loading=\"lazy\" fetchpriority=\"auto\" width=\"718\"  src=\"https:\/\/img.20mn.fr\/c7bjyDwrSR69eEj1EYRxQw\/718x0\" \/>Pour beaucoup, les Trans Musicales sont une grande occasion de faire la f\u00eate tout en faisant des d\u00e9couvertes musicales. \u2002-\u00a0C. Allain\/20 Minutes<\/p>\n<p>Au fil des ann\u00e9es, Olivier a trouv\u00e9 un travail, est devenu papa, il a eu 46 ans. Alors forc\u00e9ment, il a d\u00fb s\u2019adapter. \u00ab\u00a0J\u2019envoie mes filles chez mes parents. C\u2019est un peu notre week-end de libert\u00e9, un moment o\u00f9 on se l\u00e2che, on se couche tr\u00e8s tard.\u00a0\u00bb Et le lendemain, \u00e7a pique. Papa de trois enfants, Christophe fait partie de ceux qui les envoient chez les grands-parents chaque premier week-end de d\u00e9cembre, histoire d\u2019avoir quartier libre. \u00ab\u00a0On accueille tous les potes chez nous. En g\u00e9n\u00e9ral, on est une vingtaine. On va tous au Parc-Expo \u00e0 v\u00e9lo, c\u2019est tr\u00e8s dr\u00f4le. C\u2019est \u00e7a les Trans. Un gros week-end de rigolade et de d\u00e9couverte musicale.\u00a0\u00bb<\/p>\n<p>L\u2019enseignant a beau avoir 52 ans, il continue de prendre son pass pour les trois soirs. \u00ab\u00a0Et on reste jusqu\u2019au bout, jusqu\u2019aux derniers concerts. On se couche \u00e0 7 ou 8 heures du matin. C\u2019est s\u00fbr que c\u2019est assez s\u00e9v\u00e8re.\u00a0\u00bb Mais il y retourne, sans m\u00e9nagement. On fera le bilan dimanche.<\/p>\n","protected":false},"excerpt":{"rendered":"Dans les couloirs du Libert\u00e9, les premiers accords de musique r\u00e9sonnent d\u00e9j\u00e0. Il est 17 heures et St\u00e9phane&hellip;\n","protected":false},"author":2,"featured_media":580329,"comment_status":"","ping_status":"","sticky":false,"template":"","format":"standard","meta":{"footnotes":""},"categories":[2821],"tags":[1111,11,829,1697,251,58,1777,674,849,4768,1011,27,848,873,12,3306,584,25,68941],"class_list":{"0":"post-580328","1":"post","2":"type-post","3":"status-publish","4":"format-standard","5":"has-post-thumbnail","7":"category-rennes","8":"tag-actu","9":"tag-actualites","10":"tag-bretagne","11":"tag-concert","12":"tag-culture","13":"tag-divertissement","14":"tag-eu","15":"tag-europe","16":"tag-festival","17":"tag-fete","18":"tag-fr","19":"tag-france","20":"tag-ille-et-vilaine","21":"tag-musique","22":"tag-news","23":"tag-parents","24":"tag-rennes","25":"tag-republique-francaise","26":"tag-transmusicales"},"share_on_mastodon":{"url":"","error":""},"_links":{"self":[{"href":"https:\/\/www.europesays.com\/fr\/wp-json\/wp\/v2\/posts\/580328","targetHints":{"allow":["GET"]}}],"collection":[{"href":"https:\/\/www.europesays.com\/fr\/wp-json\/wp\/v2\/posts"}],"about":[{"href":"https:\/\/www.europesays.com\/fr\/wp-json\/wp\/v2\/types\/post"}],"author":[{"embeddable":true,"href":"https:\/\/www.europesays.com\/fr\/wp-json\/wp\/v2\/users\/2"}],"replies":[{"embeddable":true,"href":"https:\/\/www.europesays.com\/fr\/wp-json\/wp\/v2\/comments?post=580328"}],"version-history":[{"count":0,"href":"https:\/\/www.europesays.com\/fr\/wp-json\/wp\/v2\/posts\/580328\/revisions"}],"wp:featuredmedia":[{"embeddable":true,"href":"https:\/\/www.europesays.com\/fr\/wp-json\/wp\/v2\/media\/580329"}],"wp:attachment":[{"href":"https:\/\/www.europesays.com\/fr\/wp-json\/wp\/v2\/media?parent=580328"}],"wp:term":[{"taxonomy":"category","embeddable":true,"href":"https:\/\/www.europesays.com\/fr\/wp-json\/wp\/v2\/categories?post=580328"},{"taxonomy":"post_tag","embeddable":true,"href":"https:\/\/www.europesays.com\/fr\/wp-json\/wp\/v2\/tags?post=580328"}],"curies":[{"name":"wp","href":"https:\/\/api.w.org\/{rel}","templated":true}]}}