{"id":580332,"date":"2025-12-05T17:32:12","date_gmt":"2025-12-05T17:32:12","guid":{"rendered":"https:\/\/www.europesays.com\/fr\/580332\/"},"modified":"2025-12-05T17:32:12","modified_gmt":"2025-12-05T17:32:12","slug":"pourquoi-ce-rapport-inedit-risque-de-faire-du-bruit","status":"publish","type":"post","link":"https:\/\/www.europesays.com\/fr\/580332\/","title":{"rendered":"pourquoi ce rapport in\u00e9dit risque de faire du bruit"},"content":{"rendered":"<p>                    Par<br \/>\n        <strong><br \/>\n            <a href=\"https:\/\/actu.fr\/auteur\/ivan-capecchi\" title=\"Consulter tous les articles de Ivan CAPECCHI\" target=\"_blank\" rel=\"noopener\">Ivan CAPECCHI<\/a><br \/>\n                    <\/strong><\/p>\n<p>        Publi\u00e9 le<\/p>\n<p>            5 d\u00e9c. 2025 \u00e0 18h21        <\/p>\n<p>Un rapport in\u00e9dit du <a href=\"https:\/\/www.strasbourg.eu\/comite-science-sante-societe\" target=\"_blank\" rel=\"noopener\">Conseil Sciences, Sant\u00e9 et Soci\u00e9t\u00e9 (C4S)<\/a> pointe <strong>l\u2019impact des politiques de circulation et de stationnement sur l\u2019acc\u00e8s aux soins \u00e0 Strasbourg<\/strong>. Le diagnostic, nuanc\u00e9 mais ferme, pointe plusieurs d\u00e9rives. Au prochain conseil municipal lundi, le d\u00e9bat s\u2019annonce tendu\u2009: certains \u00e9lus d\u2019opposition aff\u00fbtent d\u00e9j\u00e0 leurs armes dans l\u2019ombre\u2026<\/p>\n<p>Des difficult\u00e9s concr\u00e8tes pour les soignants et les patients<\/p>\n<p class=\" wall-content\">Le rapport du C4S analyse l\u2019impact des politiques de mobilit\u00e9 de Strasbourg sur l\u2019acc\u00e8s aux soins, \u00e0 partir d\u2019une large consultation de soignants, d\u2019\u00e9tablissements, de services d\u2019urgence et de patients.<\/p>\n<p class=\" wall-content\">Il met en lumi\u00e8re <strong>plusieurs difficult\u00e9s r\u00e9currentes<\/strong>\u2009: le<strong> co\u00fbt du stationnement<\/strong> pour le personnel de la <a href=\"https:\/\/actu.fr\/grand-est\/strasbourg_67482\/stationnement-a-strasbourg-a-la-clinique-de-l-orangerie-on-reclame-des-prix-raisonnables_62547574.html\" target=\"_blank\" rel=\"noopener\">clinique de l\u2019Orangerie<\/a>, les <strong>retards et obstacles rencontr\u00e9s par les v\u00e9hicules du SAMU\/SMUR <\/strong>sur l\u2019axe des Deux-Rives ou en centre-ville, la <strong>saturation du stationnement autour de la clinique Rh\u00e9na<\/strong>, ainsi que <strong>l\u2019acc\u00e8s jug\u00e9 complexe au Nouvel h\u00f4pital civil (NHC) pour certains usagers<\/strong>.<\/p>\n<p class=\" wall-content\">Les <strong>populations fragiles<\/strong> \u2013 personnes \u00e2g\u00e9es, patients chroniques, habitants des QPV \u2013 sont identifi\u00e9es comme <strong>les plus expos\u00e9es<\/strong>.<\/p>\n<p>Retards, renoncements et effets en cha\u00eene<\/p>\n<p class=\" wall-content\">Le rapport d\u00e9crit aussi <strong>des effets en cascade<\/strong>\u2009: des soignants lib\u00e9raux envisagent de <strong>quitter le centre-ville<\/strong> en raison de l\u2019acc\u00e8s difficile\u2009; certains professionnels<strong> renoncent aux gardes<\/strong> faute de stationnement ou de circulation fluide\u2009; les transports sanitaires (VSL, ambulances) sont <strong>sursollicit\u00e9s<\/strong>, parfois inutilement, ce qui allonge les d\u00e9lais pour les urgences vitales\u2009; des patients<strong> renoncent \u00e0 la voiture<\/strong> mais ne peuvent pas utiliser les transports publics, <strong>augmentant le recours \u00e0 la t\u00e9l\u00e9consultation<\/strong> par contrainte plus que par choix.<\/p>\n<p>Un manque de coordination point\u00e9 du doigt<\/p>\n<p class=\" wall-content\">Le C4S note par ailleurs un <strong>d\u00e9ficit d\u2019information entre la Ville, l\u2019Eurom\u00e9tropole et les services d\u2019urgence<\/strong> lors de modifications de circulation li\u00e9es, par exemple, \u00e0 des \u00e9v\u00e9nements comme le <a href=\"https:\/\/actu.fr\/tag\/marche-de-noel-de-strasbourg\" target=\"_blank\" rel=\"noopener\">march\u00e9 de No\u00ebl<\/a>.<\/p>\n<p>Des recommandations pour \u00ab\u2009mieux organiser les mobilit\u00e9s\u2009\u00bb<\/p>\n<p class=\" wall-content\">Dans ses recommandations, le C4S appelle \u00e0 <strong>mieux organiser les mobilit\u00e9s pour faciliter l\u2019acc\u00e8s aux soins<\/strong>\u2009: stationnement mieux adapt\u00e9 pour les soignants, voies optimis\u00e9es pour les urgences, transports publics et navettes renforc\u00e9s pour les patients fragiles, d\u00e9pose-minute repens\u00e9s\u2026<\/p>\n<p>Votre r\u00e9gion, votre actu !<\/p>\n<p>Recevez chaque jour les infos qui comptent pour vous.<\/p>\n<p>\t<a href=\"https:\/\/actu.fr\/newsletter\" class=\"ac-btn ac-btn--corner ac-btn--medium ac-btn--blue800\" target=\"_blank\" rel=\"noopener\">S&rsquo;incrire<\/a><\/p>\n<p class=\" wall-content\">Il recommande aussi un <strong>guichet unique<\/strong> pour traiter rapidement les probl\u00e8mes, d\u2019associer les acteurs de sant\u00e9 aux d\u00e9cisions et de mieux mesurer l\u2019impact des projets de mobilit\u00e9.<\/p>\n<p>La majorit\u00e9 municipale conteste plusieurs conclusions<\/p>\n<p class=\" wall-content\">Joint par nos soins, Pierre Ozenne, adjoint qui a notamment port\u00e9 la grande <a href=\"https:\/\/actu.fr\/grand-est\/strasbourg_67482\/strasbourg-10-choses-a-savoir-sur-la-reforme-du-stationnement-qui-entre-en-vigueur-cette-annee_58023891.html\" target=\"_blank\" rel=\"noopener\">r\u00e9forme du stationnement<\/a> mise en application \u00e0 partir de 2023, dit sa perplexit\u00e9 quant aux \u00ab\u2009\u00e9normit\u00e9s\u2009\u00bb que contient ce rapport, selon lui.<\/p>\n<p>Le C4S prudent sur ses propres conclusions<\/p>\n<p>Dans le rapport, le C4S fait sa propre auto-critique. Il insiste \u00e0 plusieurs reprises sur la n\u00e9cessit\u00e9 de nuancer ses conclusions. Il souligne que l\u2019\u00e9tude repose surtout sur des retours qualitatifs : perceptions de soignants, ressentis d\u2019institutions, t\u00e9moignages de terrain. Le comit\u00e9 a consult\u00e9 de nombreux acteurs l\u00e9gitimes, mais sans constituer un panel repr\u00e9sentatif, ce qui limite la port\u00e9e statistique de l\u2019analyse. Surtout, il manque de donn\u00e9es chiffr\u00e9es permettant de mesurer pr\u00e9cis\u00e9ment l\u2019effet des politiques de circulation ou de stationnement sur les soignants et les patients.<\/p>\n<p>L\u2019adjoint au stationnement contre-attaque<\/p>\n<p class=\" wall-content\">\u00ab\u2009Par exemple, dire que les personnes <strong>ont du mal \u00e0 recruter \u00e0 cause du stationnement, c\u2019est \u00e9tonnan<\/strong>t\u2009\u00bb, illustre-t-il. \u00ab\u2009Si on prend le cas de la clinique Rh\u00e9na, elle dispose d\u2019un parking en ouvrage tr\u00e8s grand, un parking priv\u00e9\u2026 qui appartient \u00e0 Rh\u00e9na. <strong>C\u2019est \u00e0 la clinique de trouver une solution pour ses salari\u00e9s<\/strong>. Dire que c\u2019est la faute de la Ville, c\u2019est un peu grossier\u2009\u00bb, d\u00e9veloppe l\u2019\u00e9lu.<\/p>\n<p class=\" wall-content\">Sur le manque de communication, M. Ozenne souligne\u2009: \u00ab\u2009L\u2019organisation du march\u00e9 de No\u00ebl ou de la f\u00eate de la musique, tout cela rel\u00e8ve de l\u2019\u00c9tat, et donc de la pr\u00e9fecture. <strong>Or, les services de secours sont bien pr\u00e9sents lors de l\u2019\u00e9laboration de ces dispositifs<\/strong>\u2026\u2009\u00bb.<\/p>\n<p>Des dispositifs d\u00e9j\u00e0 mis en place, selon la majorit\u00e9<\/p>\n<p class=\" wall-content\">Par ailleurs, Pierre Ozenne s\u2019\u00e9tonne de <strong>ne pas avoir \u00e9t\u00e9 sollicit\u00e9<\/strong> dans le cadre de ce rapport. \u00ab\u2009L\u2019\u00e9lu th\u00e9matique n\u2019a pas \u00e9t\u00e9 sollicit\u00e9\u2009\u00bb, insiste-t-il.<\/p>\n<p class=\" wall-content\">Ce dernier rappelle enfin les choses <strong>mises en place par la r\u00e9forme du stationnement<\/strong> au profit des personnels de sant\u00e9\u2009: le <strong>forfait d\u00e9di\u00e9 aux personnes travaillant en horaires atypiques<\/strong>, le <strong>forfait aidants<\/strong> ou encore <strong>l\u2019augmentation du nombre de places de stationnement PMR (personnes \u00e0 mobilit\u00e9 r\u00e9duite)<\/strong>.<\/p>\n<p>Le C4S, une instance mise en place par la majorit\u00e9 actuelle<\/p>\n<p>Le C4S est un comit\u00e9 ind\u00e9pendant cr\u00e9\u00e9 par la Ville et l\u2019Eurom\u00e9tropole de Strasbourg pour \u00e9clairer les \u00e9lus sur les enjeux de sant\u00e9 publique. Il a \u00e9t\u00e9 mis en place par la majorit\u00e9 actuelle. Compos\u00e9 de professionnels de sant\u00e9, chercheurs et citoyens, et pr\u00e9sid\u00e9 par le Pr Jean Sibilia, il analyse des sujets comme l\u2019acc\u00e8s aux soins ou l\u2019impact des innovations. Ses avis sont remis aux \u00e9lus pour guider leurs d\u00e9cisions. Le rapport dont il est question dans cet article r\u00e9sulte d&rsquo;une saisine effectu\u00e9e le groupe d\u2019\u00e9lus \u00ab\u00a0Strasbourg ensemble\u00a0\u00bb, copr\u00e9sid\u00e9 par Pierre Jakubowicz.<\/p>\n<p>L\u2019opposition voit ses alertes confirm\u00e9es<\/p>\n<p class=\" wall-content\">Dans un communiqu\u00e9 diffus\u00e9 en ce d\u00e9but de mois, le conseiller municipal d\u2019opposition Pierre Jakubowicz, \u00e9galement <a href=\"https:\/\/actu.fr\/grand-est\/strasbourg_67482\/municipales-2026-a-strasbourg-pierre-jakubowicz-horizons-officialise-sa-candidature_63115980.html\" target=\"_blank\" rel=\"noopener\">candidat aux prochaines \u00e9lections municipales<\/a>, estime que la politique de mobilit\u00e9 et de stationnement de la municipalit\u00e9 <strong>d\u00e9grade l\u2019acc\u00e8s aux soins \u00e0 Strasbourg<\/strong>.<\/p>\n<p class=\" wall-content\">Selon lui, le rapport du C4S <strong>confirme ses alertes<\/strong>\u2009: difficult\u00e9s de recrutement, soignants qui h\u00e9sitent \u00e0 s\u2019installer, retards pour les urgences, interventions \u00e0 domicile compliqu\u00e9es et patients qui renoncent aux soins. Il accuse la Ville d\u2019avoir <strong>aggrav\u00e9 la situation des plus fragiles<\/strong> et <strong>demande un d\u00e9bat public ainsi que l\u2019adoption rapide des recommandations du rapport<\/strong>.<\/p>\n<p class=\" wall-content\">Nul doute que le sujet sera \u00e2prement d\u00e9battu lors du prochain conseil municipal.<\/p>\n<p class=\" wall-content\">Personnalisez votre actualit\u00e9 en ajoutant vos villes et m\u00e9dias en favori avec <a href=\"https:\/\/moncompte.actu.fr\" title=\"D\u00e9couvez Mon Actu\" rel=\"nofollow noopener\" data-trk=\"{&quot;cta&quot;:{&quot;action&quot;:&quot;https:\\\/\\\/moncompte.actu.fr&quot;,&quot;category&quot;:&quot;mon compte&quot;,&quot;from&quot;:&quot;article footer&quot;,&quot;name&quot;:&quot;Mon actu&quot;,&quot;type&quot;:&quot;cta&quot;}}\" target=\"_blank\">Mon Actu<\/a>.<\/p>\n","protected":false},"excerpt":{"rendered":"Par Ivan CAPECCHI Publi\u00e9 le 5 d\u00e9c. 2025 \u00e0 18h21 Un rapport in\u00e9dit du Conseil Sciences, Sant\u00e9 et&hellip;\n","protected":false},"author":2,"featured_media":580333,"comment_status":"","ping_status":"","sticky":false,"template":"","format":"standard","meta":{"footnotes":""},"categories":[2820],"tags":[1111,11,3542,1777,674,1011,27,775,12,1311,25,104,6173,640],"class_list":{"0":"post-580332","1":"post","2":"type-post","3":"status-publish","4":"format-standard","5":"has-post-thumbnail","7":"category-strasbourg","8":"tag-actu","9":"tag-actualites","10":"tag-circulation","11":"tag-eu","12":"tag-europe","13":"tag-fr","14":"tag-france","15":"tag-grand-est","16":"tag-news","17":"tag-pompiers","18":"tag-republique-francaise","19":"tag-societe","20":"tag-stationnement","21":"tag-strasbourg"},"share_on_mastodon":{"url":"https:\/\/pubeurope.com\/@fr\/115668159354630941","error":""},"_links":{"self":[{"href":"https:\/\/www.europesays.com\/fr\/wp-json\/wp\/v2\/posts\/580332","targetHints":{"allow":["GET"]}}],"collection":[{"href":"https:\/\/www.europesays.com\/fr\/wp-json\/wp\/v2\/posts"}],"about":[{"href":"https:\/\/www.europesays.com\/fr\/wp-json\/wp\/v2\/types\/post"}],"author":[{"embeddable":true,"href":"https:\/\/www.europesays.com\/fr\/wp-json\/wp\/v2\/users\/2"}],"replies":[{"embeddable":true,"href":"https:\/\/www.europesays.com\/fr\/wp-json\/wp\/v2\/comments?post=580332"}],"version-history":[{"count":0,"href":"https:\/\/www.europesays.com\/fr\/wp-json\/wp\/v2\/posts\/580332\/revisions"}],"wp:featuredmedia":[{"embeddable":true,"href":"https:\/\/www.europesays.com\/fr\/wp-json\/wp\/v2\/media\/580333"}],"wp:attachment":[{"href":"https:\/\/www.europesays.com\/fr\/wp-json\/wp\/v2\/media?parent=580332"}],"wp:term":[{"taxonomy":"category","embeddable":true,"href":"https:\/\/www.europesays.com\/fr\/wp-json\/wp\/v2\/categories?post=580332"},{"taxonomy":"post_tag","embeddable":true,"href":"https:\/\/www.europesays.com\/fr\/wp-json\/wp\/v2\/tags?post=580332"}],"curies":[{"name":"wp","href":"https:\/\/api.w.org\/{rel}","templated":true}]}}