{"id":580334,"date":"2025-12-05T17:33:12","date_gmt":"2025-12-05T17:33:12","guid":{"rendered":"https:\/\/www.europesays.com\/fr\/580334\/"},"modified":"2025-12-05T17:33:12","modified_gmt":"2025-12-05T17:33:12","slug":"le-bain-de-noel-accueille-le-telethon-a-cagnes-sur-mer-ce-dimanche","status":"publish","type":"post","link":"https:\/\/www.europesays.com\/fr\/580334\/","title":{"rendered":"le bain de No\u00ebl accueille le T\u00e9l\u00e9thon \u00e0 Cagnes-sur-Mer ce dimanche"},"content":{"rendered":"<p class=\"fs-5 \">Qui va franchir le cap de rentrer dans l\u2019eau \u00e0 17 degr\u00e9s de la mer M\u00e9diterran\u00e9e ?<\/p>\n<p class=\"fs-5 \">C\u2019est le d\u00e9fi lanc\u00e9 aux courageux de cette 25e \u00e9dition du bain de No\u00ebl \u00e0 Cagnes-sur-Mer ce dimanche 7 d\u00e9cembre 2025.<\/p>\n<p class=\"fs-5 \">Sur le front de mer du Cros, devant l\u2019\u00e9cole de voile municipale, d\u00e8s 9 heures, les participants seront accueillis par le service des sports.<\/p>\n<p class=\"fs-5 \">\u00ab Les inscriptions resteront ouvertes jusqu\u2019aux environs de 10 h 45. Un \u00e9chauffement collectif, en musique et sur fond de chants de No\u00ebl, permettra ensuite \u00e0 tous de se pr\u00e9parer dans la bonne humeur avant le grand plongeon pr\u00e9vu vers 11 h \u00bb, indique la Ville qui invite les baigneurs \u00ab \u00e0 arborer bonnets, accessoires ou d\u00e9guisements aux couleurs de No\u00ebl \u00bb.<\/p>\n<p>                                                                                \u00ab Le dispositif de s\u00e9curit\u00e9 sera particuli\u00e8rement soign\u00e9 \u00bb<\/p>\n<p class=\"fs-5 \">Cette ann\u00e9e, le bain de No\u00ebl accueillera le T\u00e9l\u00e9thon. Des dons pourront \u00eatre effectu\u00e9s sur place au profit de la recherche sur les maladies g\u00e9n\u00e9tiques neuromusculaires essentiellement, mais aussi sur d&rsquo;autres maladies g\u00e9n\u00e9tiques rares.<\/p>\n<p class=\"fs-5 \">\u00ab Le dispositif de s\u00e9curit\u00e9 sera particuli\u00e8rement soign\u00e9, avec la pr\u00e9sence des sapeurs-pompiers, de la soci\u00e9t\u00e9 nationale de sauvetage en mer et de plusieurs clubs et associations nautiques locaux, tels que l\u2019USC triathlon, Moana ou Cagnes cano\u00eb-kayak, rassure la Ville. Des embarcations seront positionn\u00e9es au large afin d\u2019assurer un encadrement optimal des baigneurs durant toute la dur\u00e9e du bain. \u00bb<\/p>\n<p class=\"fs-5 \">Inscriptions : en amont, aupr\u00e8s du service des sports de la Ville de Cagnes-sur-Mer ; sur place dimanche de 9 h \u00e0 10 h 45.<\/p>\n","protected":false},"excerpt":{"rendered":"Qui va franchir le cap de rentrer dans l\u2019eau \u00e0 17 degr\u00e9s de la mer M\u00e9diterran\u00e9e ? C\u2019est&hellip;\n","protected":false},"author":2,"featured_media":580335,"comment_status":"","ping_status":"","sticky":false,"template":"","format":"standard","meta":{"footnotes":""},"categories":[2819],"tags":[1111,11,1777,674,1011,27,12,2401,882,25],"class_list":{"0":"post-580334","1":"post","2":"type-post","3":"status-publish","4":"format-standard","5":"has-post-thumbnail","7":"category-nice","8":"tag-actu","9":"tag-actualites","10":"tag-eu","11":"tag-europe","12":"tag-fr","13":"tag-france","14":"tag-news","15":"tag-nice","16":"tag-provence-alpes-cote-dazur","17":"tag-republique-francaise"},"share_on_mastodon":{"url":"https:\/\/pubeurope.com\/@fr\/115668163242523622","error":""},"_links":{"self":[{"href":"https:\/\/www.europesays.com\/fr\/wp-json\/wp\/v2\/posts\/580334","targetHints":{"allow":["GET"]}}],"collection":[{"href":"https:\/\/www.europesays.com\/fr\/wp-json\/wp\/v2\/posts"}],"about":[{"href":"https:\/\/www.europesays.com\/fr\/wp-json\/wp\/v2\/types\/post"}],"author":[{"embeddable":true,"href":"https:\/\/www.europesays.com\/fr\/wp-json\/wp\/v2\/users\/2"}],"replies":[{"embeddable":true,"href":"https:\/\/www.europesays.com\/fr\/wp-json\/wp\/v2\/comments?post=580334"}],"version-history":[{"count":0,"href":"https:\/\/www.europesays.com\/fr\/wp-json\/wp\/v2\/posts\/580334\/revisions"}],"wp:featuredmedia":[{"embeddable":true,"href":"https:\/\/www.europesays.com\/fr\/wp-json\/wp\/v2\/media\/580335"}],"wp:attachment":[{"href":"https:\/\/www.europesays.com\/fr\/wp-json\/wp\/v2\/media?parent=580334"}],"wp:term":[{"taxonomy":"category","embeddable":true,"href":"https:\/\/www.europesays.com\/fr\/wp-json\/wp\/v2\/categories?post=580334"},{"taxonomy":"post_tag","embeddable":true,"href":"https:\/\/www.europesays.com\/fr\/wp-json\/wp\/v2\/tags?post=580334"}],"curies":[{"name":"wp","href":"https:\/\/api.w.org\/{rel}","templated":true}]}}