{"id":580336,"date":"2025-12-05T17:34:15","date_gmt":"2025-12-05T17:34:15","guid":{"rendered":"https:\/\/www.europesays.com\/fr\/580336\/"},"modified":"2025-12-05T17:34:15","modified_gmt":"2025-12-05T17:34:15","slug":"securite-nice-experimente-viginice-une-nouvelle-application-dalerte-dans","status":"publish","type":"post","link":"https:\/\/www.europesays.com\/fr\/580336\/","title":{"rendered":"S\u00e9curit\u00e9 : Nice exp\u00e9rimente VigiNice, une nouvelle application d\u2019alerte dans (\u2026)"},"content":{"rendered":"<p>                    <img loading=\"lazy\" decoding=\"async\" src=\"https:\/\/www.europesays.com\/fr\/wp-content\/uploads\/2025\/12\/3f4d0e0922bd08737a4ec4e9a88388.jpg\" class=\"img-responsive post-image\" width=\"680\" height=\"510\" alt=\"S\u00e9curit\u00e9 : Nice exp\u00e9rimen\" title=\"S\u00e9curit\u00e9 : Nice exp\u00e9rimente VigiNice, une nouvelle application d'alerte dans le quartier Notre-Dame\"\/><\/p>\n<p class=\"chapo\">La Ville de Nice poursuit l\u2019\u00e9volution de ses dispositifs de s\u00e9curit\u00e9 avec le lancement progressif de VigiNice, une application d\u2019alerte install\u00e9e sur smartphone. Cette technologie, issue de la solution d\u00e9velopp\u00e9e par l\u2019entreprise fran\u00e7aise WaryMe, vient compl\u00e9ter puis remplacer les bo\u00eetiers d\u2019alerte d\u00e9ploy\u00e9s depuis 2015 dans les \u00e9tablissements recevant du public.<\/p>\n<p>Depuis dix ans, ces bo\u00eetiers fixes \u2013 pr\u00e9sents chez 500 commer\u00e7ants et dans des sites sensibles comme les \u00e9coles, salles de spectacle ou h\u00f4pitaux \u2013 sont directement reli\u00e9s au Centre de Supervision Urbaine (CSU). Ils permettent une \u00e9coute imm\u00e9diate, l\u2019orientation des cam\u00e9ras \u00e0 proximit\u00e9 et une intervention rapide de la police municipale. En 2024, ils ont entra\u00een\u00e9 492 interventions, un chiffre port\u00e9 \u00e0 724 en 2025 selon les donn\u00e9es arr\u00eat\u00e9es au 1er novembre.<br class=\"texte\"\/><br \/>\nLa Ville a \u00e9galement install\u00e9 311 bornes d\u2019appel d\u2019urgence depuis 2019, utilis\u00e9es par le grand public.<\/p>\n<p>Une technologie mobile valid\u00e9e par la Cnil<\/p>\n<p>Apr\u00e8s plusieurs mois d\u2019exp\u00e9rimentation, notamment lors des \u00e9lections europ\u00e9ennes et l\u00e9gislatives de 2024, N<strong>ice a obtenu l\u2019accord de la Cnil pour un d\u00e9ploiement plus large de l\u2019application<\/strong>. Test\u00e9e \u00e0 quatre reprises dans les bureaux de vote, elle a permis d\u2019apporter une aide rapide \u00e0 des personnes en difficult\u00e9 et de proc\u00e9der \u00e0 une interpellation.<br class=\"autobr\"\/><br \/>\n<strong>VigiNice reprend les fonctionnalit\u00e9s des bo\u00eetiers physiques, tout en les rendant accessibles via un smartphone<\/strong>\u00a0: enregistrement de l\u2019environnement sonore, g\u00e9olocalisation, orientation automatique des cam\u00e9ras du CSU vers le lieu de l\u2019alerte et possibilit\u00e9 d\u2019\u00e9changer avec l\u2019op\u00e9rateur vid\u00e9o. Elle peut \u00e9galement \u00eatre utilis\u00e9e pour diffuser des alertes du CSU vers les usagers en cas de danger.<\/p>\n<p>Un premier d\u00e9ploiement dans le quartier Notre-Dame<\/p>\n<p>La mise en place d\u00e9bute dans le secteur Notre-Dame, o\u00f9 six sites municipaux sont \u00e9quip\u00e9s\u00a0:<br class=\"autobr\"\/><br \/>\n\u2013 Bureaux du Territoire C\u0153ur de Nice<br class=\"autobr\"\/><br \/>\n\u2013 AnimaNice Notre-Dame<br class=\"autobr\"\/><br \/>\n\u2013 Halte-jeux L\u2019\u00cele des Enfants<br class=\"autobr\"\/><br \/>\n\u2013 \u00c9cole Ronch\u00e8se<br class=\"autobr\"\/><br \/>\n\u2013 Centre d\u2019Arts et de Culture L\u2019Artistique<br class=\"autobr\"\/><br \/>\n\u2013 Biblioth\u00e8que Romain-Gary<br class=\"autobr\"\/><br \/>\nEnviron cinquante personnes ont particip\u00e9, jeudi 4 d\u00e9cembre, \u00e0 une session de formation organis\u00e9e par la Ville et WaryMe. Les utilisateurs apprennent \u00e0 installer l\u2019application, \u00e0 en ma\u00eetriser les fonctionnalit\u00e9s et \u00e0 adopter les r\u00e9flexes attendus en situation d\u2019alerte. L\u2019application est gratuite pour cette phase et install\u00e9e sur les t\u00e9l\u00e9phones personnels des participants.<\/p>\n<p>Vers une g\u00e9n\u00e9ralisation en 2026<\/p>\n<p>La municipalit\u00e9 pr\u00e9voit un d\u00e9ploiement progressif afin d\u2019\u00e9valuer l\u2019efficacit\u00e9 op\u00e9rationnelle du dispositif avant son extension \u00e0 l\u2019ensemble des b\u00e2timents communaux et aux commer\u00e7ants d\u00e9j\u00e0 \u00e9quip\u00e9s d\u2019un bo\u00eetier physique.<br class=\"autobr\"\/><br \/>\nL\u2019objectif affich\u00e9 est de remplacer progressivement ces bo\u00eetiers par VigiNice d\u2019ici 2026. Un premier bilan sera pr\u00e9sent\u00e9 dans trois mois pour ajuster et pr\u00e9ciser le calendrier de g\u00e9n\u00e9ralisation.<\/p>\n<p>Photo de Une \u00a9Ville de Nice<\/p>\n","protected":false},"excerpt":{"rendered":"La Ville de Nice poursuit l\u2019\u00e9volution de ses dispositifs de s\u00e9curit\u00e9 avec le lancement progressif de VigiNice, une&hellip;\n","protected":false},"author":2,"featured_media":580337,"comment_status":"","ping_status":"","sticky":false,"template":"","format":"standard","meta":{"footnotes":""},"categories":[2819],"tags":[1111,11,2408,1777,674,1011,27,12,2401,882,25],"class_list":{"0":"post-580336","1":"post","2":"type-post","3":"status-publish","4":"format-standard","5":"has-post-thumbnail","7":"category-nice","8":"tag-actu","9":"tag-actualites","10":"tag-appels-d","11":"tag-eu","12":"tag-europe","13":"tag-fr","14":"tag-france","15":"tag-news","16":"tag-nice","17":"tag-provence-alpes-cote-dazur","18":"tag-republique-francaise"},"share_on_mastodon":{"url":"https:\/\/pubeurope.com\/@fr\/115668168219178032","error":""},"_links":{"self":[{"href":"https:\/\/www.europesays.com\/fr\/wp-json\/wp\/v2\/posts\/580336","targetHints":{"allow":["GET"]}}],"collection":[{"href":"https:\/\/www.europesays.com\/fr\/wp-json\/wp\/v2\/posts"}],"about":[{"href":"https:\/\/www.europesays.com\/fr\/wp-json\/wp\/v2\/types\/post"}],"author":[{"embeddable":true,"href":"https:\/\/www.europesays.com\/fr\/wp-json\/wp\/v2\/users\/2"}],"replies":[{"embeddable":true,"href":"https:\/\/www.europesays.com\/fr\/wp-json\/wp\/v2\/comments?post=580336"}],"version-history":[{"count":0,"href":"https:\/\/www.europesays.com\/fr\/wp-json\/wp\/v2\/posts\/580336\/revisions"}],"wp:featuredmedia":[{"embeddable":true,"href":"https:\/\/www.europesays.com\/fr\/wp-json\/wp\/v2\/media\/580337"}],"wp:attachment":[{"href":"https:\/\/www.europesays.com\/fr\/wp-json\/wp\/v2\/media?parent=580336"}],"wp:term":[{"taxonomy":"category","embeddable":true,"href":"https:\/\/www.europesays.com\/fr\/wp-json\/wp\/v2\/categories?post=580336"},{"taxonomy":"post_tag","embeddable":true,"href":"https:\/\/www.europesays.com\/fr\/wp-json\/wp\/v2\/tags?post=580336"}],"curies":[{"name":"wp","href":"https:\/\/api.w.org\/{rel}","templated":true}]}}