{"id":580338,"date":"2025-12-05T17:37:17","date_gmt":"2025-12-05T17:37:17","guid":{"rendered":"https:\/\/www.europesays.com\/fr\/580338\/"},"modified":"2025-12-05T17:37:17","modified_gmt":"2025-12-05T17:37:17","slug":"reforme-de-la-justice-civile-une-petition-contre-le-projet-de-decret-rivage","status":"publish","type":"post","link":"https:\/\/www.europesays.com\/fr\/580338\/","title":{"rendered":"R\u00e9forme de la justice civile\u00a0: une p\u00e9tition contre le projet de d\u00e9cret Rivage"},"content":{"rendered":"<p>La mobilisation des avocats, vent debout conte le projet de d\u00e9cret Rivage pour \u00a0Rationalisation des Instances en Voie d\u2019Appel pour en Garantir l\u2019Efficience\u00a0 se poursuit.<\/p>\n<p><a href=\"https:\/\/nantes.maville.com\/actu\/actudet_-pensions-alimentaires-et-petits-contentieux-un-vent-de-fronde-souffle-autour-de-la-reforme-de-la-justice-civile-_8-7086891_actu.Htm\" target=\"_self\" rel=\"noopener\">Apr\u00e8s avoir manifest\u00e9 jeudi 4\u00a0d\u00e9cembre 2025 \u00e0 Rennes, le barreau des avocats de Nantes,<\/a> lequel annonce une concertation avec les barreaux de l\u2019Ouest lundi 8\u00a0d\u00e9cembre, relaie le lancement d\u2019une p\u00e9tition nationale contre ce projet de r\u00e9forme civile.<\/p>\n<p>Selon la profession, le texte risque de priver de nombreux citoyens de leur droit de faire appel, <a href=\"https:\/\/nantes.maville.com\/actu\/actudet_--petits-contentieux-au-coeur-de-la-justice-civile-_8-7093482_actu.Htm\" target=\"_self\" rel=\"noopener\">en relevant \u00e0 10\u00a0000\u00a0\u20ac le seuil pour ce faire concernant de nombreux litiges.<\/a><\/p>\n<p>Recours impossible dans certaines situations<\/p>\n<p>\u00a0Par exemple, un salari\u00e9 ayant demand\u00e9 au conseil de prud\u2019hommes de condamner son employeur \u00e0 lui payer 8\u00a0000\u00a0\u20ac de salaires et qui n\u2019obtient pas gain de cause ne pourra pas faire appel, avec pour cons\u00e9quence possible une interdiction bancaire, une proc\u00e9dure de surendettement\u2026\u00a0, est-il \u00e9voqu\u00e9. \u00a0Une m\u00e8re isol\u00e9e ayant saisi le juge aux affaires familiales pour avoir des pensions alimentaires ne pourra pas faire appel de la d\u00e9cision si elle ne les obtient pas ou si le montant obtenu ne lui convient pas.\u00a0<\/p>\n<p>Ou encore\u00a0: \u00a0Un chef d\u2019entreprise n\u2019ayant pas obtenu des d\u00e9lais de paiement du juge de l\u2019ex\u00e9cution ne pourra pas faire appel, avec pour cons\u00e9quence possible la liquidation judiciaire de sa soci\u00e9t\u00e9\u00a0<\/p>\n<p>Vendredi 5\u00a0d\u00e9cembre 2025, vers midi, <a href=\"https:\/\/www.change.org\/p\/non-au-decret-qui-prive-les-citoyens-du-droit-d-appel-et-cree-une-justice-de-classe\" target=\"_self\" rel=\"noopener\">la p\u00e9tition lanc\u00e9e par la Conf\u00e9rence des B\u00e2tonniers affichait plus de 5\u00a0000\u00a0signatures<\/a>.<\/p>\n<p>\u00a0<\/p>\n","protected":false},"excerpt":{"rendered":"La mobilisation des avocats, vent debout conte le projet de d\u00e9cret Rivage pour \u00a0Rationalisation des Instances en Voie&hellip;\n","protected":false},"author":2,"featured_media":580339,"comment_status":"","ping_status":"","sticky":false,"template":"","format":"standard","meta":{"footnotes":""},"categories":[2818],"tags":[1111,11,55865,35058,1777,674,1011,27,303,766,12,2636,2844,1095,4190,25,43165],"class_list":{"0":"post-580338","1":"post","2":"type-post","3":"status-publish","4":"format-standard","5":"has-post-thumbnail","7":"category-nantes","8":"tag-actu","9":"tag-actualites","10":"tag-civile","11":"tag-decret","12":"tag-eu","13":"tag-europe","14":"tag-fr","15":"tag-france","16":"tag-justice","17":"tag-nantes","18":"tag-news","19":"tag-pays-de-la-loire","20":"tag-petition","21":"tag-projet","22":"tag-reforme","23":"tag-republique-francaise","24":"tag-rivage"},"share_on_mastodon":{"url":"https:\/\/pubeurope.com\/@fr\/115668179086335839","error":""},"_links":{"self":[{"href":"https:\/\/www.europesays.com\/fr\/wp-json\/wp\/v2\/posts\/580338","targetHints":{"allow":["GET"]}}],"collection":[{"href":"https:\/\/www.europesays.com\/fr\/wp-json\/wp\/v2\/posts"}],"about":[{"href":"https:\/\/www.europesays.com\/fr\/wp-json\/wp\/v2\/types\/post"}],"author":[{"embeddable":true,"href":"https:\/\/www.europesays.com\/fr\/wp-json\/wp\/v2\/users\/2"}],"replies":[{"embeddable":true,"href":"https:\/\/www.europesays.com\/fr\/wp-json\/wp\/v2\/comments?post=580338"}],"version-history":[{"count":0,"href":"https:\/\/www.europesays.com\/fr\/wp-json\/wp\/v2\/posts\/580338\/revisions"}],"wp:featuredmedia":[{"embeddable":true,"href":"https:\/\/www.europesays.com\/fr\/wp-json\/wp\/v2\/media\/580339"}],"wp:attachment":[{"href":"https:\/\/www.europesays.com\/fr\/wp-json\/wp\/v2\/media?parent=580338"}],"wp:term":[{"taxonomy":"category","embeddable":true,"href":"https:\/\/www.europesays.com\/fr\/wp-json\/wp\/v2\/categories?post=580338"},{"taxonomy":"post_tag","embeddable":true,"href":"https:\/\/www.europesays.com\/fr\/wp-json\/wp\/v2\/tags?post=580338"}],"curies":[{"name":"wp","href":"https:\/\/api.w.org\/{rel}","templated":true}]}}