{"id":580340,"date":"2025-12-05T17:38:28","date_gmt":"2025-12-05T17:38:28","guid":{"rendered":"https:\/\/www.europesays.com\/fr\/580340\/"},"modified":"2025-12-05T17:38:28","modified_gmt":"2025-12-05T17:38:28","slug":"terem-moffi-claque-la-porte-nantes-et-le-paris-fc-debarquent","status":"publish","type":"post","link":"https:\/\/www.europesays.com\/fr\/580340\/","title":{"rendered":"Terem Moffi claque la porte, Nantes et le Paris FC d\u00e9barquent"},"content":{"rendered":"<p><b>Terem Moffi se cherche une porte de sortie pour cet hiver, et deux clubs de Ligue 1 sont d\u00e9j\u00e0 sur les rangs. Cela pourrait aller tr\u00e8s vite m\u00eame si Nice va devoir s&rsquo;asseoir sur un paquet d&rsquo;argent. <\/b><\/p>\n<p>La crise \u00e0 Nice ne se contente pas d\u2019\u00eatre sportive. Les supporters ont franchi un cap avec l\u2019accueil houleux contre leurs joueurs dans la nuit du match face \u00e0 Lorient. Ancien joueur des Merlus justement, Terem Moffi n\u2019a pas du tout appr\u00e9ci\u00e9 ces violences, comme les joueurs l\u2019ont fait savoir dans un communiqu\u00e9 collectif. La guerre est d\u00e9clar\u00e9e et les supporters vont boycotter le match de ce dimanche face \u00e0 Angers. En attendant, il y a des joueurs qui n\u2019ont plus du tout envie de porter le maillot du Gym, et Terem Moffi en fait partie.<\/p>\n<p>L\u2019attaquant nig\u00e9rian avait fait l\u2019objet d\u2019un gros transfert de 22,5 ME pour quitter Lorient \u00e0 l\u2019\u00e9t\u00e9 2023. Il n\u2019a pas toujours r\u00e9ussi \u00e0 confirmer son \u00e9norme potentiel. A 26 ans, il s\u00e9duit encore beaucoup de formations de Ligue 1 en vue du <a href=\"https:\/\/www.foot01.com\/mercato\" target=\"_self\" rel=\"noopener\">mercato hivernal<\/a> comme l\u2019explique Africa Foot.Ainsi, Nantes et le <a href=\"https:\/\/www.foot01.com\/parisfc\" title=\"Paris FC\" target=\"_blank\" rel=\"noopener\">Paris FC<\/a> se sont jet\u00e9s sur l\u2019occasion pour t\u00e2ter le terrain dans une op\u00e9ration qui se fera forc\u00e9ment \u00e0 un prix r\u00e9duit \u00e9tant donn\u00e9e la situation. Si INEOS est bien timide dans cette crise qui traverse Nice, le g\u00e9ant de p\u00e9trochimie va devoir s\u2019asseoir sur une bonne partie des 25 millions d\u2019euros que valait encore le Nig\u00e9rian il y a un an de cela.Le <a href=\"https:\/\/www.foot01.com\/nantes\" title=\"FC Nantes\" target=\"_blank\" rel=\"noopener\">FC Nantes<\/a> a besoin de renouveau pour aller chercher son maintien, et ne s\u2019interdit pas un gros investissement si cela lui permet d\u2019enfin marquer des buts. De son c\u00f4t\u00e9, le Paris FC, qui \u00e9tait bien parti, est en proie au doute et r\u00eave d\u2019un buteur capable de porter son \u00e9quipe sur la deuxi\u00e8me partie de saison.<\/p>\n<p>La crise \u00e0 Nice a du bon pour des formations de Ligue 1, m\u00eame si le profil de Terem Moffi pourrait aussi bien s\u00e9duire les clubs anglais au mois de janvier.<\/p>\n","protected":false},"excerpt":{"rendered":"Terem Moffi se cherche une porte de sortie pour cet hiver, et deux clubs de Ligue 1 sont&hellip;\n","protected":false},"author":2,"featured_media":580341,"comment_status":"","ping_status":"","sticky":false,"template":"","format":"standard","meta":{"footnotes":""},"categories":[2818],"tags":[1111,11,1777,674,462,1011,27,1434,766,12,2268,445,2636,25],"class_list":{"0":"post-580340","1":"post","2":"type-post","3":"status-publish","4":"format-standard","5":"has-post-thumbnail","7":"category-nantes","8":"tag-actu","9":"tag-actualites","10":"tag-eu","11":"tag-europe","12":"tag-fc-nantes","13":"tag-fr","14":"tag-france","15":"tag-mercato","16":"tag-nantes","17":"tag-news","18":"tag-ogc-nice","19":"tag-paris-fc","20":"tag-pays-de-la-loire","21":"tag-republique-francaise"},"share_on_mastodon":{"url":"https:\/\/pubeurope.com\/@fr\/115668182918442984","error":""},"_links":{"self":[{"href":"https:\/\/www.europesays.com\/fr\/wp-json\/wp\/v2\/posts\/580340","targetHints":{"allow":["GET"]}}],"collection":[{"href":"https:\/\/www.europesays.com\/fr\/wp-json\/wp\/v2\/posts"}],"about":[{"href":"https:\/\/www.europesays.com\/fr\/wp-json\/wp\/v2\/types\/post"}],"author":[{"embeddable":true,"href":"https:\/\/www.europesays.com\/fr\/wp-json\/wp\/v2\/users\/2"}],"replies":[{"embeddable":true,"href":"https:\/\/www.europesays.com\/fr\/wp-json\/wp\/v2\/comments?post=580340"}],"version-history":[{"count":0,"href":"https:\/\/www.europesays.com\/fr\/wp-json\/wp\/v2\/posts\/580340\/revisions"}],"wp:featuredmedia":[{"embeddable":true,"href":"https:\/\/www.europesays.com\/fr\/wp-json\/wp\/v2\/media\/580341"}],"wp:attachment":[{"href":"https:\/\/www.europesays.com\/fr\/wp-json\/wp\/v2\/media?parent=580340"}],"wp:term":[{"taxonomy":"category","embeddable":true,"href":"https:\/\/www.europesays.com\/fr\/wp-json\/wp\/v2\/categories?post=580340"},{"taxonomy":"post_tag","embeddable":true,"href":"https:\/\/www.europesays.com\/fr\/wp-json\/wp\/v2\/tags?post=580340"}],"curies":[{"name":"wp","href":"https:\/\/api.w.org\/{rel}","templated":true}]}}