{"id":580344,"date":"2025-12-05T17:40:14","date_gmt":"2025-12-05T17:40:14","guid":{"rendered":"https:\/\/www.europesays.com\/fr\/580344\/"},"modified":"2025-12-05T17:40:14","modified_gmt":"2025-12-05T17:40:14","slug":"a-bordeaux-un-immense-parc-sort-de-terre-sur-un-ancien-site-industriel-pollue","status":"publish","type":"post","link":"https:\/\/www.europesays.com\/fr\/580344\/","title":{"rendered":"\u00c0 Bordeaux, un immense parc sort de terre sur un ancien site industriel pollu\u00e9"},"content":{"rendered":"<p>                    Par<br \/>\n        <strong><br \/>\n            <a href=\"https:\/\/actu.fr\/auteur\/juliette-cardinale\" title=\"Consulter tous les articles de Juliette Cardinale\" target=\"_blank\" rel=\"noopener\">Juliette Cardinale<\/a><br \/>\n                    <\/strong><\/p>\n<p>        Publi\u00e9 le<\/p>\n<p>            5 d\u00e9c. 2025 \u00e0 18h32        <\/p>\n<p>C\u2019est un secteur qui va bien \u00eatre content de compter un nouvel espace vert. Le <strong>jardin de la Fa\u00efencerie<\/strong> s\u2019appr\u00eate \u00e0 ouvrir ses portes dans le quartier des bassins \u00e0 flot<a href=\"https:\/\/actu.fr\/bordeaux\/\" target=\"_blank\" rel=\"noopener\"> \u00e0 Bordeaux.<\/a> En janvier\u00a02026, la moiti\u00e9 de la superficie de ce <strong>futur immense parc<\/strong> sera accessible sur un terrain autrefois tr\u00e8s pollu\u00e9. \u00c0 terme, le projet va plus que doubler la v\u00e9g\u00e9tation du quartier.<\/p>\n<p>Un ancien terrain pollu\u00e9<\/p>\n<p class=\" wall-content\">Un groupe scolaire et une cr\u00e8che devaient autrefois sortir de terre<strong> sur le terrain de 6\u2009500\u00a0m\u00e8tres carr\u00e9s.<\/strong> Mais une pollution avait \u00e9t\u00e9 d\u00e9couverte, li\u00e9e \u00e0 l\u2019activit\u00e9 de l\u2019usine de fa\u00efence qui s\u2019y trouvait par le pass\u00e9. Le projet avait alors \u00e9t\u00e9 report\u00e9 quelques rues plus loin.<\/p>\n<p class=\" wall-content\">Sur l\u2019emplacement compris entre les anciennes halles en bios et la rue de la Fa\u00efencerie, des <strong>\u00e9tudes de faisabilit\u00e9<\/strong> ont permis d\u2019imaginer un \u00ab\u2009lieu de respiration et de fra\u00eecheur\u2009\u00bb pour les habitants, explique la mairie.<\/p>\n<p class=\" wall-content\">D\u00e9marr\u00e9s en septembre\u00a02025, les travaux de la phase 1 sont sur le point de s\u2019achever. <strong>D\u00e8s janvier prochain,<\/strong> le jardin ouvrira sur 3\u2009550\u00a0m\u00e8tres carr\u00e9s pour permettre aux habitants de profiter au plus t\u00f4t d\u2019un espace vert.<\/p>\n<p class=\" wall-content\">\u00ab\u2009Nous avons fait de gros <strong>gros travaux de d\u00e9pollution<\/strong> et ce sera un jardin de proximit\u00e9 <strong>sans risque sanitaire,<\/strong> con\u00e7u avec des habitantes et habitants et situ\u00e9 au c\u0153ur d\u2019un quartier dense en logements dont nous avons multipli\u00e9 par 2,5 la v\u00e9g\u00e9talisation\u2009\u00bb, a lanc\u00e9 Pierre Hurmic le 25\u00a0novembre dernier, jour de la Sainte-Catherine.<\/p>\n<p class=\" wall-content\">Achev\u00e9 en novembre, le retrait des d\u00e9chets radioactif a act\u00e9 la fin de la d\u00e9pollution sur l\u2019enti\u00e8ret\u00e9 du terrain. La pollution radioactive contenue dans la terre n\u2019\u00e9tait dangereuse <strong>qu\u2019en cas d\u2019ingestion, <\/strong>a pr\u00e9cis\u00e9 Marie Krummenacker, responsable du centre conception et am\u00e9nagement de Bordeaux M\u00e9tropole.<\/p>\n<p>Votre r\u00e9gion, votre actu !<\/p>\n<p>Recevez chaque jour les infos qui comptent pour vous.<\/p>\n<p>\t<a href=\"https:\/\/actu.fr\/newsletter\" class=\"ac-btn ac-btn--corner ac-btn--medium ac-btn--blue800\" target=\"_blank\" rel=\"noopener\">S&rsquo;incrire<\/a><\/p>\n<p class=\" wall-content\">Apr\u00e8s la d\u00e9pollution, les \u00e9quipes ont proc\u00e9d\u00e9 \u00e0 la <strong>plantation<\/strong> de massifs arbustifs et de plantes vivaces pour compl\u00e9ter les arbres d\u00e9j\u00e0 sur place\u2009: 750 arbustes, 16 plantes grimpantes et 590 plantes vivaces.<\/p>\n<p class=\" wall-content\">Cette premi\u00e8re partie du jardin sera r\u00e9partie <strong>en\u00a0diff\u00e9rents espaces<\/strong>\u2009: une pelouse, un site de pique-nique, une aire de jeux d\u2019environ 400\u00a0m\u00e8tres carr\u00e9s, un jardin partag\u00e9 et une all\u00e9e des chiens. 17 bancs, 3 tables de pique-nique et une borne-fontaine sont install\u00e9s.<\/p>\n<p class=\" wall-content\">\u00ab\u2009Des all\u00e9es pi\u00e9tonnes permettront de <strong>traverser le jardin<\/strong> de la sente des Mousses \u00e0 la rue Bourbon\u2009\u00bb, d\u00e9taille la municipalit\u00e9. L\u2019am\u00e9nagement de cette premi\u00e8re partie s\u2019est chiffr\u00e9 \u00e0\u00a0400\u2009000\u00a0euros de travaux.<\/p>\n<p>\u00ab\u2009Bordeaux grandeur nature\u2009\u00bb<\/p>\n<p class=\" wall-content\">Pierre Hurmic et Didier Jeanjean ont profit\u00e9 des travaux du jardin pour faire le bilan des premi\u00e8res \u00e9tapes et lancer la sixi\u00e8me phase de <strong>Bordeaux grandeur nature.<\/strong> Pour rappel, le programme de <strong>reconqu\u00eate v\u00e9g\u00e9tale<\/strong> a \u00e9t\u00e9 initi\u00e9 pour faire face \u00e0 \u00ab\u2009l\u2019urgence climatique\u2009\u00bb d\u00e9cr\u00e9t\u00e9e par la maire de Bordeaux en 2020.<\/p>\n<p class=\" wall-content\">Depuis son accession au Palais Rohan, l\u2019\u00e9quipe municipale a trait\u00e9 pr\u00e8s de 80 \u00eelots de chaleur, ouvert 13 parcs et jardins et cr\u00e9\u00e9s 25 hectares de nature \u00e0 travers la ville. Au terme de cette nouvelle saison, <strong>70\u2009000 arbres<\/strong> auront \u00e9t\u00e9 plant\u00e9s \u00e0 Bordeaux.<\/p>\n<p>    <img   decoding=\"async\" loading=\"lazy\" src=\"https:\/\/www.europesays.com\/fr\/wp-content\/uploads\/2025\/12\/travaux-jardin-faiencerie-bordeaux-960x640.jpg\" alt=\"Apr\u00e8s les travaux de d\u00e9pollution, de nombreuses plantations ont lieu dans le futur jardin de la fa\u00efencerie \u00e0 Bordeaux.\" width=\"960\" height=\"640\"\/><br \/>\n    Apr\u00e8s les travaux de d\u00e9pollution, de nombreuses plantations ont lieu dans le futur jardin de la Fa\u00efencerie \u00e0 Bordeaux. (\u00a9actu Bordeaux \/ Juliette Cardinale)<\/p>\n<p class=\" wall-content\">La municipalit\u00e9 a r\u00e9nov\u00e9 de \u00ab\u2009nombreux petits jardins <strong>en mauvais \u00e9tat\u2009\u00bb,<\/strong> a pr\u00e9cis\u00e9 Didier Jeanjean, adjoint au maire charg\u00e9 de la nature en ville et des quartiers apais\u00e9s. Elle a aussi \u00ab\u2009cr\u00e9\u00e9 le <a href=\"https:\/\/actu.fr\/nouvelle-aquitaine\/bordeaux_33063\/la-mairie-offre-desormais-des-jardinieres-aux-habitants-de-bordeaux-pour-verdir-les-rues_47360528.html\" target=\"_blank\" rel=\"noopener\">permis de v\u00e9g\u00e9taliser<\/a> et verdi 53 sites\u2009\u00bb par opportunisme \u00ab\u2009depuis trois ans\u2009\u00bb. C\u2019est \u00e0 dire qu\u2019ils ont profit\u00e9 de travaux pour v\u00e9g\u00e9taliser des espaces et des voiries. De plus, 22 citoyens sont devenus des \u00ab\u2009passeurs d\u2019arbre\u2009\u00bb. Form\u00e9s par la collectivit\u00e9, ils deviennent des conseillers de proximit\u00e9 dans leurs quartiers<\/p>\n<p class=\" wall-content\">Un <strong>sch\u00e9ma directeur des parcs et jardins<\/strong> a \u00e9t\u00e9 cr\u00e9\u00e9 apr\u00e8s avoir r\u00e9alis\u00e9 un audit de l\u2019ensemble de la ville pour cr\u00e9er une logique entre tous les espaces verts. Environ 50 sites seront trait\u00e9s dans les 5 prochaines ann\u00e9es, \u00e0 hauteur d\u2019environ 5\u00a0millions d\u2019euros par an.<\/p>\n<p class=\" wall-content\">Personnalisez votre actualit\u00e9 en ajoutant vos villes et m\u00e9dias en favori avec <a href=\"https:\/\/moncompte.actu.fr\" title=\"D\u00e9couvez Mon Actu\" rel=\"nofollow noopener\" data-trk=\"{&quot;cta&quot;:{&quot;action&quot;:&quot;https:\\\/\\\/moncompte.actu.fr&quot;,&quot;category&quot;:&quot;mon compte&quot;,&quot;from&quot;:&quot;article footer&quot;,&quot;name&quot;:&quot;Mon actu&quot;,&quot;type&quot;:&quot;cta&quot;}}\" target=\"_blank\">Mon Actu<\/a>.<\/p>\n","protected":false},"excerpt":{"rendered":"Par Juliette Cardinale Publi\u00e9 le 5 d\u00e9c. 2025 \u00e0 18h32 C\u2019est un secteur qui va bien \u00eatre content&hellip;\n","protected":false},"author":2,"featured_media":580345,"comment_status":"","ping_status":"","sticky":false,"template":"","format":"standard","meta":{"footnotes":""},"categories":[2817],"tags":[1111,11,1997,51,436,1777,674,1011,27,12,2219,25,104],"class_list":{"0":"post-580344","1":"post","2":"type-post","3":"status-publish","4":"format-standard","5":"has-post-thumbnail","7":"category-bordeaux","8":"tag-actu","9":"tag-actualites","10":"tag-bordeaux","11":"tag-ecologie","12":"tag-environnement","13":"tag-eu","14":"tag-europe","15":"tag-fr","16":"tag-france","17":"tag-news","18":"tag-nouvelle-aquitaine","19":"tag-republique-francaise","20":"tag-societe"},"share_on_mastodon":{"url":"https:\/\/pubeurope.com\/@fr\/115668192023450210","error":""},"_links":{"self":[{"href":"https:\/\/www.europesays.com\/fr\/wp-json\/wp\/v2\/posts\/580344","targetHints":{"allow":["GET"]}}],"collection":[{"href":"https:\/\/www.europesays.com\/fr\/wp-json\/wp\/v2\/posts"}],"about":[{"href":"https:\/\/www.europesays.com\/fr\/wp-json\/wp\/v2\/types\/post"}],"author":[{"embeddable":true,"href":"https:\/\/www.europesays.com\/fr\/wp-json\/wp\/v2\/users\/2"}],"replies":[{"embeddable":true,"href":"https:\/\/www.europesays.com\/fr\/wp-json\/wp\/v2\/comments?post=580344"}],"version-history":[{"count":0,"href":"https:\/\/www.europesays.com\/fr\/wp-json\/wp\/v2\/posts\/580344\/revisions"}],"wp:featuredmedia":[{"embeddable":true,"href":"https:\/\/www.europesays.com\/fr\/wp-json\/wp\/v2\/media\/580345"}],"wp:attachment":[{"href":"https:\/\/www.europesays.com\/fr\/wp-json\/wp\/v2\/media?parent=580344"}],"wp:term":[{"taxonomy":"category","embeddable":true,"href":"https:\/\/www.europesays.com\/fr\/wp-json\/wp\/v2\/categories?post=580344"},{"taxonomy":"post_tag","embeddable":true,"href":"https:\/\/www.europesays.com\/fr\/wp-json\/wp\/v2\/tags?post=580344"}],"curies":[{"name":"wp","href":"https:\/\/api.w.org\/{rel}","templated":true}]}}