{"id":580346,"date":"2025-12-05T17:41:23","date_gmt":"2025-12-05T17:41:23","guid":{"rendered":"https:\/\/www.europesays.com\/fr\/580346\/"},"modified":"2025-12-05T17:41:23","modified_gmt":"2025-12-05T17:41:23","slug":"on-connait-enfin-lenseigne-qui-va-remplacer-le-bar-les-americains-institution-fermee-depuis-dix-mois-a-toulouse","status":"publish","type":"post","link":"https:\/\/www.europesays.com\/fr\/580346\/","title":{"rendered":"On conna\u00eet enfin l\u2019enseigne qui va remplacer le bar Les Am\u00e9ricains, institution ferm\u00e9e depuis dix mois \u00e0 Toulouse"},"content":{"rendered":"<p>\n                                                                    l&rsquo;essentiel<br \/>\n                                                                L\u2019\u00e9picerie asiatique Fujia Market s\u2019installera lundi \u00e0 la place du bar Les Am\u00e9ricains, \u00e0 Toulouse. Pr\u00e9vue pour une dur\u00e9e d\u2019un an, elle proposera \u00e9galement un espace de restauration.\n                            <\/p>\n<p>Ferm\u00e9 depuis plusieurs mois, le bar Les Am\u00e9ricains sera remplac\u00e9 par une nouvelle enseigne \u00e0 partir du lundi 8\u00a0d\u00e9cembre \u00e0 Toulouse. Cette institution, cr\u00e9\u00e9e \u00e0 la fin du XIXe\u00a0si\u00e8cle, va laisser la place \u00e0\u2026 une nouvelle \u00e9picerie asiatique. Dot\u00e9e du joli nom de Fujia Market, elle accueillera aussi un espace de restauration.<\/p>\n<p class=\"std-elt__inline\">\n        <strong>\u00c0 lire aussi :<\/strong><br \/>\n        <a href=\"https:\/\/www.ladepeche.fr\/2025\/12\/02\/linstitution-toto-tissus-renait-a-toulouse-avec-une-nouvelle-equipe-cela-nous-tenait-a-coeur-de-reprendre-cette-boutique-13086048.php\" target=\"_blank\" rel=\"noopener\">INFO LA D\u00c9P\u00caCHE. L\u2019institution Toto Tissus rena\u00eet \u00e0 Toulouse avec une nouvelle \u00e9quipe\u00a0: \u00ab\u00a0Cela nous tenait \u00e0 c\u0153ur de reprendre cette boutique\u00a0\u00bb<\/a>\n    <\/p>\n<p>\u00ab\u00a0Les travaux ont pris un peu de retard mais on va travailler ce week-end et d\u00e8s lundi on sera op\u00e9rationnel\u00a0\u00bb, explique Huimei Xu, responsable avec son mari de cette enseigne. Je n\u2019ai pas une minute \u00e0 moi. Nous avons aussi un chantier, rue Fontvieille, \u00e0 l\u2019emplacement du restaurant Saveurs Bios qui ouvre le 20\u00a0d\u00e9cembre avec Matsuya, une table japonaise. Cela fait beaucoup de travail et d\u2019\u00e9nergie\u00a0\u00bb.<\/p>\n<p>        <img decoding=\"async\" class=\"std-img__img responsive-img\" src=\"https:\/\/www.europesays.com\/fr\/wp-content\/uploads\/2025\/12\/1764956483_733_image.jpg\" alt=\"Le caf\u00e9 Les Am\u00e9ricains avait \u00e9t\u00e9 plac\u00e9 en liquidation judiciaire le 3\u00a0f\u00e9vrier 2025.\"\/><\/p>\n<p>                Le caf\u00e9 Les Am\u00e9ricains avait \u00e9t\u00e9 plac\u00e9 en liquidation judiciaire le 3\u00a0f\u00e9vrier 2025.<br \/>\n                                    DDM &#8211; Nathan Barange<\/p>\n<p>En attendant, elle surveille rigoureusement l\u2019avanc\u00e9e des travaux. Si pour le moment, tout est encore p\u00eale-m\u00eale, on devine ais\u00e9ment que l\u2019ensemble sera attractif\u00a0: \u00ab\u00a0Nous avons d\u00e9j\u00e0 deux enseignes similaires place Saint-Sernin et dans le quartier Saint-Cyprien et toutes deux marchent tr\u00e8s bien. Les clients sont heureux de d\u00e9couvrir les produits asiatiques\u00a0\u00bb.<\/p>\n<p class=\"std-elt__inline\">\n        <strong>\u00c0 lire aussi :<\/strong><br \/>\n        <a href=\"https:\/\/www.ladepeche.fr\/2025\/10\/04\/la-nouvelle-boutique-ethique-terre-tissee-propose-des-vetements-sans-couture-ni-teinture-a-toulouse-12964580.php\" target=\"_blank\" rel=\"noopener\">La nouvelle boutique \u00e9thique Terre Tiss\u00e9e propose des v\u00eatements sans couture ni teinture \u00e0 Toulouse<\/a>\n    <\/p>\n<p>Cette \u00e9picerie ne devrait rester que douze mois environ\u00a0: \u00ab\u00a0Le bailleur le d\u00e9sire ainsi mais il peut aussi prolonger. On ne sait pas. \u00c0 l\u2019avenir, il veut installer un autre commerce mais pas un restaurant, assure Huimei. La superficie de 5\u00a0000\u00a0m2 peut laisser imaginer beaucoup d\u2019id\u00e9es d\u2019ouverture\u00a0\u00bb.<\/p>\n<p>Il y a du changement dans ce carrefour tr\u00e8s fr\u00e9quent\u00e9, \u00e0 l\u2019angle des all\u00e9es Fran\u00e7ois-Mitterrand et du boulevard Carnot. La Fnac s\u2019appr\u00eate en effet \u00e0 quitter le b\u00e2timent qu\u2019elle occupe depuis 1993, pour investir le futur immeuble des Vari\u00e9t\u00e9s, \u00e0 la place de l\u2019ancien UGC.<\/p>\n","protected":false},"excerpt":{"rendered":"l&rsquo;essentiel L\u2019\u00e9picerie asiatique Fujia Market s\u2019installera lundi \u00e0 la place du bar Les Am\u00e9ricains, \u00e0 Toulouse. Pr\u00e9vue pour&hellip;\n","protected":false},"author":2,"featured_media":580347,"comment_status":"","ping_status":"","sticky":false,"template":"","format":"standard","meta":{"footnotes":""},"categories":[2816],"tags":[1111,11,7227,33,1777,674,1011,27,2722,12,2680,25,2312],"class_list":{"0":"post-580346","1":"post","2":"type-post","3":"status-publish","4":"format-standard","5":"has-post-thumbnail","7":"category-toulouse","8":"tag-actu","9":"tag-actualites","10":"tag-commerces","11":"tag-economie","12":"tag-eu","13":"tag-europe","14":"tag-fr","15":"tag-france","16":"tag-haute-garonne","17":"tag-news","18":"tag-occitanie","19":"tag-republique-francaise","20":"tag-toulouse"},"share_on_mastodon":{"url":"https:\/\/pubeurope.com\/@fr\/115668195455483875","error":""},"_links":{"self":[{"href":"https:\/\/www.europesays.com\/fr\/wp-json\/wp\/v2\/posts\/580346","targetHints":{"allow":["GET"]}}],"collection":[{"href":"https:\/\/www.europesays.com\/fr\/wp-json\/wp\/v2\/posts"}],"about":[{"href":"https:\/\/www.europesays.com\/fr\/wp-json\/wp\/v2\/types\/post"}],"author":[{"embeddable":true,"href":"https:\/\/www.europesays.com\/fr\/wp-json\/wp\/v2\/users\/2"}],"replies":[{"embeddable":true,"href":"https:\/\/www.europesays.com\/fr\/wp-json\/wp\/v2\/comments?post=580346"}],"version-history":[{"count":0,"href":"https:\/\/www.europesays.com\/fr\/wp-json\/wp\/v2\/posts\/580346\/revisions"}],"wp:featuredmedia":[{"embeddable":true,"href":"https:\/\/www.europesays.com\/fr\/wp-json\/wp\/v2\/media\/580347"}],"wp:attachment":[{"href":"https:\/\/www.europesays.com\/fr\/wp-json\/wp\/v2\/media?parent=580346"}],"wp:term":[{"taxonomy":"category","embeddable":true,"href":"https:\/\/www.europesays.com\/fr\/wp-json\/wp\/v2\/categories?post=580346"},{"taxonomy":"post_tag","embeddable":true,"href":"https:\/\/www.europesays.com\/fr\/wp-json\/wp\/v2\/tags?post=580346"}],"curies":[{"name":"wp","href":"https:\/\/api.w.org\/{rel}","templated":true}]}}