{"id":580348,"date":"2025-12-05T17:42:15","date_gmt":"2025-12-05T17:42:15","guid":{"rendered":"https:\/\/www.europesays.com\/fr\/580348\/"},"modified":"2025-12-05T17:42:15","modified_gmt":"2025-12-05T17:42:15","slug":"incendie-au-bar-basque-a-toulouse-pourquoi-les-feux-de-friteuse-peuvent-etre-devastateurs","status":"publish","type":"post","link":"https:\/\/www.europesays.com\/fr\/580348\/","title":{"rendered":"Incendie au Bar Basque \u00e0 Toulouse\u00a0: pourquoi les feux de friteuse peuvent \u00eatre d\u00e9vastateurs"},"content":{"rendered":"<p>\n                                                                    l&rsquo;essentiel<br \/>\n                                                                Une friteuse serait en cause dans\u00a0l\u2019incendie du Bar Basque, rappelant des sinistres similaires r\u00e9cents \u00e0 Toulouse. Le mauvais entretien de ces \u00e9quipements cr\u00e9e un risque \u00e9lev\u00e9.\n                            <\/p>\n<p>L\u2019incendie spectaculaire du <a href=\"https:\/\/www.instagram.com\/le_bar_basque\/?hl=fr\" target=\"_self\" rel=\"noopener\">Bar Basque<\/a> ce jeudi soir a choqu\u00e9 bon nombre de Toulousains. Mais il soul\u00e8ve aussi une question. D\u2019autant que d\u2019autres accidents similaires, survenus ces derniers mois dans la Ville rose, auraient la m\u00eame cause.<\/p>\n<p>Si l\u2019enqu\u00eate doit encore le confirmer, \u00ab\u00a0selon les premiers \u00e9l\u00e9ments, un feu de friteuse a d\u00e9clench\u00e9 le sinistre\u00a0\u00bb, pr\u00e9cisait, sur place, le lieutenant Pierre Cuvereaux des sapeurs-pompiers. En septembre, dans les cuisines du restaurant Le Bistroquet, rue Labeda, un m\u00eame appareil prenait feu. Tout comme au bar-bistrot Les Tilleuls, avenue du Cimeti\u00e8re, en juillet\u00a02024.<\/p>\n<p>\u00c0 chaque fois, les pompiers sont rapidement intervenus et aucune personne n\u2019a \u00e9t\u00e9 bless\u00e9e. Apr\u00e8s une br\u00e8ve fermeture, les \u00e9tablissements ont pu rouvrir. Mais alors, pourquoi cette r\u00e9currence\u00a0? \u00ab\u00a0Les feux de cuisine sont des points faibles\u00a0: qui dit point chaud, dit point de risque\u00a0\u00bb, indique le lieutenant-colonel Christophe Ghiani.<\/p>\n<p>Ne surtout pas mettre d\u2019eau sur l\u2019huile<\/p>\n<p>\u00ab\u00a0Sur une grosse friteuse industrielle, qui fonctionne \u00e0 plein temps, de la graisse se d\u00e9pose sur les conduits d\u2019\u00e9vacuation et sur les filtres. Si elle n\u2019est pas assez nettoy\u00e9e, \u00e7a s\u2019accumule, l\u2019huile surchauff\u00e9e finit par s\u2019enflammer et se diffuser rapidement, comme un hydrocarbure. Il ne faut surtout pas minimiser l\u2019entretien de ces \u00e9quipements, et y proc\u00e9der obligatoirement de mani\u00e8re hebdomadaire\u00a0\u00bb, pr\u00e9vient Christophe Ghiani.<\/p>\n<p>\u00ab\u00a0C\u2019est vraisemblablement ce qui s\u2019est pass\u00e9 au Bar Basque\u00a0: de l\u2019huile enflamm\u00e9e a mis le feu aux conduits, et \u00e7a s\u2019est propag\u00e9 dans les fondations\u00a0\u00bb, ajoute-t-il. Pour comprendre, il \u00e9tablit un corollaire avec les hottes, que l\u2019on retrouve chez les particuliers. \u00ab\u00a0C\u2019est la m\u00eame logique\u00a0: sur ces appareils, quand un filtre a fait son travail de capter le gras, il en est gorg\u00e9. S\u2019il est mal nettoy\u00e9 et qu\u2019au moment de faire la cuisine, une po\u00eale s\u2019embrase, \u00e7a peut mettre le feu au filtre, puis aux conduits.\u00a0\u00bb<\/p>\n<p>Il rappelle \u00e9galement que si de la graisse s\u2019enflamme, il ne faut surtout pas mettre de l\u2019eau dessus. \u00ab\u00a0L\u2019eau va se vaporiser et emmener l\u2019huile, cr\u00e9ant un nuage, se transformant en feu\u00a0\u00bb, avertit le lieutenant-colonel. Il est pr\u00e9f\u00e9rable de d\u00e9poser une serpilli\u00e8re mouill\u00e9e sur la surface, couper le gaz ou l\u2019\u00e9lectricit\u00e9, et appeler les pompiers.<\/p>\n<p>                                                                                                                                                                                                        <script async src=\"\/\/www.instagram.com\/embed.js\"><\/script><\/p>\n","protected":false},"excerpt":{"rendered":"l&rsquo;essentiel Une friteuse serait en cause dans\u00a0l\u2019incendie du Bar Basque, rappelant des sinistres similaires r\u00e9cents \u00e0 Toulouse. Le&hellip;\n","protected":false},"author":2,"featured_media":580349,"comment_status":"","ping_status":"","sticky":false,"template":"","format":"standard","meta":{"footnotes":""},"categories":[2816],"tags":[1111,11,1777,674,118,1011,27,2722,5383,12,2680,25,2312],"class_list":{"0":"post-580348","1":"post","2":"type-post","3":"status-publish","4":"format-standard","5":"has-post-thumbnail","7":"category-toulouse","8":"tag-actu","9":"tag-actualites","10":"tag-eu","11":"tag-europe","12":"tag-faits-divers","13":"tag-fr","14":"tag-france","15":"tag-haute-garonne","16":"tag-incendies","17":"tag-news","18":"tag-occitanie","19":"tag-republique-francaise","20":"tag-toulouse"},"share_on_mastodon":{"url":"https:\/\/pubeurope.com\/@fr\/115668198707214247","error":""},"_links":{"self":[{"href":"https:\/\/www.europesays.com\/fr\/wp-json\/wp\/v2\/posts\/580348","targetHints":{"allow":["GET"]}}],"collection":[{"href":"https:\/\/www.europesays.com\/fr\/wp-json\/wp\/v2\/posts"}],"about":[{"href":"https:\/\/www.europesays.com\/fr\/wp-json\/wp\/v2\/types\/post"}],"author":[{"embeddable":true,"href":"https:\/\/www.europesays.com\/fr\/wp-json\/wp\/v2\/users\/2"}],"replies":[{"embeddable":true,"href":"https:\/\/www.europesays.com\/fr\/wp-json\/wp\/v2\/comments?post=580348"}],"version-history":[{"count":0,"href":"https:\/\/www.europesays.com\/fr\/wp-json\/wp\/v2\/posts\/580348\/revisions"}],"wp:featuredmedia":[{"embeddable":true,"href":"https:\/\/www.europesays.com\/fr\/wp-json\/wp\/v2\/media\/580349"}],"wp:attachment":[{"href":"https:\/\/www.europesays.com\/fr\/wp-json\/wp\/v2\/media?parent=580348"}],"wp:term":[{"taxonomy":"category","embeddable":true,"href":"https:\/\/www.europesays.com\/fr\/wp-json\/wp\/v2\/categories?post=580348"},{"taxonomy":"post_tag","embeddable":true,"href":"https:\/\/www.europesays.com\/fr\/wp-json\/wp\/v2\/tags?post=580348"}],"curies":[{"name":"wp","href":"https:\/\/api.w.org\/{rel}","templated":true}]}}